{"id":975,"date":"2024-10-15T21:44:46","date_gmt":"2024-10-15T19:44:46","guid":{"rendered":"https:\/\/book.panomadphotographie.net\/?p=975"},"modified":"2025-07-01T10:18:02","modified_gmt":"2025-07-01T08:18:02","slug":"musee-maritime-thera-oia","status":"publish","type":"post","link":"https:\/\/panomadphotographie.net\/blog\/musee-maritime-thera-oia\/","title":{"rendered":"Mus\u00e9e Maritime de Thera \u00e0 Oia &#8211; D\u00e9couvrez l\u2019Histoire Navale Fascinante de Santorin"},"content":{"rendered":"\n<figure class=\"wp-block-gallery has-nested-images columns-default is-cropped wp-block-gallery-1 is-layout-flex wp-block-gallery-is-layout-flex\">\n<figure class=\"wp-block-image size-large\"><img decoding=\"async\" width=\"1024\" height=\"683\" data-id=\"978\" src=\"https:\/\/book.panomadphotographie.net\/wp-content\/uploads\/2024\/10\/01102024-Bureau-depoquetif-1-1024x683.jpg\" alt=\"\" class=\"wp-image-978\" srcset=\"https:\/\/panomadphotographie.net\/blog\/wp-content\/uploads\/2024\/10\/01102024-Bureau-depoquetif-1-1024x683.jpg 1024w, https:\/\/panomadphotographie.net\/blog\/wp-content\/uploads\/2024\/10\/01102024-Bureau-depoquetif-1-300x200.jpg 300w, https:\/\/panomadphotographie.net\/blog\/wp-content\/uploads\/2024\/10\/01102024-Bureau-depoquetif-1-768x512.jpg 768w, https:\/\/panomadphotographie.net\/blog\/wp-content\/uploads\/2024\/10\/01102024-Bureau-depoquetif-1-1536x1024.jpg 1536w, https:\/\/panomadphotographie.net\/blog\/wp-content\/uploads\/2024\/10\/01102024-Bureau-depoquetif-1-973x649.jpg 973w, https:\/\/panomadphotographie.net\/blog\/wp-content\/uploads\/2024\/10\/01102024-Bureau-depoquetif-1-508x339.jpg 508w, https:\/\/panomadphotographie.net\/blog\/wp-content\/uploads\/2024\/10\/01102024-Bureau-depoquetif-1.jpg 1620w\" sizes=\"(max-width: 1024px) 100vw, 1024px\" \/><\/figure>\n<\/figure>\n\n\n\n<h2 class=\"wp-block-heading\"><strong>Le Mus\u00e9e Maritime de Thera : une histoire de mer et d\u2019hommes \u00e0 Santorin<\/strong><\/h2>\n\n\n\n<p>Dans les ruelles d\u2019Oia, bien \u00e0 l\u2019abri du tumulte touristique, se cache un lieu m\u00e9connu mais pr\u00e9cieux. Une ancienne demeure de capitaine aux murs blanchis par le soleil abrite le <strong>Mus\u00e9e Maritime de Thera<\/strong>. Pousser sa porte, c\u2019est entrer dans un autre temps, celui o\u00f9 Santorin vivait au rythme des vents et des mar\u00e9es.<\/p>\n\n\n\n<h2 class=\"wp-block-heading\">La mer, moteur de l\u2019histoire de Santorin<\/h2>\n\n\n\n<p>Ici, la mer n\u2019est pas un simple d\u00e9cor de carte postale. Pendant des si\u00e8cles, Santorin a vu passer des bateaux venus de toute la M\u00e9diterran\u00e9e, leurs cales pleines de marchandises. Chaque escale \u00e9tait une histoire de n\u00e9goce, d\u2019attente et d\u2019hommes affrontant les caprices de la mer.Ce pass\u00e9 oubli\u00e9 ressurgit entre ces murs.<\/p>\n\n\n\n<p>De plus, le mus\u00e9e raconte l\u2019\u00e9volution de l\u2019\u00eele, pass\u00e9e d\u2019un centre de commerce maritime \u00e0 une destination touristique pris\u00e9e. Cette transformation rend ce lieu d\u2019autant plus fascinant \u00e0 d\u00e9couvrir.<\/p>\n\n\n\n<h2 class=\"wp-block-heading\">Un projet n\u00e9 d\u2019une passion pour la m\u00e9moire maritime<\/h2>\n\n\n\n<p>On doit cette collection \u00e0 un homme, le capitaine Antonis Dakoronias. Dans les ann\u00e9es 1950, il commence \u00e0 rassembler ce qu\u2019il peut sauver d\u2019un monde qui s\u2019efface. Des instruments de navigation, des maquettes de bateaux, des documents jaunis par le temps\u2026 Chaque objet raconte un fragment de vie, une travers\u00e9e, une escale lointaine.<\/p>\n\n\n\n<h2 class=\"wp-block-heading\">Un voyage au c\u0153ur de la vie des marins<\/h2>\n\n\n\n<p>La visite se fait sans artifice. Les vitrines sont sobres, presque discr\u00e8tes. Et c\u2019est sans doute ce qui rend l\u2019exp\u00e9rience si forte. On se surprend \u00e0 s\u2019arr\u00eater devant une carte marine aux contours \u00e0 peine lisibles, \u00e0 imaginer ces marins d\u2019autrefois, ces capitaines qui passaient des mois en mer, guettant les c\u00f4tes de Santorin comme un refuge.<\/p>\n\n\n\n<p>En savoir plus sur l\u2019histoire de Santorin sur le <a href=\"https:\/\/www.santorini.gr\">site officiel de Santorini<\/a>.<\/p>\n\n\n\n<p>Plus qu\u2019un mus\u00e9e, c\u2019est un hommage \u00e0 cette \u00eele qui doit tant \u00e0 la mer. Avant le tourisme, avant les d\u00f4mes bleus et les couchers de soleil, il y avait ces hommes qui faisaient la richesse de l\u2019\u00eele en naviguant de port en port.<\/p>\n\n\n\n<p>Visiter ce mus\u00e9e, c\u2019est redonner \u00e0 Santorin une partie de son \u00e2me. Celle d\u2019une \u00eele courageuse, qui a toujours su tirer sa force de l\u2019horizon.<\/p>\n\n\n\n<p>Pour d\u00e9couvrir davantage, retrouvez le mus\u00e9e sur <a href=\"https:\/\/www.instagram.com\/santorini_maritime_museum\/\">Instagram &#8211; Santorini Maritime Museum<\/a>.<\/p>\n\n\n\n<p><\/p>\n","protected":false},"excerpt":{"rendered":"<p>Le Mus\u00e9e Maritime de Thera : une histoire de mer et d\u2019hommes \u00e0 Santorin Dans les ruelles d\u2019Oia, bien \u00e0 l\u2019abri du tumulte touristique, se cache un lieu&#8230;<\/p>\n","protected":false},"author":1,"featured_media":1580,"comment_status":"closed","ping_status":"closed","sticky":false,"template":"","format":"standard","meta":{"footnotes":""},"categories":[4],"tags":[],"class_list":["post-975","post","type-post","status-publish","format-standard","has-post-thumbnail","hentry","category-photographe-voyage"],"yoast_head":"<!-- This site is optimized with the Yoast SEO plugin v27.2 - https:\/\/yoast.com\/product\/yoast-seo-wordpress\/ -->\n<title>Mus\u00e9e Maritime de Thera \u00e0 Oia : L\u2019Histoire Navale de Santorin<\/title>\n<meta name=\"description\" content=\"Plongez dans l\u2019histoire maritime de Santorin au Mus\u00e9e Maritime de Thera \u00e0 Oia. D\u00e9couvrez la vie des marins et l\u2019\u00e2me navale de l\u2019\u00eele.\" \/>\n<meta name=\"robots\" content=\"index, follow, max-snippet:-1, max-image-preview:large, max-video-preview:-1\" \/>\n<link rel=\"canonical\" href=\"https:\/\/panomadphotographie.net\/blog\/musee-maritime-thera-oia\/\" \/>\n<meta property=\"og:locale\" content=\"fr_FR\" \/>\n<meta property=\"og:type\" content=\"article\" \/>\n<meta property=\"og:title\" content=\"Mus\u00e9e Maritime de Thera \u00e0 Oia : L\u2019Histoire Navale de Santorin\" \/>\n<meta property=\"og:description\" content=\"Plongez dans l\u2019histoire maritime de Santorin au Mus\u00e9e Maritime de Thera \u00e0 Oia. D\u00e9couvrez la vie des marins et l\u2019\u00e2me navale de l\u2019\u00eele.\" \/>\n<meta property=\"og:url\" content=\"https:\/\/panomadphotographie.net\/blog\/musee-maritime-thera-oia\/\" \/>\n<meta property=\"og:site_name\" content=\"PANOMAD\" \/>\n<meta property=\"article:publisher\" content=\"https:\/\/www.facebook.com\/panomadphotographie\/\" \/>\n<meta property=\"article:published_time\" content=\"2024-10-15T19:44:46+00:00\" \/>\n<meta property=\"article:modified_time\" content=\"2025-07-01T08:18:02+00:00\" \/>\n<meta property=\"og:image\" content=\"https:\/\/panomadphotographie.net\/blog\/wp-content\/uploads\/01102024-Le-telegraphe-de-navigation.webp\" \/>\n\t<meta property=\"og:image:width\" content=\"1620\" \/>\n\t<meta property=\"og:image:height\" content=\"1080\" \/>\n\t<meta property=\"og:image:type\" content=\"image\/webp\" \/>\n<meta name=\"author\" content=\"pfs.panomad@gmail.com\" \/>\n<meta name=\"twitter:card\" content=\"summary_large_image\" \/>\n<meta name=\"twitter:label1\" content=\"\u00c9crit par\" \/>\n\t<meta name=\"twitter:data1\" content=\"pfs.panomad@gmail.com\" \/>\n\t<meta name=\"twitter:label2\" content=\"Dur\u00e9e de lecture estim\u00e9e\" \/>\n\t<meta name=\"twitter:data2\" content=\"3 minutes\" \/>\n<script type=\"application\/ld+json\" class=\"yoast-schema-graph\">{\"@context\":\"https:\/\/schema.org\",\"@graph\":[{\"@type\":\"Article\",\"@id\":\"https:\/\/panomadphotographie.net\/blog\/musee-maritime-thera-oia\/#article\",\"isPartOf\":{\"@id\":\"https:\/\/panomadphotographie.net\/blog\/musee-maritime-thera-oia\/\"},\"author\":{\"name\":\"pfs.panomad@gmail.com\",\"@id\":\"https:\/\/panomadphotographie.net\/blog\/#\/schema\/person\/c09ce91d646762071cbe2c4011e3fbfa\"},\"headline\":\"Mus\u00e9e Maritime de Thera \u00e0 Oia &#8211; D\u00e9couvrez l\u2019Histoire Navale Fascinante de Santorin\",\"datePublished\":\"2024-10-15T19:44:46+00:00\",\"dateModified\":\"2025-07-01T08:18:02+00:00\",\"mainEntityOfPage\":{\"@id\":\"https:\/\/panomadphotographie.net\/blog\/musee-maritime-thera-oia\/\"},\"wordCount\":434,\"publisher\":{\"@id\":\"https:\/\/panomadphotographie.net\/blog\/#organization\"},\"image\":{\"@id\":\"https:\/\/panomadphotographie.net\/blog\/musee-maritime-thera-oia\/#primaryimage\"},\"thumbnailUrl\":\"https:\/\/panomadphotographie.net\/blog\/wp-content\/uploads\/01102024-Le-telegraphe-de-navigation.webp\",\"articleSection\":[\"Voyage &amp; d\u00e9couverte\"],\"inLanguage\":\"fr-FR\"},{\"@type\":\"WebPage\",\"@id\":\"https:\/\/panomadphotographie.net\/blog\/musee-maritime-thera-oia\/\",\"url\":\"https:\/\/panomadphotographie.net\/blog\/musee-maritime-thera-oia\/\",\"name\":\"Mus\u00e9e Maritime de Thera \u00e0 Oia : L\u2019Histoire Navale de Santorin\",\"isPartOf\":{\"@id\":\"https:\/\/panomadphotographie.net\/blog\/#website\"},\"primaryImageOfPage\":{\"@id\":\"https:\/\/panomadphotographie.net\/blog\/musee-maritime-thera-oia\/#primaryimage\"},\"image\":{\"@id\":\"https:\/\/panomadphotographie.net\/blog\/musee-maritime-thera-oia\/#primaryimage\"},\"thumbnailUrl\":\"https:\/\/panomadphotographie.net\/blog\/wp-content\/uploads\/01102024-Le-telegraphe-de-navigation.webp\",\"datePublished\":\"2024-10-15T19:44:46+00:00\",\"dateModified\":\"2025-07-01T08:18:02+00:00\",\"description\":\"Plongez dans l\u2019histoire maritime de Santorin au Mus\u00e9e Maritime de Thera \u00e0 Oia. D\u00e9couvrez la vie des marins et l\u2019\u00e2me navale de l\u2019\u00eele.\",\"breadcrumb\":{\"@id\":\"https:\/\/panomadphotographie.net\/blog\/musee-maritime-thera-oia\/#breadcrumb\"},\"inLanguage\":\"fr-FR\",\"potentialAction\":[{\"@type\":\"ReadAction\",\"target\":[\"https:\/\/panomadphotographie.net\/blog\/musee-maritime-thera-oia\/\"]}]},{\"@type\":\"ImageObject\",\"inLanguage\":\"fr-FR\",\"@id\":\"https:\/\/panomadphotographie.net\/blog\/musee-maritime-thera-oia\/#primaryimage\",\"url\":\"https:\/\/panomadphotographie.net\/blog\/wp-content\/uploads\/01102024-Le-telegraphe-de-navigation.webp\",\"contentUrl\":\"https:\/\/panomadphotographie.net\/blog\/wp-content\/uploads\/01102024-Le-telegraphe-de-navigation.webp\",\"width\":1620,\"height\":1080},{\"@type\":\"BreadcrumbList\",\"@id\":\"https:\/\/panomadphotographie.net\/blog\/musee-maritime-thera-oia\/#breadcrumb\",\"itemListElement\":[{\"@type\":\"ListItem\",\"position\":1,\"name\":\"Accueil\",\"item\":\"https:\/\/panomadphotographie.net\/blog\/\"},{\"@type\":\"ListItem\",\"position\":2,\"name\":\"Mus\u00e9e Maritime de Thera \u00e0 Oia\"}]},{\"@type\":\"WebSite\",\"@id\":\"https:\/\/panomadphotographie.net\/blog\/#website\",\"url\":\"https:\/\/panomadphotographie.net\/blog\/\",\"name\":\"panomadphotogrpahie\",\"description\":\"Phtographie\",\"publisher\":{\"@id\":\"https:\/\/panomadphotographie.net\/blog\/#organization\"},\"potentialAction\":[{\"@type\":\"SearchAction\",\"target\":{\"@type\":\"EntryPoint\",\"urlTemplate\":\"https:\/\/panomadphotographie.net\/blog\/?s={search_term_string}\"},\"query-input\":{\"@type\":\"PropertyValueSpecification\",\"valueRequired\":true,\"valueName\":\"search_term_string\"}}],\"inLanguage\":\"fr-FR\"},{\"@type\":\"Organization\",\"@id\":\"https:\/\/panomadphotographie.net\/blog\/#organization\",\"name\":\"panomad photographie\",\"url\":\"https:\/\/panomadphotographie.net\/blog\/\",\"logo\":{\"@type\":\"ImageObject\",\"inLanguage\":\"fr-FR\",\"@id\":\"https:\/\/panomadphotographie.net\/blog\/#\/schema\/logo\/image\/\",\"url\":\"https:\/\/panomadphotographie.net\/blog\/wp-content\/uploads\/cropped-ChatGPT-Image-9-dec.-2025-00_29_22.png\",\"contentUrl\":\"https:\/\/panomadphotographie.net\/blog\/wp-content\/uploads\/cropped-ChatGPT-Image-9-dec.-2025-00_29_22.png\",\"width\":1024,\"height\":768,\"caption\":\"panomad photographie\"},\"image\":{\"@id\":\"https:\/\/panomadphotographie.net\/blog\/#\/schema\/logo\/image\/\"},\"sameAs\":[\"https:\/\/www.facebook.com\/panomadphotographie\/\",\"https:\/\/www.linkedin.com\/in\/panomadphotographie\/\"]},{\"@type\":\"Person\",\"@id\":\"https:\/\/panomadphotographie.net\/blog\/#\/schema\/person\/c09ce91d646762071cbe2c4011e3fbfa\",\"name\":\"pfs.panomad@gmail.com\",\"image\":{\"@type\":\"ImageObject\",\"inLanguage\":\"fr-FR\",\"@id\":\"https:\/\/secure.gravatar.com\/avatar\/94cb0ece4106ebb1937fc341f90bceeb3abca5b76c465cad6e6971d0a394098e?s=96&d=mm&r=g\",\"url\":\"https:\/\/secure.gravatar.com\/avatar\/94cb0ece4106ebb1937fc341f90bceeb3abca5b76c465cad6e6971d0a394098e?s=96&d=mm&r=g\",\"contentUrl\":\"https:\/\/secure.gravatar.com\/avatar\/94cb0ece4106ebb1937fc341f90bceeb3abca5b76c465cad6e6971d0a394098e?s=96&d=mm&r=g\",\"caption\":\"pfs.panomad@gmail.com\"},\"sameAs\":[\"https:\/\/book.panomadphotographie.net\"]}]}<\/script>\n<!-- \/ Yoast SEO plugin. -->","yoast_head_json":{"title":"Mus\u00e9e Maritime de Thera \u00e0 Oia : L\u2019Histoire Navale de Santorin","description":"Plongez dans l\u2019histoire maritime de Santorin au Mus\u00e9e Maritime de Thera \u00e0 Oia. D\u00e9couvrez la vie des marins et l\u2019\u00e2me navale de l\u2019\u00eele.","robots":{"index":"index","follow":"follow","max-snippet":"max-snippet:-1","max-image-preview":"max-image-preview:large","max-video-preview":"max-video-preview:-1"},"canonical":"https:\/\/panomadphotographie.net\/blog\/musee-maritime-thera-oia\/","og_locale":"fr_FR","og_type":"article","og_title":"Mus\u00e9e Maritime de Thera \u00e0 Oia : L\u2019Histoire Navale de Santorin","og_description":"Plongez dans l\u2019histoire maritime de Santorin au Mus\u00e9e Maritime de Thera \u00e0 Oia. D\u00e9couvrez la vie des marins et l\u2019\u00e2me navale de l\u2019\u00eele.","og_url":"https:\/\/panomadphotographie.net\/blog\/musee-maritime-thera-oia\/","og_site_name":"PANOMAD","article_publisher":"https:\/\/www.facebook.com\/panomadphotographie\/","article_published_time":"2024-10-15T19:44:46+00:00","article_modified_time":"2025-07-01T08:18:02+00:00","og_image":[{"width":1620,"height":1080,"url":"https:\/\/panomadphotographie.net\/blog\/wp-content\/uploads\/01102024-Le-telegraphe-de-navigation.webp","type":"image\/webp"}],"author":"pfs.panomad@gmail.com","twitter_card":"summary_large_image","twitter_misc":{"\u00c9crit par":"pfs.panomad@gmail.com","Dur\u00e9e de lecture estim\u00e9e":"3 minutes"},"schema":{"@context":"https:\/\/schema.org","@graph":[{"@type":"Article","@id":"https:\/\/panomadphotographie.net\/blog\/musee-maritime-thera-oia\/#article","isPartOf":{"@id":"https:\/\/panomadphotographie.net\/blog\/musee-maritime-thera-oia\/"},"author":{"name":"pfs.panomad@gmail.com","@id":"https:\/\/panomadphotographie.net\/blog\/#\/schema\/person\/c09ce91d646762071cbe2c4011e3fbfa"},"headline":"Mus\u00e9e Maritime de Thera \u00e0 Oia &#8211; D\u00e9couvrez l\u2019Histoire Navale Fascinante de Santorin","datePublished":"2024-10-15T19:44:46+00:00","dateModified":"2025-07-01T08:18:02+00:00","mainEntityOfPage":{"@id":"https:\/\/panomadphotographie.net\/blog\/musee-maritime-thera-oia\/"},"wordCount":434,"publisher":{"@id":"https:\/\/panomadphotographie.net\/blog\/#organization"},"image":{"@id":"https:\/\/panomadphotographie.net\/blog\/musee-maritime-thera-oia\/#primaryimage"},"thumbnailUrl":"https:\/\/panomadphotographie.net\/blog\/wp-content\/uploads\/01102024-Le-telegraphe-de-navigation.webp","articleSection":["Voyage &amp; d\u00e9couverte"],"inLanguage":"fr-FR"},{"@type":"WebPage","@id":"https:\/\/panomadphotographie.net\/blog\/musee-maritime-thera-oia\/","url":"https:\/\/panomadphotographie.net\/blog\/musee-maritime-thera-oia\/","name":"Mus\u00e9e Maritime de Thera \u00e0 Oia : L\u2019Histoire Navale de Santorin","isPartOf":{"@id":"https:\/\/panomadphotographie.net\/blog\/#website"},"primaryImageOfPage":{"@id":"https:\/\/panomadphotographie.net\/blog\/musee-maritime-thera-oia\/#primaryimage"},"image":{"@id":"https:\/\/panomadphotographie.net\/blog\/musee-maritime-thera-oia\/#primaryimage"},"thumbnailUrl":"https:\/\/panomadphotographie.net\/blog\/wp-content\/uploads\/01102024-Le-telegraphe-de-navigation.webp","datePublished":"2024-10-15T19:44:46+00:00","dateModified":"2025-07-01T08:18:02+00:00","description":"Plongez dans l\u2019histoire maritime de Santorin au Mus\u00e9e Maritime de Thera \u00e0 Oia. D\u00e9couvrez la vie des marins et l\u2019\u00e2me navale de l\u2019\u00eele.","breadcrumb":{"@id":"https:\/\/panomadphotographie.net\/blog\/musee-maritime-thera-oia\/#breadcrumb"},"inLanguage":"fr-FR","potentialAction":[{"@type":"ReadAction","target":["https:\/\/panomadphotographie.net\/blog\/musee-maritime-thera-oia\/"]}]},{"@type":"ImageObject","inLanguage":"fr-FR","@id":"https:\/\/panomadphotographie.net\/blog\/musee-maritime-thera-oia\/#primaryimage","url":"https:\/\/panomadphotographie.net\/blog\/wp-content\/uploads\/01102024-Le-telegraphe-de-navigation.webp","contentUrl":"https:\/\/panomadphotographie.net\/blog\/wp-content\/uploads\/01102024-Le-telegraphe-de-navigation.webp","width":1620,"height":1080},{"@type":"BreadcrumbList","@id":"https:\/\/panomadphotographie.net\/blog\/musee-maritime-thera-oia\/#breadcrumb","itemListElement":[{"@type":"ListItem","position":1,"name":"Accueil","item":"https:\/\/panomadphotographie.net\/blog\/"},{"@type":"ListItem","position":2,"name":"Mus\u00e9e Maritime de Thera \u00e0 Oia"}]},{"@type":"WebSite","@id":"https:\/\/panomadphotographie.net\/blog\/#website","url":"https:\/\/panomadphotographie.net\/blog\/","name":"panomadphotogrpahie","description":"Phtographie","publisher":{"@id":"https:\/\/panomadphotographie.net\/blog\/#organization"},"potentialAction":[{"@type":"SearchAction","target":{"@type":"EntryPoint","urlTemplate":"https:\/\/panomadphotographie.net\/blog\/?s={search_term_string}"},"query-input":{"@type":"PropertyValueSpecification","valueRequired":true,"valueName":"search_term_string"}}],"inLanguage":"fr-FR"},{"@type":"Organization","@id":"https:\/\/panomadphotographie.net\/blog\/#organization","name":"panomad photographie","url":"https:\/\/panomadphotographie.net\/blog\/","logo":{"@type":"ImageObject","inLanguage":"fr-FR","@id":"https:\/\/panomadphotographie.net\/blog\/#\/schema\/logo\/image\/","url":"https:\/\/panomadphotographie.net\/blog\/wp-content\/uploads\/cropped-ChatGPT-Image-9-dec.-2025-00_29_22.png","contentUrl":"https:\/\/panomadphotographie.net\/blog\/wp-content\/uploads\/cropped-ChatGPT-Image-9-dec.-2025-00_29_22.png","width":1024,"height":768,"caption":"panomad photographie"},"image":{"@id":"https:\/\/panomadphotographie.net\/blog\/#\/schema\/logo\/image\/"},"sameAs":["https:\/\/www.facebook.com\/panomadphotographie\/","https:\/\/www.linkedin.com\/in\/panomadphotographie\/"]},{"@type":"Person","@id":"https:\/\/panomadphotographie.net\/blog\/#\/schema\/person\/c09ce91d646762071cbe2c4011e3fbfa","name":"pfs.panomad@gmail.com","image":{"@type":"ImageObject","inLanguage":"fr-FR","@id":"https:\/\/secure.gravatar.com\/avatar\/94cb0ece4106ebb1937fc341f90bceeb3abca5b76c465cad6e6971d0a394098e?s=96&d=mm&r=g","url":"https:\/\/secure.gravatar.com\/avatar\/94cb0ece4106ebb1937fc341f90bceeb3abca5b76c465cad6e6971d0a394098e?s=96&d=mm&r=g","contentUrl":"https:\/\/secure.gravatar.com\/avatar\/94cb0ece4106ebb1937fc341f90bceeb3abca5b76c465cad6e6971d0a394098e?s=96&d=mm&r=g","caption":"pfs.panomad@gmail.com"},"sameAs":["https:\/\/book.panomadphotographie.net"]}]}},"_links":{"self":[{"href":"https:\/\/panomadphotographie.net\/blog\/wp-json\/wp\/v2\/posts\/975","targetHints":{"allow":["GET"]}}],"collection":[{"href":"https:\/\/panomadphotographie.net\/blog\/wp-json\/wp\/v2\/posts"}],"about":[{"href":"https:\/\/panomadphotographie.net\/blog\/wp-json\/wp\/v2\/types\/post"}],"author":[{"embeddable":true,"href":"https:\/\/panomadphotographie.net\/blog\/wp-json\/wp\/v2\/users\/1"}],"replies":[{"embeddable":true,"href":"https:\/\/panomadphotographie.net\/blog\/wp-json\/wp\/v2\/comments?post=975"}],"version-history":[{"count":0,"href":"https:\/\/panomadphotographie.net\/blog\/wp-json\/wp\/v2\/posts\/975\/revisions"}],"wp:featuredmedia":[{"embeddable":true,"href":"https:\/\/panomadphotographie.net\/blog\/wp-json\/wp\/v2\/media\/1580"}],"wp:attachment":[{"href":"https:\/\/panomadphotographie.net\/blog\/wp-json\/wp\/v2\/media?parent=975"}],"wp:term":[{"taxonomy":"category","embeddable":true,"href":"https:\/\/panomadphotographie.net\/blog\/wp-json\/wp\/v2\/categories?post=975"},{"taxonomy":"post_tag","embeddable":true,"href":"https:\/\/panomadphotographie.net\/blog\/wp-json\/wp\/v2\/tags?post=975"}],"curies":[{"name":"wp","href":"https:\/\/api.w.org\/{rel}","templated":true}]}}