{"id":768,"date":"2024-05-19T17:00:03","date_gmt":"2024-05-19T15:00:03","guid":{"rendered":"https:\/\/book.panomadphotographie.net\/?p=768"},"modified":"2025-06-22T14:09:18","modified_gmt":"2025-06-22T12:09:18","slug":"carnaval-marseille-2024","status":"publish","type":"post","link":"https:\/\/panomadphotographie.net\/blog\/carnaval-marseille-2024\/","title":{"rendered":"Carnaval de Marseille 2024 &#8211; Retour sur une \u00e9pop\u00e9e Olympique."},"content":{"rendered":"\n<p>Marseille a une fois de plus prouv\u00e9 son talent pour organiser des \u00e9v\u00e9nements festifs d&rsquo;envergure. Le samedi 18 mai, de 14h30 \u00e0 17h, le Vieux-Port s\u2019est transform\u00e9 en une immense sc\u00e8ne \u00e0 ciel ouvert. Le <strong>Carnaval de Marseille 2024<\/strong>, baptis\u00e9 <em>\u00c9pop\u00e9e Carnavalesque aux Origines Olympiques<\/em>, a attir\u00e9 des milliers de spectateurs.<\/p>\n\n\n\n<figure class=\"wp-block-image size-large\"><img decoding=\"async\" width=\"1024\" height=\"683\" src=\"https:\/\/book.panomadphotographie.net\/wp-content\/uploads\/2024\/05\/18052024-18052024-PANA7989-2-1024x683.jpg\" alt=\"D\u00e9fil\u00e9 color\u00e9 du Carnaval de Marseille 2024 au Vieux-Port, avec des artistes de rue, des chars d\u00e9cor\u00e9s et une foule de spectateurs enthousiastes. &quot;Carnaval de Marseille 2024&quot; &quot;char&quot; &quot;parade&quot;\" class=\"wp-image-776\" srcset=\"https:\/\/panomadphotographie.net\/blog\/wp-content\/uploads\/2024\/05\/18052024-18052024-PANA7989-2-1024x683.jpg 1024w, https:\/\/panomadphotographie.net\/blog\/wp-content\/uploads\/2024\/05\/18052024-18052024-PANA7989-2-300x200.jpg 300w, https:\/\/panomadphotographie.net\/blog\/wp-content\/uploads\/2024\/05\/18052024-18052024-PANA7989-2-768x512.jpg 768w, https:\/\/panomadphotographie.net\/blog\/wp-content\/uploads\/2024\/05\/18052024-18052024-PANA7989-2-1536x1024.jpg 1536w, https:\/\/panomadphotographie.net\/blog\/wp-content\/uploads\/2024\/05\/18052024-18052024-PANA7989-2-2048x1365.jpg 2048w, https:\/\/panomadphotographie.net\/blog\/wp-content\/uploads\/2024\/05\/18052024-18052024-PANA7989-2-973x649.jpg 973w, https:\/\/panomadphotographie.net\/blog\/wp-content\/uploads\/2024\/05\/18052024-18052024-PANA7989-2-508x339.jpg 508w\" sizes=\"(max-width: 1024px) 100vw, 1024px\" \/><\/figure>\n\n\n\n<h2 class=\"wp-block-heading\">Ambiance et D\u00e9roulement<\/h2>\n\n\n\n<figure class=\"wp-block-image size-large\"><img decoding=\"async\" width=\"1024\" height=\"683\" src=\"https:\/\/book.panomadphotographie.net\/wp-content\/uploads\/2024\/05\/18052024-18052024-PANA8002-2-1024x683.jpg\" alt=\"D\u00e9fil\u00e9 color\u00e9 du Carnaval de Marseille 2024 au Vieux-Port, avec des artistes de rue, des chars d\u00e9cor\u00e9s et une foule de spectateurs enthousiastes. &quot;Carnaval de Marseille 2024&quot; &quot;char&quot; &quot;parade&quot; &quot;tambourinaire&quot;\" class=\"wp-image-778\" srcset=\"https:\/\/panomadphotographie.net\/blog\/wp-content\/uploads\/2024\/05\/18052024-18052024-PANA8002-2-1024x683.jpg 1024w, https:\/\/panomadphotographie.net\/blog\/wp-content\/uploads\/2024\/05\/18052024-18052024-PANA8002-2-300x200.jpg 300w, https:\/\/panomadphotographie.net\/blog\/wp-content\/uploads\/2024\/05\/18052024-18052024-PANA8002-2-768x512.jpg 768w, https:\/\/panomadphotographie.net\/blog\/wp-content\/uploads\/2024\/05\/18052024-18052024-PANA8002-2-1536x1024.jpg 1536w, https:\/\/panomadphotographie.net\/blog\/wp-content\/uploads\/2024\/05\/18052024-18052024-PANA8002-2-2048x1365.jpg 2048w, https:\/\/panomadphotographie.net\/blog\/wp-content\/uploads\/2024\/05\/18052024-18052024-PANA8002-2-973x649.jpg 973w, https:\/\/panomadphotographie.net\/blog\/wp-content\/uploads\/2024\/05\/18052024-18052024-PANA8002-2-508x339.jpg 508w\" sizes=\"(max-width: 1024px) 100vw, 1024px\" \/><\/figure>\n\n\n\n<p>D\u00e8s le d\u00e9but de l\u2019apr\u00e8s-midi, la foule a envahi les quais. Le Vieux-Port s\u2019est par\u00e9 de couleurs vives et de musiques entra\u00eenantes. Les d\u00e9fil\u00e9s, men\u00e9s par des artistes de rue et des sportifs locaux, ont fait vibrer le public. L\u2019ambiance \u00e9tait chaleureuse et familiale.<\/p>\n\n\n\n<h2 class=\"wp-block-heading\">Moments Forts du Carnaval<\/h2>\n\n\n\n<figure class=\"wp-block-image size-large\"><img decoding=\"async\" width=\"1024\" height=\"683\" src=\"https:\/\/book.panomadphotographie.net\/wp-content\/uploads\/2024\/05\/18052024-18052024-PANA8026-2-1024x683.jpg\" alt=\"D\u00e9fil\u00e9 color\u00e9 du Carnaval de Marseille 2024 au Vieux-Port, avec des artistes de rue, des chars d\u00e9cor\u00e9s et une foule de spectateurs enthousiastes. &quot;Carnaval de marseille2024&quot; &quot;char&quot; &quot;parade&quot; &quot;sports marseillais&quot;\" class=\"wp-image-781\" srcset=\"https:\/\/panomadphotographie.net\/blog\/wp-content\/uploads\/2024\/05\/18052024-18052024-PANA8026-2-1024x683.jpg 1024w, https:\/\/panomadphotographie.net\/blog\/wp-content\/uploads\/2024\/05\/18052024-18052024-PANA8026-2-300x200.jpg 300w, https:\/\/panomadphotographie.net\/blog\/wp-content\/uploads\/2024\/05\/18052024-18052024-PANA8026-2-768x512.jpg 768w, https:\/\/panomadphotographie.net\/blog\/wp-content\/uploads\/2024\/05\/18052024-18052024-PANA8026-2-1536x1024.jpg 1536w, https:\/\/panomadphotographie.net\/blog\/wp-content\/uploads\/2024\/05\/18052024-18052024-PANA8026-2-2048x1365.jpg 2048w, https:\/\/panomadphotographie.net\/blog\/wp-content\/uploads\/2024\/05\/18052024-18052024-PANA8026-2-973x649.jpg 973w, https:\/\/panomadphotographie.net\/blog\/wp-content\/uploads\/2024\/05\/18052024-18052024-PANA8026-2-508x339.jpg 508w\" sizes=\"(max-width: 1024px) 100vw, 1024px\" \/><\/figure>\n\n\n\n<p>Parmi les temps forts, la performance a\u00e9rienne du cheval m\u00e9canique P\u00e9gase a \u00e9merveill\u00e9 petits et grands. Avec ses grandes ailes d\u00e9ploy\u00e9es, il a survol\u00e9 le port, offrant un spectacle f\u00e9\u00e9rique.<\/p>\n\n\n\n<p>Ensuite, nageurs, marins et cyclistes ont pris part au d\u00e9fil\u00e9. Chacun repr\u00e9sentait un sport ou un m\u00e9tier li\u00e9 \u00e0 la mer et \u00e0 la ville. Cette mise en sc\u00e8ne a rappel\u00e9 l\u2019importance de l\u2019esprit olympique \u00e0 Marseille.<\/p>\n\n\n\n<h2 class=\"wp-block-heading\">Impact \u00c9conomique et Touristique<\/h2>\n\n\n\n<figure class=\"wp-block-image size-large\"><img decoding=\"async\" width=\"1024\" height=\"683\" src=\"https:\/\/book.panomadphotographie.net\/wp-content\/uploads\/2024\/05\/18052024-18052024-PANA8185-Avec-accentuation-Bruit-1024x683.jpg\" alt=\"D\u00e9fil\u00e9 color\u00e9 du Carnaval de Marseille 2024 au Vieux-Port, avec des artistes de rue, des chars d\u00e9cor\u00e9s et une foule de spectateurs enthousiastes. &quot;Carnaval de Marseille 2024&quot; &quot;char&quot; &quot;parade&quot; &quot;les baigneurs&quot;\" class=\"wp-image-783\" srcset=\"https:\/\/panomadphotographie.net\/blog\/wp-content\/uploads\/2024\/05\/18052024-18052024-PANA8185-Avec-accentuation-Bruit-1024x683.jpg 1024w, https:\/\/panomadphotographie.net\/blog\/wp-content\/uploads\/2024\/05\/18052024-18052024-PANA8185-Avec-accentuation-Bruit-300x200.jpg 300w, https:\/\/panomadphotographie.net\/blog\/wp-content\/uploads\/2024\/05\/18052024-18052024-PANA8185-Avec-accentuation-Bruit-768x512.jpg 768w, https:\/\/panomadphotographie.net\/blog\/wp-content\/uploads\/2024\/05\/18052024-18052024-PANA8185-Avec-accentuation-Bruit-1536x1024.jpg 1536w, https:\/\/panomadphotographie.net\/blog\/wp-content\/uploads\/2024\/05\/18052024-18052024-PANA8185-Avec-accentuation-Bruit-2048x1365.jpg 2048w, https:\/\/panomadphotographie.net\/blog\/wp-content\/uploads\/2024\/05\/18052024-18052024-PANA8185-Avec-accentuation-Bruit-973x649.jpg 973w, https:\/\/panomadphotographie.net\/blog\/wp-content\/uploads\/2024\/05\/18052024-18052024-PANA8185-Avec-accentuation-Bruit-508x339.jpg 508w\" sizes=\"(max-width: 1024px) 100vw, 1024px\" \/><\/figure>\n\n\n\n<p>Cet \u00e9v\u00e9nement a rencontr\u00e9 un vif succ\u00e8s. Les rues bond\u00e9es et les commerces anim\u00e9s en t\u00e9moignent. De nombreux visiteurs, venus de toute la r\u00e9gion, ont profit\u00e9 de cette journ\u00e9e pour d\u00e9couvrir Marseille sous un autre angle.<\/p>\n\n\n\n<p> Pour plus d&rsquo;informations sur les \u00e9v\u00e9nements \u00e0 Marseille, vous pouvez visiter le <a href=\"https:\/\/www.marseille.fr\/\" target=\"_blank\" rel=\"noreferrer noopener\">site officiel de la ville de Marseille.<\/a><\/p>\n\n\n\n<h2 class=\"wp-block-heading\">Marseille, Une Ville en F\u00eate<\/h2>\n\n\n\n<figure class=\"wp-block-image size-large\"><img decoding=\"async\" width=\"1024\" height=\"683\" src=\"https:\/\/book.panomadphotographie.net\/wp-content\/uploads\/2024\/05\/18052024-18052024-PANA8238-Avec-accentuation-Bruit-1024x683.jpg\" alt=\"D\u00e9fil\u00e9 color\u00e9 du Carnaval de Marseille 2024 au Vieux-Port, avec des artistes de rue, des chars d\u00e9cor\u00e9s et une foule de spectateurs enthousiastes. &quot;Carnaval de Marseille 2024&quot; &quot;char&quot; &quot;parade&quot;  \" class=\"wp-image-786\" srcset=\"https:\/\/panomadphotographie.net\/blog\/wp-content\/uploads\/2024\/05\/18052024-18052024-PANA8238-Avec-accentuation-Bruit-1024x683.jpg 1024w, https:\/\/panomadphotographie.net\/blog\/wp-content\/uploads\/2024\/05\/18052024-18052024-PANA8238-Avec-accentuation-Bruit-300x200.jpg 300w, https:\/\/panomadphotographie.net\/blog\/wp-content\/uploads\/2024\/05\/18052024-18052024-PANA8238-Avec-accentuation-Bruit-768x512.jpg 768w, https:\/\/panomadphotographie.net\/blog\/wp-content\/uploads\/2024\/05\/18052024-18052024-PANA8238-Avec-accentuation-Bruit-1536x1024.jpg 1536w, https:\/\/panomadphotographie.net\/blog\/wp-content\/uploads\/2024\/05\/18052024-18052024-PANA8238-Avec-accentuation-Bruit-2048x1365.jpg 2048w, https:\/\/panomadphotographie.net\/blog\/wp-content\/uploads\/2024\/05\/18052024-18052024-PANA8238-Avec-accentuation-Bruit-973x649.jpg 973w, https:\/\/panomadphotographie.net\/blog\/wp-content\/uploads\/2024\/05\/18052024-18052024-PANA8238-Avec-accentuation-Bruit-508x339.jpg 508w\" sizes=\"(max-width: 1024px) 100vw, 1024px\" \/><\/figure>\n\n\n\n<p>Avec ce carnaval, Marseille confirme sa place parmi les grandes villes culturelles et festives. Ce moment unique a renforc\u00e9 l\u2019image dynamique et accueillante de la cit\u00e9 phoc\u00e9enne.<\/p>\n\n\n\n<h2 class=\"wp-block-heading\">Appel \u00e0 l&rsquo;Action pour les Artistes<\/h2>\n\n\n\n<p>\ud83d\udcf8 Si vous avez un projet \u2013 pour votre <strong>portfolio<\/strong>, une <strong>cr\u00e9ation artistique<\/strong>, ou m\u00eame un usage <strong>professionnel ou commercial<\/strong> \u2013<br>\u2026 et que ce lieu vous inspire, je suis toujours curieux de rencontrer des profils cr\u00e9atifs.<br>Il m\u2019arrive de proposer des <strong>shootings gratuits<\/strong>, en \u00e9change d\u2019une autorisation d\u2019exploitation des images.<br>\ud83d\udc49 <a href=\"https:\/\/calendly.com\/pfs-panomad\/\">On en parle ? <\/a> <\/p>\n\n\n\n<p><\/p>\n\n\n\n<p><\/p>\n","protected":false},"excerpt":{"rendered":"<p>Marseille a une fois de plus prouv\u00e9 son talent pour organiser des \u00e9v\u00e9nements festifs d&rsquo;envergure. Le samedi 18 mai, de 14h30 \u00e0 17h, le Vieux-Port s\u2019est transform\u00e9 en&#8230;<\/p>\n","protected":false},"author":1,"featured_media":769,"comment_status":"closed","ping_status":"closed","sticky":false,"template":"","format":"standard","meta":{"footnotes":""},"categories":[4],"tags":[],"class_list":["post-768","post","type-post","status-publish","format-standard","has-post-thumbnail","hentry","category-photographe-voyage"],"yoast_head":"<!-- This site is optimized with the Yoast SEO plugin v27.2 - https:\/\/yoast.com\/product\/yoast-seo-wordpress\/ -->\n<title>Carnaval de Marseille 2024 : Un Spectacle Olympique<\/title>\n<meta name=\"description\" content=\"Revivez le Carnaval de Marseille 2024 au Vieux-Port : d\u00e9fil\u00e9s, performances sportives et ambiance festive au c\u0153ur de la cit\u00e9 phoc\u00e9enne.\" \/>\n<meta name=\"robots\" content=\"index, follow, max-snippet:-1, max-image-preview:large, max-video-preview:-1\" \/>\n<link rel=\"canonical\" href=\"https:\/\/panomadphotographie.net\/blog\/carnaval-marseille-2024\/\" \/>\n<meta property=\"og:locale\" content=\"fr_FR\" \/>\n<meta property=\"og:type\" content=\"article\" \/>\n<meta property=\"og:title\" content=\"Carnaval de Marseille 2024 : Un Spectacle Olympique\" \/>\n<meta property=\"og:description\" content=\"Revivez le Carnaval de Marseille 2024 au Vieux-Port : d\u00e9fil\u00e9s, performances sportives et ambiance festive au c\u0153ur de la cit\u00e9 phoc\u00e9enne.\" \/>\n<meta property=\"og:url\" content=\"https:\/\/panomadphotographie.net\/blog\/carnaval-marseille-2024\/\" \/>\n<meta property=\"og:site_name\" content=\"PANOMAD\" \/>\n<meta property=\"article:publisher\" content=\"https:\/\/www.facebook.com\/panomadphotographie\/\" \/>\n<meta property=\"article:published_time\" content=\"2024-05-19T15:00:03+00:00\" \/>\n<meta property=\"article:modified_time\" content=\"2025-06-22T12:09:18+00:00\" \/>\n<meta property=\"og:image\" content=\"https:\/\/panomadphotographie.net\/blog\/wp-content\/uploads\/2024\/05\/18052024-PANA8102-Avec-accentuation-Bruit-scaled.jpg\" \/>\n\t<meta property=\"og:image:width\" content=\"2560\" \/>\n\t<meta property=\"og:image:height\" content=\"1706\" \/>\n\t<meta property=\"og:image:type\" content=\"image\/jpeg\" \/>\n<meta name=\"author\" content=\"pfs.panomad@gmail.com\" \/>\n<meta name=\"twitter:card\" content=\"summary_large_image\" \/>\n<meta name=\"twitter:label1\" content=\"\u00c9crit par\" \/>\n\t<meta name=\"twitter:data1\" content=\"pfs.panomad@gmail.com\" \/>\n\t<meta name=\"twitter:label2\" content=\"Dur\u00e9e de lecture estim\u00e9e\" \/>\n\t<meta name=\"twitter:data2\" content=\"3 minutes\" \/>\n<script type=\"application\/ld+json\" class=\"yoast-schema-graph\">{\"@context\":\"https:\/\/schema.org\",\"@graph\":[{\"@type\":\"Article\",\"@id\":\"https:\/\/panomadphotographie.net\/blog\/carnaval-marseille-2024\/#article\",\"isPartOf\":{\"@id\":\"https:\/\/panomadphotographie.net\/blog\/carnaval-marseille-2024\/\"},\"author\":{\"name\":\"pfs.panomad@gmail.com\",\"@id\":\"https:\/\/panomadphotographie.net\/blog\/#\/schema\/person\/c09ce91d646762071cbe2c4011e3fbfa\"},\"headline\":\"Carnaval de Marseille 2024 &#8211; Retour sur une \u00e9pop\u00e9e Olympique.\",\"datePublished\":\"2024-05-19T15:00:03+00:00\",\"dateModified\":\"2025-06-22T12:09:18+00:00\",\"mainEntityOfPage\":{\"@id\":\"https:\/\/panomadphotographie.net\/blog\/carnaval-marseille-2024\/\"},\"wordCount\":365,\"publisher\":{\"@id\":\"https:\/\/panomadphotographie.net\/blog\/#organization\"},\"image\":{\"@id\":\"https:\/\/panomadphotographie.net\/blog\/carnaval-marseille-2024\/#primaryimage\"},\"thumbnailUrl\":\"https:\/\/panomadphotographie.net\/blog\/wp-content\/uploads\/2024\/05\/18052024-PANA8102-Avec-accentuation-Bruit-scaled.jpg\",\"articleSection\":[\"Voyage &amp; d\u00e9couverte\"],\"inLanguage\":\"fr-FR\"},{\"@type\":\"WebPage\",\"@id\":\"https:\/\/panomadphotographie.net\/blog\/carnaval-marseille-2024\/\",\"url\":\"https:\/\/panomadphotographie.net\/blog\/carnaval-marseille-2024\/\",\"name\":\"Carnaval de Marseille 2024 : Un Spectacle Olympique\",\"isPartOf\":{\"@id\":\"https:\/\/panomadphotographie.net\/blog\/#website\"},\"primaryImageOfPage\":{\"@id\":\"https:\/\/panomadphotographie.net\/blog\/carnaval-marseille-2024\/#primaryimage\"},\"image\":{\"@id\":\"https:\/\/panomadphotographie.net\/blog\/carnaval-marseille-2024\/#primaryimage\"},\"thumbnailUrl\":\"https:\/\/panomadphotographie.net\/blog\/wp-content\/uploads\/2024\/05\/18052024-PANA8102-Avec-accentuation-Bruit-scaled.jpg\",\"datePublished\":\"2024-05-19T15:00:03+00:00\",\"dateModified\":\"2025-06-22T12:09:18+00:00\",\"description\":\"Revivez le Carnaval de Marseille 2024 au Vieux-Port : d\u00e9fil\u00e9s, performances sportives et ambiance festive au c\u0153ur de la cit\u00e9 phoc\u00e9enne.\",\"breadcrumb\":{\"@id\":\"https:\/\/panomadphotographie.net\/blog\/carnaval-marseille-2024\/#breadcrumb\"},\"inLanguage\":\"fr-FR\",\"potentialAction\":[{\"@type\":\"ReadAction\",\"target\":[\"https:\/\/panomadphotographie.net\/blog\/carnaval-marseille-2024\/\"]}]},{\"@type\":\"ImageObject\",\"inLanguage\":\"fr-FR\",\"@id\":\"https:\/\/panomadphotographie.net\/blog\/carnaval-marseille-2024\/#primaryimage\",\"url\":\"https:\/\/panomadphotographie.net\/blog\/wp-content\/uploads\/2024\/05\/18052024-PANA8102-Avec-accentuation-Bruit-scaled.jpg\",\"contentUrl\":\"https:\/\/panomadphotographie.net\/blog\/wp-content\/uploads\/2024\/05\/18052024-PANA8102-Avec-accentuation-Bruit-scaled.jpg\",\"width\":2560,\"height\":1706,\"caption\":\"Carnaval 2024 Marseille la parade de Pegase, un cheval mecanique sur le Vieux-Port de Marseille.\"},{\"@type\":\"BreadcrumbList\",\"@id\":\"https:\/\/panomadphotographie.net\/blog\/carnaval-marseille-2024\/#breadcrumb\",\"itemListElement\":[{\"@type\":\"ListItem\",\"position\":1,\"name\":\"Accueil\",\"item\":\"https:\/\/panomadphotographie.net\/blog\/\"},{\"@type\":\"ListItem\",\"position\":2,\"name\":\"Carnaval de Marseille 2024\"}]},{\"@type\":\"WebSite\",\"@id\":\"https:\/\/panomadphotographie.net\/blog\/#website\",\"url\":\"https:\/\/panomadphotographie.net\/blog\/\",\"name\":\"panomadphotogrpahie\",\"description\":\"Phtographie\",\"publisher\":{\"@id\":\"https:\/\/panomadphotographie.net\/blog\/#organization\"},\"potentialAction\":[{\"@type\":\"SearchAction\",\"target\":{\"@type\":\"EntryPoint\",\"urlTemplate\":\"https:\/\/panomadphotographie.net\/blog\/?s={search_term_string}\"},\"query-input\":{\"@type\":\"PropertyValueSpecification\",\"valueRequired\":true,\"valueName\":\"search_term_string\"}}],\"inLanguage\":\"fr-FR\"},{\"@type\":\"Organization\",\"@id\":\"https:\/\/panomadphotographie.net\/blog\/#organization\",\"name\":\"panomad photographie\",\"url\":\"https:\/\/panomadphotographie.net\/blog\/\",\"logo\":{\"@type\":\"ImageObject\",\"inLanguage\":\"fr-FR\",\"@id\":\"https:\/\/panomadphotographie.net\/blog\/#\/schema\/logo\/image\/\",\"url\":\"https:\/\/panomadphotographie.net\/blog\/wp-content\/uploads\/cropped-ChatGPT-Image-9-dec.-2025-00_29_22.png\",\"contentUrl\":\"https:\/\/panomadphotographie.net\/blog\/wp-content\/uploads\/cropped-ChatGPT-Image-9-dec.-2025-00_29_22.png\",\"width\":1024,\"height\":768,\"caption\":\"panomad photographie\"},\"image\":{\"@id\":\"https:\/\/panomadphotographie.net\/blog\/#\/schema\/logo\/image\/\"},\"sameAs\":[\"https:\/\/www.facebook.com\/panomadphotographie\/\",\"https:\/\/www.linkedin.com\/in\/panomadphotographie\/\"]},{\"@type\":\"Person\",\"@id\":\"https:\/\/panomadphotographie.net\/blog\/#\/schema\/person\/c09ce91d646762071cbe2c4011e3fbfa\",\"name\":\"pfs.panomad@gmail.com\",\"image\":{\"@type\":\"ImageObject\",\"inLanguage\":\"fr-FR\",\"@id\":\"https:\/\/secure.gravatar.com\/avatar\/94cb0ece4106ebb1937fc341f90bceeb3abca5b76c465cad6e6971d0a394098e?s=96&d=mm&r=g\",\"url\":\"https:\/\/secure.gravatar.com\/avatar\/94cb0ece4106ebb1937fc341f90bceeb3abca5b76c465cad6e6971d0a394098e?s=96&d=mm&r=g\",\"contentUrl\":\"https:\/\/secure.gravatar.com\/avatar\/94cb0ece4106ebb1937fc341f90bceeb3abca5b76c465cad6e6971d0a394098e?s=96&d=mm&r=g\",\"caption\":\"pfs.panomad@gmail.com\"},\"sameAs\":[\"https:\/\/book.panomadphotographie.net\"]}]}<\/script>\n<!-- \/ Yoast SEO plugin. -->","yoast_head_json":{"title":"Carnaval de Marseille 2024 : Un Spectacle Olympique","description":"Revivez le Carnaval de Marseille 2024 au Vieux-Port : d\u00e9fil\u00e9s, performances sportives et ambiance festive au c\u0153ur de la cit\u00e9 phoc\u00e9enne.","robots":{"index":"index","follow":"follow","max-snippet":"max-snippet:-1","max-image-preview":"max-image-preview:large","max-video-preview":"max-video-preview:-1"},"canonical":"https:\/\/panomadphotographie.net\/blog\/carnaval-marseille-2024\/","og_locale":"fr_FR","og_type":"article","og_title":"Carnaval de Marseille 2024 : Un Spectacle Olympique","og_description":"Revivez le Carnaval de Marseille 2024 au Vieux-Port : d\u00e9fil\u00e9s, performances sportives et ambiance festive au c\u0153ur de la cit\u00e9 phoc\u00e9enne.","og_url":"https:\/\/panomadphotographie.net\/blog\/carnaval-marseille-2024\/","og_site_name":"PANOMAD","article_publisher":"https:\/\/www.facebook.com\/panomadphotographie\/","article_published_time":"2024-05-19T15:00:03+00:00","article_modified_time":"2025-06-22T12:09:18+00:00","og_image":[{"width":2560,"height":1706,"url":"https:\/\/panomadphotographie.net\/blog\/wp-content\/uploads\/2024\/05\/18052024-PANA8102-Avec-accentuation-Bruit-scaled.jpg","type":"image\/jpeg"}],"author":"pfs.panomad@gmail.com","twitter_card":"summary_large_image","twitter_misc":{"\u00c9crit par":"pfs.panomad@gmail.com","Dur\u00e9e de lecture estim\u00e9e":"3 minutes"},"schema":{"@context":"https:\/\/schema.org","@graph":[{"@type":"Article","@id":"https:\/\/panomadphotographie.net\/blog\/carnaval-marseille-2024\/#article","isPartOf":{"@id":"https:\/\/panomadphotographie.net\/blog\/carnaval-marseille-2024\/"},"author":{"name":"pfs.panomad@gmail.com","@id":"https:\/\/panomadphotographie.net\/blog\/#\/schema\/person\/c09ce91d646762071cbe2c4011e3fbfa"},"headline":"Carnaval de Marseille 2024 &#8211; Retour sur une \u00e9pop\u00e9e Olympique.","datePublished":"2024-05-19T15:00:03+00:00","dateModified":"2025-06-22T12:09:18+00:00","mainEntityOfPage":{"@id":"https:\/\/panomadphotographie.net\/blog\/carnaval-marseille-2024\/"},"wordCount":365,"publisher":{"@id":"https:\/\/panomadphotographie.net\/blog\/#organization"},"image":{"@id":"https:\/\/panomadphotographie.net\/blog\/carnaval-marseille-2024\/#primaryimage"},"thumbnailUrl":"https:\/\/panomadphotographie.net\/blog\/wp-content\/uploads\/2024\/05\/18052024-PANA8102-Avec-accentuation-Bruit-scaled.jpg","articleSection":["Voyage &amp; d\u00e9couverte"],"inLanguage":"fr-FR"},{"@type":"WebPage","@id":"https:\/\/panomadphotographie.net\/blog\/carnaval-marseille-2024\/","url":"https:\/\/panomadphotographie.net\/blog\/carnaval-marseille-2024\/","name":"Carnaval de Marseille 2024 : Un Spectacle Olympique","isPartOf":{"@id":"https:\/\/panomadphotographie.net\/blog\/#website"},"primaryImageOfPage":{"@id":"https:\/\/panomadphotographie.net\/blog\/carnaval-marseille-2024\/#primaryimage"},"image":{"@id":"https:\/\/panomadphotographie.net\/blog\/carnaval-marseille-2024\/#primaryimage"},"thumbnailUrl":"https:\/\/panomadphotographie.net\/blog\/wp-content\/uploads\/2024\/05\/18052024-PANA8102-Avec-accentuation-Bruit-scaled.jpg","datePublished":"2024-05-19T15:00:03+00:00","dateModified":"2025-06-22T12:09:18+00:00","description":"Revivez le Carnaval de Marseille 2024 au Vieux-Port : d\u00e9fil\u00e9s, performances sportives et ambiance festive au c\u0153ur de la cit\u00e9 phoc\u00e9enne.","breadcrumb":{"@id":"https:\/\/panomadphotographie.net\/blog\/carnaval-marseille-2024\/#breadcrumb"},"inLanguage":"fr-FR","potentialAction":[{"@type":"ReadAction","target":["https:\/\/panomadphotographie.net\/blog\/carnaval-marseille-2024\/"]}]},{"@type":"ImageObject","inLanguage":"fr-FR","@id":"https:\/\/panomadphotographie.net\/blog\/carnaval-marseille-2024\/#primaryimage","url":"https:\/\/panomadphotographie.net\/blog\/wp-content\/uploads\/2024\/05\/18052024-PANA8102-Avec-accentuation-Bruit-scaled.jpg","contentUrl":"https:\/\/panomadphotographie.net\/blog\/wp-content\/uploads\/2024\/05\/18052024-PANA8102-Avec-accentuation-Bruit-scaled.jpg","width":2560,"height":1706,"caption":"Carnaval 2024 Marseille la parade de Pegase, un cheval mecanique sur le Vieux-Port de Marseille."},{"@type":"BreadcrumbList","@id":"https:\/\/panomadphotographie.net\/blog\/carnaval-marseille-2024\/#breadcrumb","itemListElement":[{"@type":"ListItem","position":1,"name":"Accueil","item":"https:\/\/panomadphotographie.net\/blog\/"},{"@type":"ListItem","position":2,"name":"Carnaval de Marseille 2024"}]},{"@type":"WebSite","@id":"https:\/\/panomadphotographie.net\/blog\/#website","url":"https:\/\/panomadphotographie.net\/blog\/","name":"panomadphotogrpahie","description":"Phtographie","publisher":{"@id":"https:\/\/panomadphotographie.net\/blog\/#organization"},"potentialAction":[{"@type":"SearchAction","target":{"@type":"EntryPoint","urlTemplate":"https:\/\/panomadphotographie.net\/blog\/?s={search_term_string}"},"query-input":{"@type":"PropertyValueSpecification","valueRequired":true,"valueName":"search_term_string"}}],"inLanguage":"fr-FR"},{"@type":"Organization","@id":"https:\/\/panomadphotographie.net\/blog\/#organization","name":"panomad photographie","url":"https:\/\/panomadphotographie.net\/blog\/","logo":{"@type":"ImageObject","inLanguage":"fr-FR","@id":"https:\/\/panomadphotographie.net\/blog\/#\/schema\/logo\/image\/","url":"https:\/\/panomadphotographie.net\/blog\/wp-content\/uploads\/cropped-ChatGPT-Image-9-dec.-2025-00_29_22.png","contentUrl":"https:\/\/panomadphotographie.net\/blog\/wp-content\/uploads\/cropped-ChatGPT-Image-9-dec.-2025-00_29_22.png","width":1024,"height":768,"caption":"panomad photographie"},"image":{"@id":"https:\/\/panomadphotographie.net\/blog\/#\/schema\/logo\/image\/"},"sameAs":["https:\/\/www.facebook.com\/panomadphotographie\/","https:\/\/www.linkedin.com\/in\/panomadphotographie\/"]},{"@type":"Person","@id":"https:\/\/panomadphotographie.net\/blog\/#\/schema\/person\/c09ce91d646762071cbe2c4011e3fbfa","name":"pfs.panomad@gmail.com","image":{"@type":"ImageObject","inLanguage":"fr-FR","@id":"https:\/\/secure.gravatar.com\/avatar\/94cb0ece4106ebb1937fc341f90bceeb3abca5b76c465cad6e6971d0a394098e?s=96&d=mm&r=g","url":"https:\/\/secure.gravatar.com\/avatar\/94cb0ece4106ebb1937fc341f90bceeb3abca5b76c465cad6e6971d0a394098e?s=96&d=mm&r=g","contentUrl":"https:\/\/secure.gravatar.com\/avatar\/94cb0ece4106ebb1937fc341f90bceeb3abca5b76c465cad6e6971d0a394098e?s=96&d=mm&r=g","caption":"pfs.panomad@gmail.com"},"sameAs":["https:\/\/book.panomadphotographie.net"]}]}},"_links":{"self":[{"href":"https:\/\/panomadphotographie.net\/blog\/wp-json\/wp\/v2\/posts\/768","targetHints":{"allow":["GET"]}}],"collection":[{"href":"https:\/\/panomadphotographie.net\/blog\/wp-json\/wp\/v2\/posts"}],"about":[{"href":"https:\/\/panomadphotographie.net\/blog\/wp-json\/wp\/v2\/types\/post"}],"author":[{"embeddable":true,"href":"https:\/\/panomadphotographie.net\/blog\/wp-json\/wp\/v2\/users\/1"}],"replies":[{"embeddable":true,"href":"https:\/\/panomadphotographie.net\/blog\/wp-json\/wp\/v2\/comments?post=768"}],"version-history":[{"count":0,"href":"https:\/\/panomadphotographie.net\/blog\/wp-json\/wp\/v2\/posts\/768\/revisions"}],"wp:featuredmedia":[{"embeddable":true,"href":"https:\/\/panomadphotographie.net\/blog\/wp-json\/wp\/v2\/media\/769"}],"wp:attachment":[{"href":"https:\/\/panomadphotographie.net\/blog\/wp-json\/wp\/v2\/media?parent=768"}],"wp:term":[{"taxonomy":"category","embeddable":true,"href":"https:\/\/panomadphotographie.net\/blog\/wp-json\/wp\/v2\/categories?post=768"},{"taxonomy":"post_tag","embeddable":true,"href":"https:\/\/panomadphotographie.net\/blog\/wp-json\/wp\/v2\/tags?post=768"}],"curies":[{"name":"wp","href":"https:\/\/api.w.org\/{rel}","templated":true}]}}