{"id":499,"date":"2024-04-10T18:39:43","date_gmt":"2024-04-10T16:39:43","guid":{"rendered":"https:\/\/book.panomadphotographie.net\/?p=499"},"modified":"2025-08-24T02:16:10","modified_gmt":"2025-08-24T00:16:10","slug":"varosha-chypre-ville-fantome","status":"publish","type":"post","link":"https:\/\/panomadphotographie.net\/blog\/varosha-chypre-ville-fantome\/","title":{"rendered":"Varosha Chypre : la ville fant\u00f4me fig\u00e9e dans le temps."},"content":{"rendered":"\n<p><strong>Varosha Chypre<\/strong>, quartier baln\u00e9aire de Famagouste fig\u00e9 depuis l\u2019intervention turque de 1974, est redevenu visible au monde le <strong>8 octobre 2020<\/strong>, lorsqu\u2019une portion de son front de mer a \u00e9t\u00e9 rouverte au public pour la premi\u00e8re fois en pr\u00e8s d\u2019un demi-si\u00e8cle. (<a href=\"https:\/\/www.reuters.com\/article\/world\/north-cyprus-reopens-part-of-resort-abandoned-in-1974-conflict-idUSKBN26T1JX\/?utm_source=chatgpt.com\">Reuters<\/a>).<\/p>\n\n\n\n<p>Depuis, le site attire une curiosit\u00e9 internationale et cristallise un affrontement politique : pour Ankara et la R\u00e9publique turque de Chypre du Nord (RTCN, entit\u00e9 autoproclam\u00e9e reconnue uniquement par la Turquie), &lt;<br>Varosha est une vitrine \u00e9conomique et d\u2019un symbole de souverainet\u00e9 . Pour la communaut\u00e9 internationale, Varosha reste un territoire occup\u00e9 qui doit \u00eatre restitu\u00e9 \u00e0 ses habitants l\u00e9gitimes.<\/p>\n\n\n\n<h2 class=\"wp-block-heading\">Varosha Chypre, Station baln\u00e9aire fig\u00e9e depuis 1974.<\/h2>\n\n\n\n<figure class=\"wp-block-image size-large\"><img decoding=\"async\" width=\"1024\" height=\"683\" src=\"https:\/\/panomadphotographie.net\/blog\/wp-content\/uploads\/2025\/03\/sans-titre-414-1024x683.webp\" alt=\"Plage de Varosha \u00e0 Famagouste, abandonn\u00e9e depuis 1974 apr\u00e8s l\u2019invasion turque\" class=\"wp-image-1193\" srcset=\"https:\/\/panomadphotographie.net\/blog\/wp-content\/uploads\/2025\/03\/sans-titre-414-1024x683.webp 1024w, https:\/\/panomadphotographie.net\/blog\/wp-content\/uploads\/2025\/03\/sans-titre-414-300x200.webp 300w, https:\/\/panomadphotographie.net\/blog\/wp-content\/uploads\/2025\/03\/sans-titre-414-768x512.webp 768w, https:\/\/panomadphotographie.net\/blog\/wp-content\/uploads\/2025\/03\/sans-titre-414-1536x1024.webp 1536w, https:\/\/panomadphotographie.net\/blog\/wp-content\/uploads\/2025\/03\/sans-titre-414-973x649.webp 973w, https:\/\/panomadphotographie.net\/blog\/wp-content\/uploads\/2025\/03\/sans-titre-414-508x339.webp 508w, https:\/\/panomadphotographie.net\/blog\/wp-content\/uploads\/2025\/03\/sans-titre-414.webp 1620w\" sizes=\"(max-width: 1024px) 100vw, 1024px\" \/><figcaption class=\"wp-element-caption\">La plage de Varosha au pied des immeubles laiss\u00e9s \u00e0 l\u2019abandon.<\/figcaption><\/figure>\n\n\n\n<p>Dans les ann\u00e9es 1960 et 1970, Varosha \u00e9tait le joyau touristique de Chypre. Ses plages de sable fin attiraient les vacanciers d\u2019Europe et du Moyen-Orient. Ses h\u00f4tels modernes accueillaient des c\u00e9l\u00e9brit\u00e9s comme Elizabeth Taylor ou Brigitte Bardot. La cit\u00e9 baln\u00e9aire \u00e9tait surnomm\u00e9e la <strong>\u201cFrench Riviera of Cyprus\u201d<\/strong>, symbole d\u2019une prosp\u00e9rit\u00e9 insulaire en plein essor. (<a href=\"https:\/\/www.bbc.com\/news\/magazine-25496729\" target=\"_blank\" rel=\"noreferrer noopener\">BBC Magazine<\/a>).<\/p>\n\n\n\n<p>Tout bascule \u00e0 l\u2019\u00e9t\u00e9 <strong>1974<\/strong> : la population grecque chypriote fuit devant l\u2019avanc\u00e9e de l\u2019arm\u00e9e turque. Le quartier est boucl\u00e9, vid\u00e9 de ses habitants, plac\u00e9 derri\u00e8re des barbel\u00e9s. Les cam\u00e9ras de l\u2019\u00e9poque ont saisi l\u2019exode et les combats.<br>\ud83d\udc49 <a href=\"https:\/\/www.youtube.com\/watch?v=ZuQlbFIj2-g\" target=\"_blank\" rel=\"noreferrer noopener\">ITN Archive \u2013 <em>Turkish Invasion of Cyprus Captured Up Close (1974)<\/em><\/a><br>\ud83d\udc49 <a href=\"https:\/\/youtu.be\/VAKm3eR-zbI\" target=\"_blank\" rel=\"noreferrer noopener\">AP Archive \u2013 <em>Aftermath of Turkish bomb attack in Famagusta (22 juillet 1974)<\/em><\/a><\/p>\n\n\n\n<p>Depuis, Varosha est rest\u00e9e <strong>officiellement inhabit\u00e9e<\/strong>. En <strong>1984<\/strong>, la r\u00e9solution <strong>550<\/strong> du Conseil de s\u00e9curit\u00e9 de l\u2019ONU a fix\u00e9 une ligne rouge:  toute tentative de repeuplement par d\u2019autres que les habitants d\u2019origine sera jug\u00e9e \u00ab\u00a0inadmissible\u00a0\u00bb Le texte appel\u00e9e \u00e0 placer la zone sous administration internationale (<a href=\"https:\/\/en.wikipedia.org\/wiki\/United_Nations_Security_Council_Resolution_550?utm_source=chatgpt.com\" target=\"_blank\" rel=\"noreferrer noopener\">ONU \u2013 R\u00e9solution 550 (1984)<\/a>).<\/p>\n\n\n\n<p>Un demi-si\u00e8cle plus tard, les fa\u00e7ades l\u00e9preuses, les h\u00f4tels \u00e9ventr\u00e9s et les plages d\u00e9sert\u00e9es donnent toujours l\u2019image d\u2019une <strong>ville fig\u00e9e dans le temps<\/strong>.<\/p>\n\n\n\n<h2 class=\"wp-block-heading\"><strong>Varosha Chypre: La r\u00e9ouverture partielle<\/strong> en 2020.<\/h2>\n\n\n\n<figure class=\"wp-block-image size-large\"><img decoding=\"async\" width=\"1024\" height=\"683\" src=\"https:\/\/panomadphotographie.net\/blog\/wp-content\/uploads\/2025\/03\/sans-titre-406-Avec-accentuation-Bruit-1024x683.webp\" alt=\"\" class=\"wp-image-1192\" srcset=\"https:\/\/panomadphotographie.net\/blog\/wp-content\/uploads\/2025\/03\/sans-titre-406-Avec-accentuation-Bruit-1024x683.webp 1024w, https:\/\/panomadphotographie.net\/blog\/wp-content\/uploads\/2025\/03\/sans-titre-406-Avec-accentuation-Bruit-300x200.webp 300w, https:\/\/panomadphotographie.net\/blog\/wp-content\/uploads\/2025\/03\/sans-titre-406-Avec-accentuation-Bruit-768x512.webp 768w, https:\/\/panomadphotographie.net\/blog\/wp-content\/uploads\/2025\/03\/sans-titre-406-Avec-accentuation-Bruit-1536x1024.webp 1536w, https:\/\/panomadphotographie.net\/blog\/wp-content\/uploads\/2025\/03\/sans-titre-406-Avec-accentuation-Bruit-973x649.webp 973w, https:\/\/panomadphotographie.net\/blog\/wp-content\/uploads\/2025\/03\/sans-titre-406-Avec-accentuation-Bruit-508x339.webp 508w, https:\/\/panomadphotographie.net\/blog\/wp-content\/uploads\/2025\/03\/sans-titre-406-Avec-accentuation-Bruit.webp 1620w\" sizes=\"(max-width: 1024px) 100vw, 1024px\" \/><\/figure>\n\n\n\n<p>Le <strong>8 octobre 2020<\/strong>, les autorit\u00e9s de la RTCN ont rouvert une portion du front de mer et quelques avenues principales, jusque-l\u00e0 interdites depuis 1974. (<a href=\"https:\/\/www.reuters.com\/article\/us-cyprus-turkey-varosha-idUSKBN26R2WL\/?utm_source=chatgpt.com\" target=\"_blank\" rel=\"noreferrer noopener\">Reuters<\/a>).<\/p>\n\n\n\n<p>Depuis, le dirigeant chypriote turc <strong>Ersin Tatar<\/strong> revendique plus de <strong>2,2 millions de visiteurs<\/strong>. Pr\u00e9sent\u00e9s comme la preuve de l\u2019\u201cattractivit\u00e9 retrouv\u00e9e\u201d du site, ces chiffres servent aussi \u00e0 justifier des projets de d\u00e9molition et de r\u00e9novation cibl\u00e9e. (<a href=\"https:\/\/knews.kathimerini.com.cy\/en\/news\/2-2-million-visitors-since-varosha-s-reopening-tatar-says\" target=\"_blank\" rel=\"noreferrer noopener\">Kathimerini\/KNEWS<\/a>).<\/p>\n\n\n\n<p>Mais cette ouverture unilat\u00e9rale a aussit\u00f4t relanc\u00e9 les tensions. En <strong>juillet 2021<\/strong>, le <strong>Conseil de s\u00e9curit\u00e9 de l\u2019ONU<\/strong> a r\u00e9affirm\u00e9 cette position historique. Dans une d\u00e9claration, il a de nouveau jug\u00e9 la d\u00e9marche \u00ab\u00a0inadmissible\u00a0\u00bb et exig\u00e9  l&rsquo;annulation des mesures prises \u00e0 Varosha depuis 2020. (<a href=\"https:\/\/www.aljazeera.com\/news\/2021\/7\/23\/un-security-council-condemns-plan-reopen-varosha-northern-cyprus\" target=\"_blank\" rel=\"noreferrer noopener\">Al Jazeera<\/a>, d\u00e9claration pr\u00e9sidentielle S\/PRST\/2021\/13).<\/p>\n\n\n\n<p>La pression s\u2019est accentu\u00e9e en <strong>2024<\/strong> : l\u2019<strong>Assembl\u00e9e parlementaire du Conseil de l\u2019Europe<\/strong> a adopt\u00e9 la r\u00e9solution <em>\u201c<strong>Call for Varosha\u2019s return to its lawful inhabitants<\/strong>\u201d<\/em> (Doc. 16004), pr\u00e9sent\u00e9e par l\u2019Italien <strong>Piero Fassino<\/strong>. Elle  demande la restitution du quartier \u00e0 ses propri\u00e9taires l\u00e9gitimes et son placement sous administration internationale. (<a href=\"https:\/\/pace.coe.int\/en\/files\/33554\/html?utm_source=chatgpt.com\" target=\"_blank\" rel=\"noreferrer noopener\">Conseil de l\u2019Europe<\/a>).<\/p>\n\n\n\n<p>En clair, la r\u00e9ouverture partielle de Varosha, pr\u00e9sent\u00e9e par la RTCN comme une opportunit\u00e9 \u00e9conomique, reste <strong>un dossier explosif<\/strong>. Elle crystalise les  calculs politiques, le droit international et la m\u00e9moire des exil\u00e9s.<\/p>\n\n\n\n<h2 class=\"wp-block-heading\">Varosha Chypre, enjeu g\u00e9opolitique au c\u0153ur de Chypre<\/h2>\n\n\n\n<figure class=\"wp-block-image size-large\"><img decoding=\"async\" width=\"1024\" height=\"683\" src=\"https:\/\/panomadphotographie.net\/blog\/wp-content\/uploads\/2025\/03\/001-Varosha-1024x683.webp\" alt=\"Des panneaux de surveillance et d'instruction pour les visiteurs \u00e0 l'entr\u00e9e de Varosha. Surveillance and visitor instruction signs at the entrance of Varosha\" class=\"wp-image-1203\" srcset=\"https:\/\/panomadphotographie.net\/blog\/wp-content\/uploads\/2025\/03\/001-Varosha-1024x683.webp 1024w, https:\/\/panomadphotographie.net\/blog\/wp-content\/uploads\/2025\/03\/001-Varosha-300x200.webp 300w, https:\/\/panomadphotographie.net\/blog\/wp-content\/uploads\/2025\/03\/001-Varosha-768x512.webp 768w, https:\/\/panomadphotographie.net\/blog\/wp-content\/uploads\/2025\/03\/001-Varosha-1536x1024.webp 1536w, https:\/\/panomadphotographie.net\/blog\/wp-content\/uploads\/2025\/03\/001-Varosha-973x649.webp 973w, https:\/\/panomadphotographie.net\/blog\/wp-content\/uploads\/2025\/03\/001-Varosha-508x339.webp 508w, https:\/\/panomadphotographie.net\/blog\/wp-content\/uploads\/2025\/03\/001-Varosha.webp 1620w\" sizes=\"(max-width: 1024px) 100vw, 1024px\" \/><figcaption class=\"wp-element-caption\">L\u2019entr\u00e9e de Varosha est sous surveillance permanente, avec des panneaux informant les visiteurs des r\u00e8gles strictes.<\/figcaption><\/figure>\n\n\n\n<p>Au-del\u00e0 des ruines et des plages d\u00e9sert\u00e9es, Varosha est devenu un <strong>instrument de pouvoir<\/strong> dans le conflit chypriote. Longtemps sous contr\u00f4le militaire turc, ce quartier est transform\u00e9 depuis 2020 en vitrine politique par la R\u00e9publique turque de Chypre du Nord (RTCN),  et Ankara afin d&rsquo;affirmer une souverainet\u00e9 de facto.<\/p>\n\n\n\n<h3 class=\"wp-block-heading\">Une visite symbolique d&rsquo;Erdogan et Tatar<\/h3>\n\n\n\n<p>En <strong>novembre 2020<\/strong>, le pr\u00e9sident turc <strong>Recep Tayyip Erdo\u011fan<\/strong> s\u2019est rendu \u00e0 Varosha accompagn\u00e9 d\u2019Ersin Tatar. Cette visite, hautement symbolique, fut pr\u00e9sent\u00e9e par Ankara comme l\u2019ouverture d\u2019une \u00ab nouvelle \u00e8re \u00bb pour le nord de Chypre, malgr\u00e9 les interdits impos\u00e9s par le droit international.<br>Sources :<\/p>\n\n\n\n<ul class=\"wp-block-list\">\n<li><a href=\"https:\/\/www.reuters.com\/article\/world\/turkey-rejects-european-parliament-call-for-sanctions-over-cyprus-idUSKBN2870VI\/?utm_source=chatgpt.com\">Reuters \u2013 <em>Erdogan incensed Cyprus by visiting Varosha<\/em> (27 novembre 2020)<\/a><\/li>\n\n\n\n<li><a href=\"https:\/\/www.theguardian.com\/world\/2021\/jul\/18\/unease-in-the-air-as-cyprus-ghost-town-rises-from-the-ruins-of-war?utm_source=chatgpt.com\" target=\"_blank\" rel=\"noreferrer noopener\">The Guardian \u2013 <em>Unease in the air as Cyprus ghost town rises from the ruins of war<\/em> (18 juillet 2021, avec photo)<\/a><\/li>\n<\/ul>\n\n\n\n<h3 class=\"wp-block-heading\">L&rsquo;\u00e9chec de Crans-Montana<\/h3>\n\n\n\n<p>Pour la <strong>R\u00e9publique de Chypre (sud)<\/strong>, cette ouverture constitue une <strong>violation grave du droit international<\/strong>. Le pr\u00e9sident <strong>Nicos Anastasiades<\/strong> l\u2019a qualifi\u00e9e de <strong>\u00ab flagrant violation of international law \u00bb<\/strong>, rappelant que ces actions compromettent les r\u00e9solutions du conseil de s\u00e9curit\u00e9. (<a href=\"https:\/\/www.euronews.com\/my-europe\/2021\/04\/26\/can-a-new-round-of-un-peace-talks-solve-the-decades-old-cyprus-conflict?utm_source=chatgpt.com\" target=\"_blank\" rel=\"noreferrer noopener\">Euronews \u2013 <em>Can a new round of UN peace talks solve the decades-old Cyprus conflict?<\/em> (26 avril 2021)<\/a>).<\/p>\n\n\n\n<p>Ce bras de fer diplomatique s\u2019inscrit dans un contexte diplomatique d\u00e9j\u00e0 fragilis\u00e9. En 2017, la conf\u00e9rence de <strong>Crans-Montana<\/strong> en <strong>2017<\/strong>,consid\u00e9r\u00e9e comme la meilleure chance de r\u00e9unification depuis des d\u00e9cenniess, avait \u00e9chou\u00e9. Le secr\u00e9taire g\u00e9n\u00e9ral de l&rsquo;ONU , Antonio Guterres s&rsquo;\u00e9tait alors dit \u00ab\u00a0tr\u00e9s d\u00e9sol\u00e9\u00a0\u00bb de l&rsquo;absence d&rsquo;accord.  (<a href=\"https:\/\/www.reuters.com\/article\/world\/cyprus-reunification-talks-collapse-un-chief-very-sorry-idUSKBN19S02S\/?utm_source=chatgpt.com\" target=\"_blank\" rel=\"noreferrer noopener\">Reuters \u2013 <em>Cyprus reunification talks collapse, UN chief &lsquo;very sorry&rsquo;<\/em> (7 juillet 2017)<\/a>).<\/p>\n\n\n\n<p>L\u2019<strong>Union europ\u00e9enne<\/strong> a, de son cot\u00e9 , r\u00e9affirm\u00e9 sa ligne rouge.  Dans une d\u00e9claration du <strong>27 juillet 2021<\/strong>, elle a condomn\u00e9 les initiatives unilat\u00e9rales de la Turquie et de la RTCN. Elle a rappel\u00e9 l&rsquo;importance de respercter  les r\u00e9solutions 550 (1984) et 789 (1992) , et exig\u00e9 l\u2019<strong>annulation des mesures prises depuis octobre 2020<\/strong>. (<a href=\"https:\/\/www.consilium.europa.eu\/en\/press\/press-releases\/2021\/07\/27\/varosha-declaration-by-the-high-representative-on-behalf-of-the-european-union\/?utm_source=chatgpt.com\" target=\"_blank\" rel=\"noreferrer noopener\">Conseil de l\u2019UE \u2013 D\u00e9claration sur Varosha, 27 juillet 2021<\/a>).<\/p>\n\n\n\n<p><strong>En r\u00e9sum\u00e9<\/strong>, Varosha cristallise la fracture entre :<\/p>\n\n\n\n<ul class=\"wp-block-list\">\n<li><strong>Ankara et la RTCN<\/strong>, qui en font une vitrine politique et \u00e9conomique ;<\/li>\n\n\n\n<li><strong>Chypre sud<\/strong>, qui y voit une violation flagrante du droit international ;<\/li>\n\n\n\n<li>la <strong>communaut\u00e9 internationale<\/strong>, qui appelle \u00e0 un retour au dialogue et au respect des r\u00e9solutions de l&rsquo;ONU.<\/li>\n<\/ul>\n\n\n\n<h2 class=\"wp-block-heading\">Une ville fant\u00f4me devenue attraction touristique.<\/h2>\n\n\n\n<figure class=\"wp-block-image size-full\"><img decoding=\"async\" width=\"2560\" height=\"1707\" src=\"https:\/\/panomadphotographie.net\/blog\/wp-content\/uploads\/varosha-chypre-reouverture-2020-rue-hotel-abaodonne-scaled.webp\" alt=\"Varosha Chypre - romeneurs et familles dans une rue de Varosha, quartier baln\u00e9aire de Famagouste partiellement rouvert en 2020, devant des h\u00f4tels abandonn\u00e9s depuis 1974.\" class=\"wp-image-1851\" srcset=\"https:\/\/panomadphotographie.net\/blog\/wp-content\/uploads\/varosha-chypre-reouverture-2020-rue-hotel-abaodonne-scaled.webp 2560w, https:\/\/panomadphotographie.net\/blog\/wp-content\/uploads\/varosha-chypre-reouverture-2020-rue-hotel-abaodonne-150x100.webp 150w, https:\/\/panomadphotographie.net\/blog\/wp-content\/uploads\/varosha-chypre-reouverture-2020-rue-hotel-abaodonne-768x512.webp 768w, https:\/\/panomadphotographie.net\/blog\/wp-content\/uploads\/varosha-chypre-reouverture-2020-rue-hotel-abaodonne-1536x1024.webp 1536w, https:\/\/panomadphotographie.net\/blog\/wp-content\/uploads\/varosha-chypre-reouverture-2020-rue-hotel-abaodonne-2048x1366.webp 2048w, https:\/\/panomadphotographie.net\/blog\/wp-content\/uploads\/varosha-chypre-reouverture-2020-rue-hotel-abaodonne-973x649.webp 973w, https:\/\/panomadphotographie.net\/blog\/wp-content\/uploads\/varosha-chypre-reouverture-2020-rue-hotel-abaodonne-508x339.webp 508w\" sizes=\"(max-width: 2560px) 100vw, 2560px\" \/><figcaption class=\"wp-element-caption\">Varosha, Famagouste \u2013 Depuis 2020, certaines rues et h\u00f4tels abandonn\u00e9s de la ville fant\u00f4me sont accessibles aux visiteurs.<\/figcaption><\/figure>\n\n\n\n<p>Si Varosha reste juridiquement un espace contest\u00e9, il est devenu depuis 2020 une <strong>attraction touristique paradoxale<\/strong>. L\u2019ouverture partielle de son front de mer et de ses avenues principales attire d\u00e9sormais les habitants du nord de Chypre, des visiteurs venus de Turquie et des curieux internationaux.<\/p>\n\n\n\n<h3 class=\"wp-block-heading\">Fr\u00e9quentation record et communication officielle<\/h3>\n\n\n\n<p>Les autorit\u00e9s de la RTCN mettent en avant les <strong>chiffres de fr\u00e9quentation<\/strong>. Selon Ersin Tatar, plus de <strong>2,2 millions de visiteurs<\/strong> auraient d\u00e9j\u00e0 parcouru Varosha depuis sa r\u00e9ouverture. (<a href=\"https:\/\/knews.kathimerini.com.cy\/en\/news\/2-2-million-visitors-since-varosha-s-reopening-tatar-says?utm_source=chatgpt.com\" target=\"_blank\" rel=\"noreferrer noopener\">KNEWS\/Kathimerini \u2013 <em>2.2 million visitors since Varosha\u2019s reopening, Tatar says<\/em><\/a>). Difficile \u00e0 v\u00e9rifier, ces chiffres illustrent toutefois l\u2019attrait exerc\u00e9 par cette <strong>\u201cville fant\u00f4me\u201d<\/strong> redevenue accessible.<\/p>\n\n\n\n<p>Le contraste est saisissant : derri\u00e8re les fa\u00e7ades \u00e9ventr\u00e9es, les <strong>plages de sable<\/strong> sont \u00e0 nouveau fr\u00e9quent\u00e9es. Des <strong>kiosques<\/strong> rouvrent, tandis que des visiteurs posent devant les immeubles effondr\u00e9s. Les images abondent sur <strong>Instagram<\/strong> ou <strong>YouTube<\/strong>:  influenceur et curieux  mettent en sc\u00e8ne leur passage dans ce lieu charg\u00e9 d\u2019histoire, entre fascination et malaise.<\/p>\n\n\n\n<h3 class=\"wp-block-heading\">Quand l&rsquo;art s&#8217;empare de la ville fantome<\/h3>\n\n\n\n<p>Varosha inspire aussi des cr\u00e9ateurs ind\u00e9pendants. Le collectif Main-De-Gloire a diffus\u00e9 sur YouTube une vid\u00e9o intitul\u00e9e \u00ab\u00a0Varosha Ghost Town\u00a0\u00bb. R\u00e9alis\u00e9e par Gleb Leve et Nicko Gloire, mast\u00e9ris\u00e9e aux studios Abbey Road, elle alterne images a\u00e9riennes, rues d\u00e9sert\u00e9es, et musique. Entre documentaire visuel et clip musical, l&rsquo;oeuvre rappelle l&rsquo;\u00e2ge d&rsquo;or du quartier dans les ann\u00e9es 1960-70, puis sa chute brutale en 1974, lorsque l&rsquo;arm\u00e9e turque forca la population \u00e0 l&rsquo;exil. <br>\ud83d\udc49 <a href=\"https:\/\/www.youtube.com\/watch?v=dJyhn6jQjkA\" target=\"_blank\" rel=\"noreferrer noopener\">YouTube \u2013 Main-De-Gloire, <em>Varosha. Ghost Town<\/em><\/a><\/p>\n\n\n\n<p>Certains consid\u00e8rent cette fr\u00e9quentation comme une forme de tourisme de m\u00e9moire, comparable \u00e0 la visite d&rsquo;autres sites marqu\u00e9s par les conflits. D&rsquo;autres y voient une banalisation d&rsquo;un espace toujours au coeur des n\u00e9gocaitons de paix. Comme le notait The <em>Guardian<\/em> en 2021, \u201cles touristes d\u00e9ambulent entre les h\u00f4tels effondr\u00e9s et les plages r\u00e9nov\u00e9es, comme dans un d\u00e9cor post-apocalyptique o\u00f9 l\u2019histoire se m\u00eale au spectacle\u201d. (<a href=\"https:\/\/www.theguardian.com\/world\/2021\/jul\/18\/unease-in-the-air-as-cyprus-ghost-town-rises-from-the-ruins-of-war?utm_source=chatgpt.com\" target=\"_blank\" rel=\"noreferrer noopener\">The Guardian \u2013 <em>Unease in the air as Cyprus ghost town rises from the ruins of war<\/em><\/a>).<\/p>\n\n\n\n<p>En arri\u00e8re-plan,  la <strong>m\u00e9moire des anciens habitants grecs chypriotes<\/strong> demeure vive.  Pour eux, voir leurs maisons et commerces transform\u00e9s en attraction touristique n&rsquo;est pas une curiosit\u00e9, mais une blessure supp\u00e9lmentaire.  Un rappel cruel du temps qui passe sans solution politique durable.<\/p>\n\n\n\n<p>Dans une autre plong\u00e9e dans des lieux fig\u00e9s par le temps, d\u00e9couvrez notre reportage sur la <a href=\"https:\/\/panomadphotographie.net\/blog\/piscine-luminy-marseille\/\">Piscine de Luminy \u00e0 Marseille, entre urbex et street art<\/a>.<\/p>\n\n\n\n<h2 class=\"wp-block-heading\">Quel avenir pour Varosha ?<\/h2>\n\n\n\n<figure class=\"wp-block-image size-large\"><img decoding=\"async\" width=\"1024\" height=\"683\" src=\"https:\/\/panomadphotographie.net\/blog\/wp-content\/uploads\/2025\/03\/sans-titre-339-Modifier-1024x683.webp\" alt=\"Fa\u00e7ade en pierre du bureau du cadastre de Famagouste, Chypre du Nord, avec des volets en bois et une horloge. Stone facade of the Famagusta cadastre office, Northern Cyprus, featuring wooden shutters and a clock.\" class=\"wp-image-1195\" srcset=\"https:\/\/panomadphotographie.net\/blog\/wp-content\/uploads\/2025\/03\/sans-titre-339-Modifier-1024x683.webp 1024w, https:\/\/panomadphotographie.net\/blog\/wp-content\/uploads\/2025\/03\/sans-titre-339-Modifier-300x200.webp 300w, https:\/\/panomadphotographie.net\/blog\/wp-content\/uploads\/2025\/03\/sans-titre-339-Modifier-768x512.webp 768w, https:\/\/panomadphotographie.net\/blog\/wp-content\/uploads\/2025\/03\/sans-titre-339-Modifier-1536x1024.webp 1536w, https:\/\/panomadphotographie.net\/blog\/wp-content\/uploads\/2025\/03\/sans-titre-339-Modifier-973x649.webp 973w, https:\/\/panomadphotographie.net\/blog\/wp-content\/uploads\/2025\/03\/sans-titre-339-Modifier-508x339.webp 508w, https:\/\/panomadphotographie.net\/blog\/wp-content\/uploads\/2025\/03\/sans-titre-339-Modifier.webp 1620w\" sizes=\"(max-width: 1024px) 100vw, 1024px\" \/><figcaption class=\"wp-element-caption\">L\u2019ancien bureau du cadastre de Famagouste, un b\u00e2timent administratif charg\u00e9 d\u2019histoire.<\/figcaption><\/figure>\n\n\n\n<p>Cinquante ans apr\u00e8s son abandon, Varosha reste une \u00e9nigme urbaine et politique. Pour Ankara et la RTCN, la r\u00e9ouverture partielle s\u2019inscrit dans une strat\u00e9gie de normalisation \u00e9conomique et d\u2019int\u00e9gration progressive du quartier au nord de Chypre. Les annonces de r\u00e9novation et de d\u00e9veloppement vont dans ce sens, malgr\u00e9 les mises en garde r\u00e9p\u00e9t\u00e9es des Nations unies et de l\u2019Union europ\u00e9enne.<\/p>\n\n\n\n<p>Pour la R\u00e9publique de Chypre, Varosha demeure au contraire le symbole d\u2019une spoliation. La restitution du quartier \u00e0 ses habitants l\u00e9gitimes reste un pr\u00e9alable incontournable \u00e0 tout r\u00e8glement politique. Le pr\u00e9sident Nikos Anastasiades l\u2019a rappel\u00e9 \u00e0 plusieurs reprises : la question de Varosha est indissociable de celle de la r\u00e9unification de l\u2019\u00eele (<a>Euronews<\/a>).<\/p>\n\n\n\n<p>Sur le plan international, le Conseil de s\u00e9curit\u00e9 de l\u2019ONU et l\u2019Union europ\u00e9enne maintiennent la m\u00eame ligne : toute tentative de repeuplement par d\u2019autres que les habitants d\u2019origine est \u201cinadmissible\u201d. Bruxelles appelle r\u00e9guli\u00e8rement Ankara \u00e0 respecter ces engagements et \u00e0 reprendre le dialogue sous l\u2019\u00e9gide des Nations unies (<a href=\"https:\/\/en.wikipedia.org\/wiki\/United_Nations_Security_Council_Resolution_550\">ONU<\/a>, <a href=\"https:\/\/www.consilium.europa.eu\/en\/press\/press-releases\/2021\/07\/27\/varosha-declaration-by-the-high-representative-on-behalf-of-the-european-union\/\">Conseil de l\u2019UE<\/a>).<\/p>\n\n\n\n<p>Mais au-del\u00e0 des jeux diplomatiques, c\u2019est la m\u00e9moire des exil\u00e9s grecs chypriotes qui demeure centrale. Beaucoup esp\u00e8rent toujours retrouver leurs maisons et commerces abandonn\u00e9s en 1974. Pour eux, chaque d\u00e9molition ou projet de r\u00e9novation renforce la crainte que Varosha ne devienne un simple d\u00e9cor touristique, effa\u00e7ant peu \u00e0 peu les traces d\u2019une vie interrompue.<\/p>\n\n\n\n<p>L\u2019avenir de Varosha, cette ville fant\u00f4me de Famagouste, se joue \u00e0 la crois\u00e9e de plusieurs logiques :<\/p>\n\n\n\n<ul class=\"wp-block-list\">\n<li>la consolidation territoriale voulue par Ankara et la RTCN ;<\/li>\n\n\n\n<li>le droit international, qui r\u00e9clame sa restitution ;<\/li>\n\n\n\n<li>et la m\u00e9moire collective des habitants d\u00e9racin\u00e9s.<\/li>\n<\/ul>\n\n\n\n<p>Entre vitrine \u00e9conomique, enjeu g\u00e9opolitique et symbole de m\u00e9moire, Varosha demeure un territoire suspendu, dont l\u2019avenir reste plus incertain que jamais.<\/p>\n","protected":false},"excerpt":{"rendered":"<p>Varosha Chypre, quartier baln\u00e9aire de Famagouste fig\u00e9 depuis l\u2019intervention turque de 1974, est redevenu visible au monde le 8 octobre 2020, lorsqu\u2019une portion de son front de mer&#8230;<\/p>\n","protected":false},"author":1,"featured_media":0,"comment_status":"closed","ping_status":"closed","sticky":false,"template":"","format":"gallery","meta":{"footnotes":""},"categories":[4],"tags":[],"class_list":["post-499","post","type-post","status-publish","format-gallery","hentry","category-photographe-voyage","post_format-post-format-gallery"],"yoast_head":"<!-- This site is optimized with the Yoast SEO plugin v27.2 - https:\/\/yoast.com\/product\/yoast-seo-wordpress\/ -->\n<title>Varosha Chypre : la ville fant\u00f4me au c\u0153ur d\u2019un conflit<\/title>\n<meta name=\"description\" content=\"Varosha Chypre : d\u00e9couvrez l\u2019histoire de cette ville fant\u00f4me, fig\u00e9e depuis 1974, au centre d\u2019enjeux politiques et m\u00e9moriels.\" \/>\n<meta name=\"robots\" content=\"index, follow, max-snippet:-1, max-image-preview:large, max-video-preview:-1\" \/>\n<link rel=\"canonical\" href=\"https:\/\/panomadphotographie.net\/blog\/varosha-chypre-ville-fantome\/\" \/>\n<meta property=\"og:locale\" content=\"fr_FR\" \/>\n<meta property=\"og:type\" content=\"article\" \/>\n<meta property=\"og:title\" content=\"Varosha Chypre : la ville fant\u00f4me au c\u0153ur d\u2019un conflit\" \/>\n<meta property=\"og:description\" content=\"Varosha Chypre : d\u00e9couvrez l\u2019histoire de cette ville fant\u00f4me, fig\u00e9e depuis 1974, au centre d\u2019enjeux politiques et m\u00e9moriels.\" \/>\n<meta property=\"og:url\" content=\"https:\/\/panomadphotographie.net\/blog\/varosha-chypre-ville-fantome\/\" \/>\n<meta property=\"og:site_name\" content=\"PANOMAD\" \/>\n<meta property=\"article:publisher\" content=\"https:\/\/www.facebook.com\/panomadphotographie\/\" \/>\n<meta property=\"article:published_time\" content=\"2024-04-10T16:39:43+00:00\" \/>\n<meta property=\"article:modified_time\" content=\"2025-08-24T00:16:10+00:00\" \/>\n<meta property=\"og:image\" content=\"https:\/\/panomadphotographie.net\/blog\/wp-content\/uploads\/2025\/03\/sans-titre-414.webp\" \/>\n\t<meta property=\"og:image:width\" content=\"1620\" \/>\n\t<meta property=\"og:image:height\" content=\"1080\" \/>\n\t<meta property=\"og:image:type\" content=\"image\/webp\" \/>\n<meta name=\"author\" content=\"pfs.panomad@gmail.com\" \/>\n<meta name=\"twitter:card\" content=\"summary_large_image\" \/>\n<meta name=\"twitter:label1\" content=\"\u00c9crit par\" \/>\n\t<meta name=\"twitter:data1\" content=\"pfs.panomad@gmail.com\" \/>\n\t<meta name=\"twitter:label2\" content=\"Dur\u00e9e de lecture estim\u00e9e\" \/>\n\t<meta name=\"twitter:data2\" content=\"10 minutes\" \/>\n<script type=\"application\/ld+json\" class=\"yoast-schema-graph\">{\"@context\":\"https:\/\/schema.org\",\"@graph\":[{\"@type\":\"Article\",\"@id\":\"https:\/\/panomadphotographie.net\/blog\/varosha-chypre-ville-fantome\/#article\",\"isPartOf\":{\"@id\":\"https:\/\/panomadphotographie.net\/blog\/varosha-chypre-ville-fantome\/\"},\"author\":{\"name\":\"pfs.panomad@gmail.com\",\"@id\":\"https:\/\/panomadphotographie.net\/blog\/#\/schema\/person\/c09ce91d646762071cbe2c4011e3fbfa\"},\"headline\":\"Varosha Chypre : la ville fant\u00f4me fig\u00e9e dans le temps.\",\"datePublished\":\"2024-04-10T16:39:43+00:00\",\"dateModified\":\"2025-08-24T00:16:10+00:00\",\"mainEntityOfPage\":{\"@id\":\"https:\/\/panomadphotographie.net\/blog\/varosha-chypre-ville-fantome\/\"},\"wordCount\":1795,\"publisher\":{\"@id\":\"https:\/\/panomadphotographie.net\/blog\/#organization\"},\"image\":{\"@id\":\"https:\/\/panomadphotographie.net\/blog\/varosha-chypre-ville-fantome\/#primaryimage\"},\"thumbnailUrl\":\"https:\/\/panomadphotographie.net\/blog\/wp-content\/uploads\/2025\/03\/sans-titre-414-1024x683.webp\",\"articleSection\":[\"Voyage &amp; d\u00e9couverte\"],\"inLanguage\":\"fr-FR\"},{\"@type\":\"WebPage\",\"@id\":\"https:\/\/panomadphotographie.net\/blog\/varosha-chypre-ville-fantome\/\",\"url\":\"https:\/\/panomadphotographie.net\/blog\/varosha-chypre-ville-fantome\/\",\"name\":\"Varosha Chypre : la ville fant\u00f4me au c\u0153ur d\u2019un conflit\",\"isPartOf\":{\"@id\":\"https:\/\/panomadphotographie.net\/blog\/#website\"},\"primaryImageOfPage\":{\"@id\":\"https:\/\/panomadphotographie.net\/blog\/varosha-chypre-ville-fantome\/#primaryimage\"},\"image\":{\"@id\":\"https:\/\/panomadphotographie.net\/blog\/varosha-chypre-ville-fantome\/#primaryimage\"},\"thumbnailUrl\":\"https:\/\/panomadphotographie.net\/blog\/wp-content\/uploads\/2025\/03\/sans-titre-414-1024x683.webp\",\"datePublished\":\"2024-04-10T16:39:43+00:00\",\"dateModified\":\"2025-08-24T00:16:10+00:00\",\"description\":\"Varosha Chypre : d\u00e9couvrez l\u2019histoire de cette ville fant\u00f4me, fig\u00e9e depuis 1974, au centre d\u2019enjeux politiques et m\u00e9moriels.\",\"breadcrumb\":{\"@id\":\"https:\/\/panomadphotographie.net\/blog\/varosha-chypre-ville-fantome\/#breadcrumb\"},\"inLanguage\":\"fr-FR\",\"potentialAction\":[{\"@type\":\"ReadAction\",\"target\":[\"https:\/\/panomadphotographie.net\/blog\/varosha-chypre-ville-fantome\/\"]}]},{\"@type\":\"ImageObject\",\"inLanguage\":\"fr-FR\",\"@id\":\"https:\/\/panomadphotographie.net\/blog\/varosha-chypre-ville-fantome\/#primaryimage\",\"url\":\"https:\/\/panomadphotographie.net\/blog\/wp-content\/uploads\/2025\/03\/sans-titre-414.webp\",\"contentUrl\":\"https:\/\/panomadphotographie.net\/blog\/wp-content\/uploads\/2025\/03\/sans-titre-414.webp\",\"width\":1620,\"height\":1080,\"caption\":\"La plage de Varosha, autrefois pris\u00e9e par les touristes, contraste aujourd\u2019hui avec les immeubles laiss\u00e9s \u00e0 l\u2019abandon.\"},{\"@type\":\"BreadcrumbList\",\"@id\":\"https:\/\/panomadphotographie.net\/blog\/varosha-chypre-ville-fantome\/#breadcrumb\",\"itemListElement\":[{\"@type\":\"ListItem\",\"position\":1,\"name\":\"Accueil\",\"item\":\"https:\/\/panomadphotographie.net\/blog\/\"},{\"@type\":\"ListItem\",\"position\":2,\"name\":\"Varosha Chypre\"}]},{\"@type\":\"WebSite\",\"@id\":\"https:\/\/panomadphotographie.net\/blog\/#website\",\"url\":\"https:\/\/panomadphotographie.net\/blog\/\",\"name\":\"panomadphotogrpahie\",\"description\":\"Phtographie\",\"publisher\":{\"@id\":\"https:\/\/panomadphotographie.net\/blog\/#organization\"},\"potentialAction\":[{\"@type\":\"SearchAction\",\"target\":{\"@type\":\"EntryPoint\",\"urlTemplate\":\"https:\/\/panomadphotographie.net\/blog\/?s={search_term_string}\"},\"query-input\":{\"@type\":\"PropertyValueSpecification\",\"valueRequired\":true,\"valueName\":\"search_term_string\"}}],\"inLanguage\":\"fr-FR\"},{\"@type\":\"Organization\",\"@id\":\"https:\/\/panomadphotographie.net\/blog\/#organization\",\"name\":\"panomad photographie\",\"url\":\"https:\/\/panomadphotographie.net\/blog\/\",\"logo\":{\"@type\":\"ImageObject\",\"inLanguage\":\"fr-FR\",\"@id\":\"https:\/\/panomadphotographie.net\/blog\/#\/schema\/logo\/image\/\",\"url\":\"https:\/\/panomadphotographie.net\/blog\/wp-content\/uploads\/cropped-ChatGPT-Image-9-dec.-2025-00_29_22.png\",\"contentUrl\":\"https:\/\/panomadphotographie.net\/blog\/wp-content\/uploads\/cropped-ChatGPT-Image-9-dec.-2025-00_29_22.png\",\"width\":1024,\"height\":768,\"caption\":\"panomad photographie\"},\"image\":{\"@id\":\"https:\/\/panomadphotographie.net\/blog\/#\/schema\/logo\/image\/\"},\"sameAs\":[\"https:\/\/www.facebook.com\/panomadphotographie\/\",\"https:\/\/www.linkedin.com\/in\/panomadphotographie\/\"]},{\"@type\":\"Person\",\"@id\":\"https:\/\/panomadphotographie.net\/blog\/#\/schema\/person\/c09ce91d646762071cbe2c4011e3fbfa\",\"name\":\"pfs.panomad@gmail.com\",\"image\":{\"@type\":\"ImageObject\",\"inLanguage\":\"fr-FR\",\"@id\":\"https:\/\/secure.gravatar.com\/avatar\/94cb0ece4106ebb1937fc341f90bceeb3abca5b76c465cad6e6971d0a394098e?s=96&d=mm&r=g\",\"url\":\"https:\/\/secure.gravatar.com\/avatar\/94cb0ece4106ebb1937fc341f90bceeb3abca5b76c465cad6e6971d0a394098e?s=96&d=mm&r=g\",\"contentUrl\":\"https:\/\/secure.gravatar.com\/avatar\/94cb0ece4106ebb1937fc341f90bceeb3abca5b76c465cad6e6971d0a394098e?s=96&d=mm&r=g\",\"caption\":\"pfs.panomad@gmail.com\"},\"sameAs\":[\"https:\/\/book.panomadphotographie.net\"]}]}<\/script>\n<!-- \/ Yoast SEO plugin. -->","yoast_head_json":{"title":"Varosha Chypre : la ville fant\u00f4me au c\u0153ur d\u2019un conflit","description":"Varosha Chypre : d\u00e9couvrez l\u2019histoire de cette ville fant\u00f4me, fig\u00e9e depuis 1974, au centre d\u2019enjeux politiques et m\u00e9moriels.","robots":{"index":"index","follow":"follow","max-snippet":"max-snippet:-1","max-image-preview":"max-image-preview:large","max-video-preview":"max-video-preview:-1"},"canonical":"https:\/\/panomadphotographie.net\/blog\/varosha-chypre-ville-fantome\/","og_locale":"fr_FR","og_type":"article","og_title":"Varosha Chypre : la ville fant\u00f4me au c\u0153ur d\u2019un conflit","og_description":"Varosha Chypre : d\u00e9couvrez l\u2019histoire de cette ville fant\u00f4me, fig\u00e9e depuis 1974, au centre d\u2019enjeux politiques et m\u00e9moriels.","og_url":"https:\/\/panomadphotographie.net\/blog\/varosha-chypre-ville-fantome\/","og_site_name":"PANOMAD","article_publisher":"https:\/\/www.facebook.com\/panomadphotographie\/","article_published_time":"2024-04-10T16:39:43+00:00","article_modified_time":"2025-08-24T00:16:10+00:00","og_image":[{"width":1620,"height":1080,"url":"https:\/\/panomadphotographie.net\/blog\/wp-content\/uploads\/2025\/03\/sans-titre-414.webp","type":"image\/webp"}],"author":"pfs.panomad@gmail.com","twitter_card":"summary_large_image","twitter_misc":{"\u00c9crit par":"pfs.panomad@gmail.com","Dur\u00e9e de lecture estim\u00e9e":"10 minutes"},"schema":{"@context":"https:\/\/schema.org","@graph":[{"@type":"Article","@id":"https:\/\/panomadphotographie.net\/blog\/varosha-chypre-ville-fantome\/#article","isPartOf":{"@id":"https:\/\/panomadphotographie.net\/blog\/varosha-chypre-ville-fantome\/"},"author":{"name":"pfs.panomad@gmail.com","@id":"https:\/\/panomadphotographie.net\/blog\/#\/schema\/person\/c09ce91d646762071cbe2c4011e3fbfa"},"headline":"Varosha Chypre : la ville fant\u00f4me fig\u00e9e dans le temps.","datePublished":"2024-04-10T16:39:43+00:00","dateModified":"2025-08-24T00:16:10+00:00","mainEntityOfPage":{"@id":"https:\/\/panomadphotographie.net\/blog\/varosha-chypre-ville-fantome\/"},"wordCount":1795,"publisher":{"@id":"https:\/\/panomadphotographie.net\/blog\/#organization"},"image":{"@id":"https:\/\/panomadphotographie.net\/blog\/varosha-chypre-ville-fantome\/#primaryimage"},"thumbnailUrl":"https:\/\/panomadphotographie.net\/blog\/wp-content\/uploads\/2025\/03\/sans-titre-414-1024x683.webp","articleSection":["Voyage &amp; d\u00e9couverte"],"inLanguage":"fr-FR"},{"@type":"WebPage","@id":"https:\/\/panomadphotographie.net\/blog\/varosha-chypre-ville-fantome\/","url":"https:\/\/panomadphotographie.net\/blog\/varosha-chypre-ville-fantome\/","name":"Varosha Chypre : la ville fant\u00f4me au c\u0153ur d\u2019un conflit","isPartOf":{"@id":"https:\/\/panomadphotographie.net\/blog\/#website"},"primaryImageOfPage":{"@id":"https:\/\/panomadphotographie.net\/blog\/varosha-chypre-ville-fantome\/#primaryimage"},"image":{"@id":"https:\/\/panomadphotographie.net\/blog\/varosha-chypre-ville-fantome\/#primaryimage"},"thumbnailUrl":"https:\/\/panomadphotographie.net\/blog\/wp-content\/uploads\/2025\/03\/sans-titre-414-1024x683.webp","datePublished":"2024-04-10T16:39:43+00:00","dateModified":"2025-08-24T00:16:10+00:00","description":"Varosha Chypre : d\u00e9couvrez l\u2019histoire de cette ville fant\u00f4me, fig\u00e9e depuis 1974, au centre d\u2019enjeux politiques et m\u00e9moriels.","breadcrumb":{"@id":"https:\/\/panomadphotographie.net\/blog\/varosha-chypre-ville-fantome\/#breadcrumb"},"inLanguage":"fr-FR","potentialAction":[{"@type":"ReadAction","target":["https:\/\/panomadphotographie.net\/blog\/varosha-chypre-ville-fantome\/"]}]},{"@type":"ImageObject","inLanguage":"fr-FR","@id":"https:\/\/panomadphotographie.net\/blog\/varosha-chypre-ville-fantome\/#primaryimage","url":"https:\/\/panomadphotographie.net\/blog\/wp-content\/uploads\/2025\/03\/sans-titre-414.webp","contentUrl":"https:\/\/panomadphotographie.net\/blog\/wp-content\/uploads\/2025\/03\/sans-titre-414.webp","width":1620,"height":1080,"caption":"La plage de Varosha, autrefois pris\u00e9e par les touristes, contraste aujourd\u2019hui avec les immeubles laiss\u00e9s \u00e0 l\u2019abandon."},{"@type":"BreadcrumbList","@id":"https:\/\/panomadphotographie.net\/blog\/varosha-chypre-ville-fantome\/#breadcrumb","itemListElement":[{"@type":"ListItem","position":1,"name":"Accueil","item":"https:\/\/panomadphotographie.net\/blog\/"},{"@type":"ListItem","position":2,"name":"Varosha Chypre"}]},{"@type":"WebSite","@id":"https:\/\/panomadphotographie.net\/blog\/#website","url":"https:\/\/panomadphotographie.net\/blog\/","name":"panomadphotogrpahie","description":"Phtographie","publisher":{"@id":"https:\/\/panomadphotographie.net\/blog\/#organization"},"potentialAction":[{"@type":"SearchAction","target":{"@type":"EntryPoint","urlTemplate":"https:\/\/panomadphotographie.net\/blog\/?s={search_term_string}"},"query-input":{"@type":"PropertyValueSpecification","valueRequired":true,"valueName":"search_term_string"}}],"inLanguage":"fr-FR"},{"@type":"Organization","@id":"https:\/\/panomadphotographie.net\/blog\/#organization","name":"panomad photographie","url":"https:\/\/panomadphotographie.net\/blog\/","logo":{"@type":"ImageObject","inLanguage":"fr-FR","@id":"https:\/\/panomadphotographie.net\/blog\/#\/schema\/logo\/image\/","url":"https:\/\/panomadphotographie.net\/blog\/wp-content\/uploads\/cropped-ChatGPT-Image-9-dec.-2025-00_29_22.png","contentUrl":"https:\/\/panomadphotographie.net\/blog\/wp-content\/uploads\/cropped-ChatGPT-Image-9-dec.-2025-00_29_22.png","width":1024,"height":768,"caption":"panomad photographie"},"image":{"@id":"https:\/\/panomadphotographie.net\/blog\/#\/schema\/logo\/image\/"},"sameAs":["https:\/\/www.facebook.com\/panomadphotographie\/","https:\/\/www.linkedin.com\/in\/panomadphotographie\/"]},{"@type":"Person","@id":"https:\/\/panomadphotographie.net\/blog\/#\/schema\/person\/c09ce91d646762071cbe2c4011e3fbfa","name":"pfs.panomad@gmail.com","image":{"@type":"ImageObject","inLanguage":"fr-FR","@id":"https:\/\/secure.gravatar.com\/avatar\/94cb0ece4106ebb1937fc341f90bceeb3abca5b76c465cad6e6971d0a394098e?s=96&d=mm&r=g","url":"https:\/\/secure.gravatar.com\/avatar\/94cb0ece4106ebb1937fc341f90bceeb3abca5b76c465cad6e6971d0a394098e?s=96&d=mm&r=g","contentUrl":"https:\/\/secure.gravatar.com\/avatar\/94cb0ece4106ebb1937fc341f90bceeb3abca5b76c465cad6e6971d0a394098e?s=96&d=mm&r=g","caption":"pfs.panomad@gmail.com"},"sameAs":["https:\/\/book.panomadphotographie.net"]}]}},"_links":{"self":[{"href":"https:\/\/panomadphotographie.net\/blog\/wp-json\/wp\/v2\/posts\/499","targetHints":{"allow":["GET"]}}],"collection":[{"href":"https:\/\/panomadphotographie.net\/blog\/wp-json\/wp\/v2\/posts"}],"about":[{"href":"https:\/\/panomadphotographie.net\/blog\/wp-json\/wp\/v2\/types\/post"}],"author":[{"embeddable":true,"href":"https:\/\/panomadphotographie.net\/blog\/wp-json\/wp\/v2\/users\/1"}],"replies":[{"embeddable":true,"href":"https:\/\/panomadphotographie.net\/blog\/wp-json\/wp\/v2\/comments?post=499"}],"version-history":[{"count":0,"href":"https:\/\/panomadphotographie.net\/blog\/wp-json\/wp\/v2\/posts\/499\/revisions"}],"wp:attachment":[{"href":"https:\/\/panomadphotographie.net\/blog\/wp-json\/wp\/v2\/media?parent=499"}],"wp:term":[{"taxonomy":"category","embeddable":true,"href":"https:\/\/panomadphotographie.net\/blog\/wp-json\/wp\/v2\/categories?post=499"},{"taxonomy":"post_tag","embeddable":true,"href":"https:\/\/panomadphotographie.net\/blog\/wp-json\/wp\/v2\/tags?post=499"}],"curies":[{"name":"wp","href":"https:\/\/api.w.org\/{rel}","templated":true}]}}