{"id":446,"date":"2024-04-08T20:09:16","date_gmt":"2024-04-08T18:09:16","guid":{"rendered":"https:\/\/book.panomadphotographie.net\/?p=446"},"modified":"2025-06-15T17:39:37","modified_gmt":"2025-06-15T15:39:37","slug":"carnaval-la-ciotat-2024","status":"publish","type":"post","link":"https:\/\/panomadphotographie.net\/blog\/carnaval-la-ciotat-2024\/","title":{"rendered":"Voyage f\u00e9\u00e9rique \u00e0 travers les continents"},"content":{"rendered":"\n<p>Le carnaval de La Ciotat 2024 a marqu\u00e9 les esprits de milliers de spectateurs venus assister \u00e0 ce spectacle haut en couleurs. Apr\u00e9s quatre ans d&rsquo;absence, le carnaval a fait son grand retour samedi 6 Avril 2024 sous le th\u00e8me du voyage.<br><\/p>\n","protected":false},"excerpt":{"rendered":"<p>Le carnaval de La Ciotat 2024 a marqu\u00e9 les esprits de milliers de spectateurs venus assister \u00e0 ce spectacle haut en couleurs. Apr\u00e9s quatre ans d&rsquo;absence, le carnaval&#8230;<\/p>\n","protected":false},"author":1,"featured_media":0,"comment_status":"closed","ping_status":"closed","sticky":false,"template":"","format":"gallery","meta":{"footnotes":""},"categories":[4],"tags":[],"class_list":["post-446","post","type-post","status-publish","format-gallery","hentry","category-photographe-voyage","post_format-post-format-gallery"],"yoast_head":"<!-- This site is optimized with the Yoast SEO plugin v27.2 - https:\/\/yoast.com\/product\/yoast-seo-wordpress\/ -->\n<title>Carnaval La Ciotat 2024 | Voyage f\u00e9\u00e9rique \u00e0 travers les continents |<\/title>\n<meta name=\"description\" content=\"Carnaval de La Ciotat 2024 ! Apr\u00e8s quatre ans d&#039;absence, l&#039;\u00e9v\u00e9nement a enflamm\u00e9 la ville sous le th\u00e8me du voyage.\" \/>\n<meta name=\"robots\" content=\"index, follow, max-snippet:-1, max-image-preview:large, max-video-preview:-1\" \/>\n<link rel=\"canonical\" href=\"https:\/\/panomadphotographie.net\/blog\/carnaval-la-ciotat-2024\/\" \/>\n<meta property=\"og:locale\" content=\"fr_FR\" \/>\n<meta property=\"og:type\" content=\"article\" \/>\n<meta property=\"og:title\" content=\"Carnaval La Ciotat 2024 | Voyage f\u00e9\u00e9rique \u00e0 travers les continents |\" \/>\n<meta property=\"og:description\" content=\"Carnaval de La Ciotat 2024 ! Apr\u00e8s quatre ans d&#039;absence, l&#039;\u00e9v\u00e9nement a enflamm\u00e9 la ville sous le th\u00e8me du voyage.\" \/>\n<meta property=\"og:url\" content=\"https:\/\/panomadphotographie.net\/blog\/carnaval-la-ciotat-2024\/\" \/>\n<meta property=\"og:site_name\" content=\"PANOMAD\" \/>\n<meta property=\"article:publisher\" content=\"https:\/\/www.facebook.com\/panomadphotographie\/\" \/>\n<meta property=\"article:published_time\" content=\"2024-04-08T18:09:16+00:00\" \/>\n<meta property=\"article:modified_time\" content=\"2025-06-15T15:39:37+00:00\" \/>\n<meta property=\"og:image\" content=\"https:\/\/panomadphotographie.net\/blog\/wp-content\/uploads\/2025\/02\/001.sans-titre.jpg\" \/>\n\t<meta property=\"og:image:width\" content=\"716\" \/>\n\t<meta property=\"og:image:height\" content=\"720\" \/>\n\t<meta property=\"og:image:type\" content=\"image\/jpeg\" \/>\n<meta name=\"author\" content=\"pfs.panomad@gmail.com\" \/>\n<meta name=\"twitter:card\" content=\"summary_large_image\" \/>\n<meta name=\"twitter:label1\" content=\"\u00c9crit par\" \/>\n\t<meta name=\"twitter:data1\" content=\"pfs.panomad@gmail.com\" \/>\n\t<meta name=\"twitter:label2\" content=\"Dur\u00e9e de lecture estim\u00e9e\" \/>\n\t<meta name=\"twitter:data2\" content=\"1 minute\" \/>\n<script type=\"application\/ld+json\" class=\"yoast-schema-graph\">{\"@context\":\"https:\/\/schema.org\",\"@graph\":[{\"@type\":\"Article\",\"@id\":\"https:\/\/panomadphotographie.net\/blog\/carnaval-la-ciotat-2024\/#article\",\"isPartOf\":{\"@id\":\"https:\/\/panomadphotographie.net\/blog\/carnaval-la-ciotat-2024\/\"},\"author\":{\"name\":\"pfs.panomad@gmail.com\",\"@id\":\"https:\/\/panomadphotographie.net\/blog\/#\/schema\/person\/c09ce91d646762071cbe2c4011e3fbfa\"},\"headline\":\"Voyage f\u00e9\u00e9rique \u00e0 travers les continents\",\"datePublished\":\"2024-04-08T18:09:16+00:00\",\"dateModified\":\"2025-06-15T15:39:37+00:00\",\"mainEntityOfPage\":{\"@id\":\"https:\/\/panomadphotographie.net\/blog\/carnaval-la-ciotat-2024\/\"},\"wordCount\":47,\"publisher\":{\"@id\":\"https:\/\/panomadphotographie.net\/blog\/#organization\"},\"articleSection\":[\"Voyage &amp; d\u00e9couverte\"],\"inLanguage\":\"fr-FR\"},{\"@type\":\"WebPage\",\"@id\":\"https:\/\/panomadphotographie.net\/blog\/carnaval-la-ciotat-2024\/\",\"url\":\"https:\/\/panomadphotographie.net\/blog\/carnaval-la-ciotat-2024\/\",\"name\":\"Carnaval La Ciotat 2024 | Voyage f\u00e9\u00e9rique \u00e0 travers les continents |\",\"isPartOf\":{\"@id\":\"https:\/\/panomadphotographie.net\/blog\/#website\"},\"datePublished\":\"2024-04-08T18:09:16+00:00\",\"dateModified\":\"2025-06-15T15:39:37+00:00\",\"description\":\"Carnaval de La Ciotat 2024 ! Apr\u00e8s quatre ans d'absence, l'\u00e9v\u00e9nement a enflamm\u00e9 la ville sous le th\u00e8me du voyage.\",\"breadcrumb\":{\"@id\":\"https:\/\/panomadphotographie.net\/blog\/carnaval-la-ciotat-2024\/#breadcrumb\"},\"inLanguage\":\"fr-FR\",\"potentialAction\":[{\"@type\":\"ReadAction\",\"target\":[\"https:\/\/panomadphotographie.net\/blog\/carnaval-la-ciotat-2024\/\"]}]},{\"@type\":\"BreadcrumbList\",\"@id\":\"https:\/\/panomadphotographie.net\/blog\/carnaval-la-ciotat-2024\/#breadcrumb\",\"itemListElement\":[{\"@type\":\"ListItem\",\"position\":1,\"name\":\"Accueil\",\"item\":\"https:\/\/panomadphotographie.net\/blog\/\"},{\"@type\":\"ListItem\",\"position\":2,\"name\":\"Accueil > Blog > Carnaval La Ciotat 2024\"}]},{\"@type\":\"WebSite\",\"@id\":\"https:\/\/panomadphotographie.net\/blog\/#website\",\"url\":\"https:\/\/panomadphotographie.net\/blog\/\",\"name\":\"panomadphotogrpahie\",\"description\":\"Phtographie\",\"publisher\":{\"@id\":\"https:\/\/panomadphotographie.net\/blog\/#organization\"},\"potentialAction\":[{\"@type\":\"SearchAction\",\"target\":{\"@type\":\"EntryPoint\",\"urlTemplate\":\"https:\/\/panomadphotographie.net\/blog\/?s={search_term_string}\"},\"query-input\":{\"@type\":\"PropertyValueSpecification\",\"valueRequired\":true,\"valueName\":\"search_term_string\"}}],\"inLanguage\":\"fr-FR\"},{\"@type\":\"Organization\",\"@id\":\"https:\/\/panomadphotographie.net\/blog\/#organization\",\"name\":\"panomad photographie\",\"url\":\"https:\/\/panomadphotographie.net\/blog\/\",\"logo\":{\"@type\":\"ImageObject\",\"inLanguage\":\"fr-FR\",\"@id\":\"https:\/\/panomadphotographie.net\/blog\/#\/schema\/logo\/image\/\",\"url\":\"https:\/\/panomadphotographie.net\/blog\/wp-content\/uploads\/cropped-ChatGPT-Image-9-dec.-2025-00_29_22.png\",\"contentUrl\":\"https:\/\/panomadphotographie.net\/blog\/wp-content\/uploads\/cropped-ChatGPT-Image-9-dec.-2025-00_29_22.png\",\"width\":1024,\"height\":768,\"caption\":\"panomad photographie\"},\"image\":{\"@id\":\"https:\/\/panomadphotographie.net\/blog\/#\/schema\/logo\/image\/\"},\"sameAs\":[\"https:\/\/www.facebook.com\/panomadphotographie\/\",\"https:\/\/www.linkedin.com\/in\/panomadphotographie\/\"]},{\"@type\":\"Person\",\"@id\":\"https:\/\/panomadphotographie.net\/blog\/#\/schema\/person\/c09ce91d646762071cbe2c4011e3fbfa\",\"name\":\"pfs.panomad@gmail.com\",\"image\":{\"@type\":\"ImageObject\",\"inLanguage\":\"fr-FR\",\"@id\":\"https:\/\/secure.gravatar.com\/avatar\/94cb0ece4106ebb1937fc341f90bceeb3abca5b76c465cad6e6971d0a394098e?s=96&d=mm&r=g\",\"url\":\"https:\/\/secure.gravatar.com\/avatar\/94cb0ece4106ebb1937fc341f90bceeb3abca5b76c465cad6e6971d0a394098e?s=96&d=mm&r=g\",\"contentUrl\":\"https:\/\/secure.gravatar.com\/avatar\/94cb0ece4106ebb1937fc341f90bceeb3abca5b76c465cad6e6971d0a394098e?s=96&d=mm&r=g\",\"caption\":\"pfs.panomad@gmail.com\"},\"sameAs\":[\"https:\/\/book.panomadphotographie.net\"]}]}<\/script>\n<!-- \/ Yoast SEO plugin. -->","yoast_head_json":{"title":"Carnaval La Ciotat 2024 | Voyage f\u00e9\u00e9rique \u00e0 travers les continents |","description":"Carnaval de La Ciotat 2024 ! Apr\u00e8s quatre ans d'absence, l'\u00e9v\u00e9nement a enflamm\u00e9 la ville sous le th\u00e8me du voyage.","robots":{"index":"index","follow":"follow","max-snippet":"max-snippet:-1","max-image-preview":"max-image-preview:large","max-video-preview":"max-video-preview:-1"},"canonical":"https:\/\/panomadphotographie.net\/blog\/carnaval-la-ciotat-2024\/","og_locale":"fr_FR","og_type":"article","og_title":"Carnaval La Ciotat 2024 | Voyage f\u00e9\u00e9rique \u00e0 travers les continents |","og_description":"Carnaval de La Ciotat 2024 ! Apr\u00e8s quatre ans d'absence, l'\u00e9v\u00e9nement a enflamm\u00e9 la ville sous le th\u00e8me du voyage.","og_url":"https:\/\/panomadphotographie.net\/blog\/carnaval-la-ciotat-2024\/","og_site_name":"PANOMAD","article_publisher":"https:\/\/www.facebook.com\/panomadphotographie\/","article_published_time":"2024-04-08T18:09:16+00:00","article_modified_time":"2025-06-15T15:39:37+00:00","og_image":[{"width":716,"height":720,"url":"https:\/\/panomadphotographie.net\/blog\/wp-content\/uploads\/2025\/02\/001.sans-titre.jpg","type":"image\/jpeg"}],"author":"pfs.panomad@gmail.com","twitter_card":"summary_large_image","twitter_misc":{"\u00c9crit par":"pfs.panomad@gmail.com","Dur\u00e9e de lecture estim\u00e9e":"1 minute"},"schema":{"@context":"https:\/\/schema.org","@graph":[{"@type":"Article","@id":"https:\/\/panomadphotographie.net\/blog\/carnaval-la-ciotat-2024\/#article","isPartOf":{"@id":"https:\/\/panomadphotographie.net\/blog\/carnaval-la-ciotat-2024\/"},"author":{"name":"pfs.panomad@gmail.com","@id":"https:\/\/panomadphotographie.net\/blog\/#\/schema\/person\/c09ce91d646762071cbe2c4011e3fbfa"},"headline":"Voyage f\u00e9\u00e9rique \u00e0 travers les continents","datePublished":"2024-04-08T18:09:16+00:00","dateModified":"2025-06-15T15:39:37+00:00","mainEntityOfPage":{"@id":"https:\/\/panomadphotographie.net\/blog\/carnaval-la-ciotat-2024\/"},"wordCount":47,"publisher":{"@id":"https:\/\/panomadphotographie.net\/blog\/#organization"},"articleSection":["Voyage &amp; d\u00e9couverte"],"inLanguage":"fr-FR"},{"@type":"WebPage","@id":"https:\/\/panomadphotographie.net\/blog\/carnaval-la-ciotat-2024\/","url":"https:\/\/panomadphotographie.net\/blog\/carnaval-la-ciotat-2024\/","name":"Carnaval La Ciotat 2024 | Voyage f\u00e9\u00e9rique \u00e0 travers les continents |","isPartOf":{"@id":"https:\/\/panomadphotographie.net\/blog\/#website"},"datePublished":"2024-04-08T18:09:16+00:00","dateModified":"2025-06-15T15:39:37+00:00","description":"Carnaval de La Ciotat 2024 ! Apr\u00e8s quatre ans d'absence, l'\u00e9v\u00e9nement a enflamm\u00e9 la ville sous le th\u00e8me du voyage.","breadcrumb":{"@id":"https:\/\/panomadphotographie.net\/blog\/carnaval-la-ciotat-2024\/#breadcrumb"},"inLanguage":"fr-FR","potentialAction":[{"@type":"ReadAction","target":["https:\/\/panomadphotographie.net\/blog\/carnaval-la-ciotat-2024\/"]}]},{"@type":"BreadcrumbList","@id":"https:\/\/panomadphotographie.net\/blog\/carnaval-la-ciotat-2024\/#breadcrumb","itemListElement":[{"@type":"ListItem","position":1,"name":"Accueil","item":"https:\/\/panomadphotographie.net\/blog\/"},{"@type":"ListItem","position":2,"name":"Accueil > Blog > Carnaval La Ciotat 2024"}]},{"@type":"WebSite","@id":"https:\/\/panomadphotographie.net\/blog\/#website","url":"https:\/\/panomadphotographie.net\/blog\/","name":"panomadphotogrpahie","description":"Phtographie","publisher":{"@id":"https:\/\/panomadphotographie.net\/blog\/#organization"},"potentialAction":[{"@type":"SearchAction","target":{"@type":"EntryPoint","urlTemplate":"https:\/\/panomadphotographie.net\/blog\/?s={search_term_string}"},"query-input":{"@type":"PropertyValueSpecification","valueRequired":true,"valueName":"search_term_string"}}],"inLanguage":"fr-FR"},{"@type":"Organization","@id":"https:\/\/panomadphotographie.net\/blog\/#organization","name":"panomad photographie","url":"https:\/\/panomadphotographie.net\/blog\/","logo":{"@type":"ImageObject","inLanguage":"fr-FR","@id":"https:\/\/panomadphotographie.net\/blog\/#\/schema\/logo\/image\/","url":"https:\/\/panomadphotographie.net\/blog\/wp-content\/uploads\/cropped-ChatGPT-Image-9-dec.-2025-00_29_22.png","contentUrl":"https:\/\/panomadphotographie.net\/blog\/wp-content\/uploads\/cropped-ChatGPT-Image-9-dec.-2025-00_29_22.png","width":1024,"height":768,"caption":"panomad photographie"},"image":{"@id":"https:\/\/panomadphotographie.net\/blog\/#\/schema\/logo\/image\/"},"sameAs":["https:\/\/www.facebook.com\/panomadphotographie\/","https:\/\/www.linkedin.com\/in\/panomadphotographie\/"]},{"@type":"Person","@id":"https:\/\/panomadphotographie.net\/blog\/#\/schema\/person\/c09ce91d646762071cbe2c4011e3fbfa","name":"pfs.panomad@gmail.com","image":{"@type":"ImageObject","inLanguage":"fr-FR","@id":"https:\/\/secure.gravatar.com\/avatar\/94cb0ece4106ebb1937fc341f90bceeb3abca5b76c465cad6e6971d0a394098e?s=96&d=mm&r=g","url":"https:\/\/secure.gravatar.com\/avatar\/94cb0ece4106ebb1937fc341f90bceeb3abca5b76c465cad6e6971d0a394098e?s=96&d=mm&r=g","contentUrl":"https:\/\/secure.gravatar.com\/avatar\/94cb0ece4106ebb1937fc341f90bceeb3abca5b76c465cad6e6971d0a394098e?s=96&d=mm&r=g","caption":"pfs.panomad@gmail.com"},"sameAs":["https:\/\/book.panomadphotographie.net"]}]}},"_links":{"self":[{"href":"https:\/\/panomadphotographie.net\/blog\/wp-json\/wp\/v2\/posts\/446","targetHints":{"allow":["GET"]}}],"collection":[{"href":"https:\/\/panomadphotographie.net\/blog\/wp-json\/wp\/v2\/posts"}],"about":[{"href":"https:\/\/panomadphotographie.net\/blog\/wp-json\/wp\/v2\/types\/post"}],"author":[{"embeddable":true,"href":"https:\/\/panomadphotographie.net\/blog\/wp-json\/wp\/v2\/users\/1"}],"replies":[{"embeddable":true,"href":"https:\/\/panomadphotographie.net\/blog\/wp-json\/wp\/v2\/comments?post=446"}],"version-history":[{"count":0,"href":"https:\/\/panomadphotographie.net\/blog\/wp-json\/wp\/v2\/posts\/446\/revisions"}],"wp:attachment":[{"href":"https:\/\/panomadphotographie.net\/blog\/wp-json\/wp\/v2\/media?parent=446"}],"wp:term":[{"taxonomy":"category","embeddable":true,"href":"https:\/\/panomadphotographie.net\/blog\/wp-json\/wp\/v2\/categories?post=446"},{"taxonomy":"post_tag","embeddable":true,"href":"https:\/\/panomadphotographie.net\/blog\/wp-json\/wp\/v2\/tags?post=446"}],"curies":[{"name":"wp","href":"https:\/\/api.w.org\/{rel}","templated":true}]}}