{"id":2159,"date":"2025-12-19T16:34:33","date_gmt":"2025-12-19T15:34:33","guid":{"rendered":"https:\/\/panomadphotographie.net\/blog\/?p=2159"},"modified":"2025-12-19T16:38:27","modified_gmt":"2025-12-19T15:38:27","slug":"gpt-image-1-5-image-generee-par-ia","status":"publish","type":"post","link":"https:\/\/panomadphotographie.net\/blog\/gpt-image-1-5-image-generee-par-ia\/","title":{"rendered":"GPT-Image-1.5 : Image g\u00e9n\u00e9r\u00e9e par IA"},"content":{"rendered":"\n<p><strong>Avec GPT-Image-1.5, OpenAI ne se limite pas \u00e0 am\u00e9liorer la g\u00e9n\u00e9ration d\u2019images par intelligence artificielle. Le nouveau moteur marque une \u00e9volution profonde :\u00a0 le passage progressif d\u2019images illustratives vers des visuels mieux contr\u00f4l\u00e9s, contextualis\u00e9s et pens\u00e9s pour des usages professionnels.<\/strong><br>Depuis l\u2019int\u00e9gration des premi\u00e8res images g\u00e9n\u00e9r\u00e9es par intelligence artificielle dans ChatGPT, le rapport \u00e0 la cr\u00e9ation visuelle a \u00e9volu\u00e9. D\u2019abord, per\u00e7ue comme une nouveaut\u00e9 technologique accessible au grand public, l\u2019image g\u00e9n\u00e9r\u00e9e par IA s\u2019est <strong>progres<\/strong>s<strong>ivement<\/strong> impos\u00e9e dans des contextes plus structur\u00e9s, comme la communication, l\u2019illustration \u00e9ditoriale ou le prototypage visuel.<br>Au-del\u00e0 d\u2019un simple gain de qualit\u00e9 ou de rapidit\u00e9, le mod\u00e8le s\u2019inscrit dans une logique diff\u00e9rente. Dans cette logique, les concepteurs de ces outils pensent les images afin de faciliter leur compr\u00e9hension, leur ajustement et leur contextualisation. Cette \u00e9volution interroge \u00e0 la fois les usages et la responsabilit\u00e9 \u00e9ditoriale associ\u00e9e \u00e0 ces nouveaux outils.<br><\/p>\n\n\n\n<h2 class=\"wp-block-heading\">De DALL\u00b7E \u00e0 GPT-Image-1.5 : un changement de logique plus que de performance<\/h2>\n\n\n\n<h3 class=\"wp-block-heading\">DALL\u00b7E : un outil&nbsp; aux usages principalement illustratifs<\/h3>\n\n\n\n<p>Lors de son apparition, DALL\u00b7E a marqu\u00e9 un tournant dans la perception du grand public vis-\u00e0-vis des images g\u00e9n\u00e9r\u00e9es par intelligence artificielle. Pour de nombreux utilisateurs, il s\u2019agissait du premier contact avec des images capable d\u2019appara\u00eetre instantan\u00e9ment \u00e0 partir d\u2019une simple description textuelle.&nbsp;<\/p>\n\n\n\n<p>\u00c0 cette \u00e9poque, la g\u00e9n\u00e9ration d\u2019images fonctionnait avant tout comme un outil d\u2019illustration. Concr\u00e8tement, \u00e0 partir d\u2019une description, l\u2019IA produisait une image en une seule \u00e9tape. Cependant, le mod\u00e8le interpr\u00e9tait parfois les consignes de mani\u00e8re approximative.<br>Ainsi, les \u00e9l\u00e9ments demand\u00e9s apparaissaient bien dans l\u2019image, mais leur disposition, leurs proportions ou la mise en sc\u00e8ne pouvaient varier. En cons\u00e9quence, le contr\u00f4le sur le r\u00e9sultat final restait limit\u00e9.<\/p>\n\n\n\n<figure class=\"wp-block-image size-full\"><img decoding=\"async\" width=\"1024\" height=\"1024\" src=\"https:\/\/panomadphotographie.net\/blog\/wp-content\/uploads\/image-genere-ia-dalle-illustration-exploration-2023.webp\" alt=\"Image g\u00e9n\u00e9r\u00e9e par IA avec DALL\u00b7E illustrant les premiers usages visuels et les limites de contr\u00f4le avant GPT-Image-1.5\" class=\"wp-image-2162\" srcset=\"https:\/\/panomadphotographie.net\/blog\/wp-content\/uploads\/image-genere-ia-dalle-illustration-exploration-2023.webp 1024w, https:\/\/panomadphotographie.net\/blog\/wp-content\/uploads\/image-genere-ia-dalle-illustration-exploration-2023-150x150.webp 150w, https:\/\/panomadphotographie.net\/blog\/wp-content\/uploads\/image-genere-ia-dalle-illustration-exploration-2023-768x768.webp 768w, https:\/\/panomadphotographie.net\/blog\/wp-content\/uploads\/image-genere-ia-dalle-illustration-exploration-2023-88x88.webp 88w, https:\/\/panomadphotographie.net\/blog\/wp-content\/uploads\/image-genere-ia-dalle-illustration-exploration-2023-973x973.webp 973w, https:\/\/panomadphotographie.net\/blog\/wp-content\/uploads\/image-genere-ia-dalle-illustration-exploration-2023-508x508.webp 508w\" sizes=\"(max-width: 1024px) 100vw, 1024px\" \/><\/figure>\n\n\n\n<h3 class=\"wp-block-heading\">GPT-Image-1.5 : vers une image plus contr\u00f4l\u00e9e et plus contextuelle<\/h3>\n\n\n\n<p>Avec GPT-Image-1.5, OpenAI amorce une \u00e9volution sensible de cette approche. Pr\u00e9sent\u00e9 comme plus rapide et plus pr\u00e9cis dans l\u2019interpr\u00e9tation des consignes, le moteur de g\u00e9n\u00e9ration d&rsquo;images met surtout l\u2019accent sur la coh\u00e9rence globale des sc\u00e8nes produites: respect des proportions, continuit\u00e9 visuelle, gestion plus fine de la composition et de l\u2019\u00e9clairage.<\/p>\n\n\n\n<p>D\u00e9sormais, l\u2019objectif ne se limite plus \u00e0 produire une image attractive. Il s\u2019agit plut\u00f4t<strong> <\/strong>de traduire plus fid\u00e8lement l\u2019intention exprim\u00e9e par l\u2019utilisateur. Dans cette logique, GPT-Image-1.5 prend davantage en compte les descriptions fournies et g\u00e9n\u00e8re des images plus proches des consignes initiales. Cette \u00e9volution ouvre ainsi des usages plus concrets, notamment la possibilit\u00e9 d\u2019affiner une image au fil des essais.<\/p>\n\n\n\n<figure class=\"wp-block-image size-full\"><img decoding=\"async\" width=\"1024\" height=\"1024\" src=\"https:\/\/panomadphotographie.net\/blog\/wp-content\/uploads\/image-generee-ia-gpt-image-1-5-illustration-contextuelle.webp.webp\" alt=\"Image g\u00e9n\u00e9r\u00e9e par IA avec GPT-Image-1.5 montrant une meilleure coh\u00e9rence visuelle et un usage professionnel de l\u2019image g\u00e9n\u00e9r\u00e9e par IA\" class=\"wp-image-2163\" srcset=\"https:\/\/panomadphotographie.net\/blog\/wp-content\/uploads\/image-generee-ia-gpt-image-1-5-illustration-contextuelle.webp.webp 1024w, https:\/\/panomadphotographie.net\/blog\/wp-content\/uploads\/image-generee-ia-gpt-image-1-5-illustration-contextuelle.webp-150x150.webp 150w, https:\/\/panomadphotographie.net\/blog\/wp-content\/uploads\/image-generee-ia-gpt-image-1-5-illustration-contextuelle.webp-768x768.webp 768w, https:\/\/panomadphotographie.net\/blog\/wp-content\/uploads\/image-generee-ia-gpt-image-1-5-illustration-contextuelle.webp-88x88.webp 88w, https:\/\/panomadphotographie.net\/blog\/wp-content\/uploads\/image-generee-ia-gpt-image-1-5-illustration-contextuelle.webp-973x973.webp 973w, https:\/\/panomadphotographie.net\/blog\/wp-content\/uploads\/image-generee-ia-gpt-image-1-5-illustration-contextuelle.webp-508x508.webp 508w\" sizes=\"(max-width: 1024px) 100vw, 1024px\" \/><\/figure>\n\n\n\n<p>OpenAI \u2014 <em>Image generation guide<br><\/em><a href=\"https:\/\/platform.openai.com\/docs\/guides\/images\"> https:\/\/platform.openai.com\/docs\/guides\/images<\/a><\/p>\n\n\n\n<h2 class=\"wp-block-heading\">Un m\u00eame prompt, deux logiques de g\u00e9n\u00e9ration<\/h2>\n\n\n\n<h3 class=\"wp-block-heading\"><strong>Principe de la comparaison<\/strong><\/h3>\n\n\n\n<p>Pour mesurer concr\u00e8tement ce que change GPT-Image-1.5, nous avons g\u00e9n\u00e9r\u00e9 deux images \u00e0 partir d\u2019un <strong>prompt strictement identique<\/strong>.<br>Dans ce cadre, Seul le moteur de g\u00e9n\u00e9ration d\u2019images diff\u00e8re : d\u2019un c\u00f4t\u00e9 DALL\u00b7E, de l\u2019autre GPT-Image-1.5.<br>Cette m\u00e9thode permet d\u2019observer, \u00e0 consignes \u00e9gales, la mani\u00e8re dont chaque technologie interpr\u00e8te et restitue une m\u00eame intention visuelle.<\/p>\n\n\n\n<h3 class=\"wp-block-heading\">Une interpr\u00e9tation plus libre avec DALL\u00b7E<\/h3>\n\n\n\n<p>\u00c0 partir du prompt fourni, DALL\u00b7E produit une image imm\u00e9diatement lisible et coh\u00e9rente dans ses grandes lignes. La sc\u00e8ne est reconnaissable, les \u00e9l\u00e9ments demand\u00e9s sont pr\u00e9sents, mais leur organisation rel\u00e8ve d\u2019une interpr\u00e9tation relativement libre.<br>La composition privil\u00e9gie une narration visuelle globale, parfois au d\u00e9triment de la pr\u00e9cision ou de la coh\u00e9rence des d\u00e9tails. L\u2019image fonctionne comme une illustration compl\u00e8te, pens\u00e9e comme un r\u00e9sultat final.<\/p>\n\n\n\n<figure class=\"wp-block-image size-full\"><img decoding=\"async\" width=\"1024\" height=\"1024\" src=\"https:\/\/panomadphotographie.net\/blog\/wp-content\/uploads\/image-generee-ia-dalle-scene-professionnelle-illustration.webp\" alt=\"Image g\u00e9n\u00e9r\u00e9e par IA avec DALL\u00b7E illustrant une sc\u00e8ne de chantier, montrant les limites de contr\u00f4le et la libert\u00e9 d\u2019interpr\u00e9tation des premiers mod\u00e8les\" class=\"wp-image-2164\" srcset=\"https:\/\/panomadphotographie.net\/blog\/wp-content\/uploads\/image-generee-ia-dalle-scene-professionnelle-illustration.webp 1024w, https:\/\/panomadphotographie.net\/blog\/wp-content\/uploads\/image-generee-ia-dalle-scene-professionnelle-illustration-150x150.webp 150w, https:\/\/panomadphotographie.net\/blog\/wp-content\/uploads\/image-generee-ia-dalle-scene-professionnelle-illustration-768x768.webp 768w, https:\/\/panomadphotographie.net\/blog\/wp-content\/uploads\/image-generee-ia-dalle-scene-professionnelle-illustration-88x88.webp 88w, https:\/\/panomadphotographie.net\/blog\/wp-content\/uploads\/image-generee-ia-dalle-scene-professionnelle-illustration-973x973.webp 973w, https:\/\/panomadphotographie.net\/blog\/wp-content\/uploads\/image-generee-ia-dalle-scene-professionnelle-illustration-508x508.webp 508w\" sizes=\"(max-width: 1024px) 100vw, 1024px\" \/><\/figure>\n\n\n\n<h3 class=\"wp-block-heading\">Une restitution plus fid\u00e8le avec GPT-Image-1.5<\/h3>\n\n\n\n<p>Avec GPT-Image-1.5, le m\u00eame prompt conduit \u00e0 une image sensiblement diff\u00e9rente dans son approche. La sc\u00e8ne respecte plus strictement les \u00e9l\u00e9ments d\u00e9crits, tant dans leur disposition que dans leurs proportions.<br>La composition appara\u00eet plus sobre, plus lisible, et plus proche d\u2019une situation r\u00e9elle. L\u2019image ne cherche pas \u00e0 surinterpr\u00e9ter la consigne, mais \u00e0 la traduire de mani\u00e8re plus directe et plus contr\u00f4l\u00e9e.<\/p>\n\n\n\n<figure class=\"wp-block-image size-full\"><img decoding=\"async\" width=\"1024\" height=\"1024\" src=\"https:\/\/panomadphotographie.net\/blog\/wp-content\/uploads\/mage-generee-ia-responsabilite-editoriale-gpt-image-1-5.webp\" alt=\"Image g\u00e9n\u00e9r\u00e9e par IA avec GPT-Image-1.5 illustrant une sc\u00e8ne professionnelle r\u00e9aliste, posant la question de la responsabilit\u00e9 \u00e9ditoriale face \u00e0 des images proches du r\u00e9el\" class=\"wp-image-2165\" srcset=\"https:\/\/panomadphotographie.net\/blog\/wp-content\/uploads\/mage-generee-ia-responsabilite-editoriale-gpt-image-1-5.webp 1024w, https:\/\/panomadphotographie.net\/blog\/wp-content\/uploads\/mage-generee-ia-responsabilite-editoriale-gpt-image-1-5-150x150.webp 150w, https:\/\/panomadphotographie.net\/blog\/wp-content\/uploads\/mage-generee-ia-responsabilite-editoriale-gpt-image-1-5-768x768.webp 768w, https:\/\/panomadphotographie.net\/blog\/wp-content\/uploads\/mage-generee-ia-responsabilite-editoriale-gpt-image-1-5-88x88.webp 88w, https:\/\/panomadphotographie.net\/blog\/wp-content\/uploads\/mage-generee-ia-responsabilite-editoriale-gpt-image-1-5-973x973.webp 973w, https:\/\/panomadphotographie.net\/blog\/wp-content\/uploads\/mage-generee-ia-responsabilite-editoriale-gpt-image-1-5-508x508.webp 508w\" sizes=\"(max-width: 1024px) 100vw, 1024px\" \/><\/figure>\n\n\n\n<h2 class=\"wp-block-heading\">Quand l\u2019image se rapproche du r\u00e9el : un seuil \u00e9ditorial<\/h2>\n\n\n\n<p>Les progr\u00e8s r\u00e9cents de la g\u00e9n\u00e9ration d\u2019images par intelligence artificielle modifient profond\u00e9ment la perception visuelle.<br>Certaines images produites ou transform\u00e9es par IA peuvent aujourd\u2019hui adopter les codes de la photographie : texture, lumi\u00e8re, profondeur, coh\u00e9rence des formes.<\/p>\n\n\n\n<p>Jusqu\u2019\u00e0 r\u00e9cemment, les images g\u00e9n\u00e9r\u00e9es par IA \u00e9taient facilement identifiables. Leur rendu approximatif ou leur style illustratif les distinguaient nettement du r\u00e9el. Progressivement, cette fronti\u00e8re tend d\u00e9sormais \u00e0 s\u2019estomper.<\/p>\n\n\n\n<p>Le public peut interpr\u00e9ter une image cr\u00e9dible comme une photographie, m\u00eame lorsqu\u2019elle ne l\u2019est pas.. Sans indication claire, le lecteur projette sur l\u2019image un statut qu\u2019elle n\u2019a pas.<\/p>\n\n\n\n<p>Plus une image para\u00eet r\u00e9aliste, plus l\u2019\u00e9diteur doit en expliciter l\u2019origine.<\/p>\n\n\n\n<p>Reporter sans fronti\u00e8res &#8211; Charte de Paris sur l&rsquo;IA et le journalisme<br><a href=\"https:\/\/rsf.org\/fr\/rsf-et-16-organisations-partenaires-pr%C3%A9sentent-la-charte-de-paris-sur-l-ia-et-le-journalisme?utm_source=chatgpt.com\">https:\/\/rsf.org\/fr\/rsf-et-16-organisations-partenaires-pr%C3%A9sentent-la-charte-de-paris-sur-l-ia-et-le-journalisme Reporters Sans Fronti\u00e8res<\/a><\/p>\n\n\n\n<h3 class=\"wp-block-heading\">Du r\u00e9el transform\u00e9 \u00e0 l\u2019interpr\u00e9tation visuelle<\/h3>\n\n\n\n<figure class=\"wp-block-image size-full\"><img decoding=\"async\" width=\"2560\" height=\"1920\" src=\"https:\/\/panomadphotographie.net\/blog\/wp-content\/uploads\/images_reelles_ia_paroi_bibemus-scaled.webp\" alt=\"Images issue d\u2019une photographie r\u00e9elle, transform\u00e9e par intelligence artificielle \u00e0 partir de la structure originale.\" class=\"wp-image-2173\" srcset=\"https:\/\/panomadphotographie.net\/blog\/wp-content\/uploads\/images_reelles_ia_paroi_bibemus-scaled.webp 2560w, https:\/\/panomadphotographie.net\/blog\/wp-content\/uploads\/images_reelles_ia_paroi_bibemus-150x113.webp 150w, https:\/\/panomadphotographie.net\/blog\/wp-content\/uploads\/images_reelles_ia_paroi_bibemus-768x576.webp 768w, https:\/\/panomadphotographie.net\/blog\/wp-content\/uploads\/images_reelles_ia_paroi_bibemus-1536x1152.webp 1536w, https:\/\/panomadphotographie.net\/blog\/wp-content\/uploads\/images_reelles_ia_paroi_bibemus-2048x1536.webp 2048w, https:\/\/panomadphotographie.net\/blog\/wp-content\/uploads\/images_reelles_ia_paroi_bibemus-973x730.webp 973w, https:\/\/panomadphotographie.net\/blog\/wp-content\/uploads\/images_reelles_ia_paroi_bibemus-508x381.webp 508w\" sizes=\"(max-width: 2560px) 100vw, 2560px\" \/><\/figure>\n\n\n\n<p>Dans ce cas pr\u00e9cis, l\u2019IA ne cr\u00e9e pas une sc\u00e8ne fictive. Elle r\u00e9v\u00e8le une lecture possible de l\u2019existant.<br>La paroi rocheuse \u00e9voque un visage humain, non par invention, mais parce que notre regard projette spontan\u00e9ment cette interpr\u00e9tation.<\/p>\n\n\n\n<p>L\u2019intelligence artificielle agit ici comme un amplificateur.<br>Elle formalise une perception latente, sans effacer compl\u00e8tement la mati\u00e8re r\u00e9elle. <\/p>\n\n\n\n<p>\ud83d\udc49 <em>\u00c0 lire \u00e9galement :<br><\/em><a href=\"https:\/\/panomadphotographie.net\/blog\/carrieres-de-bibemus-cezanne\/\">Carri\u00e8res de Bib\u00e9mus C\u00e9zanne: histoire et visite d&rsquo;un paysage d&rsquo;artiste<\/a><\/p>\n\n\n\n<h2 class=\"wp-block-heading\">API, v\u00e9rification et tra\u00e7abilit\u00e9 : vers une IA plus encadr\u00e9e<\/h2>\n\n\n\n<h3 class=\"wp-block-heading\">Interface grand public et API : deux logiques d\u2019usage<\/h3>\n\n\n\n<p>Concr\u00e8tementL\u2019acc\u00e8s aux outils de g\u00e9n\u00e9ration d\u2019images ne se fait pas de la m\u00eame mani\u00e8re selon les usages.<br>D\u2019un c\u00f4t\u00e9, l\u2019interface grand public de ChatGPT permet de g\u00e9n\u00e9rer des images rapidement, sans configuration technique particuli\u00e8re. Elle s\u2019adresse avant tout \u00e0 des usages exploratoires, cr\u00e9atifs ou p\u00e9dagogiques.<\/p>\n\n\n\n<figure class=\"wp-block-image size-full\"><img decoding=\"async\" width=\"1024\" height=\"1024\" src=\"https:\/\/panomadphotographie.net\/blog\/wp-content\/uploads\/interface-grand-public-vs-api-image-generee-ia.webp\" alt=\"Illustration montrant la diff\u00e9rence entre une interface grand public et l\u2019utilisation d\u2019une API pour la g\u00e9n\u00e9ration d\u2019images par intelligence artificielle, dans un contexte de responsabilit\u00e9 \u00e9ditoriale\" class=\"wp-image-2168\" srcset=\"https:\/\/panomadphotographie.net\/blog\/wp-content\/uploads\/interface-grand-public-vs-api-image-generee-ia.webp 1024w, https:\/\/panomadphotographie.net\/blog\/wp-content\/uploads\/interface-grand-public-vs-api-image-generee-ia-150x150.webp 150w, https:\/\/panomadphotographie.net\/blog\/wp-content\/uploads\/interface-grand-public-vs-api-image-generee-ia-768x768.webp 768w, https:\/\/panomadphotographie.net\/blog\/wp-content\/uploads\/interface-grand-public-vs-api-image-generee-ia-88x88.webp 88w, https:\/\/panomadphotographie.net\/blog\/wp-content\/uploads\/interface-grand-public-vs-api-image-generee-ia-973x973.webp 973w, https:\/\/panomadphotographie.net\/blog\/wp-content\/uploads\/interface-grand-public-vs-api-image-generee-ia-508x508.webp 508w\" sizes=\"(max-width: 1024px) 100vw, 1024px\" \/><\/figure>\n\n\n\n<p>De l\u2019autre, l\u2019acc\u00e8s via l\u2019API OpenAI s\u2019inscrit dans une logique diff\u00e9rente.<br>Il suppose une mise en place technique, une cl\u00e9 d\u2019API, une gestion des appels et un suivi de l\u2019usage. Cette approche s\u2019adresse prioritairement \u00e0 des contextes professionnels : production de contenus, int\u00e9gration dans des outils, workflows \u00e9ditoriaux ou exp\u00e9rimentations document\u00e9es.<\/p>\n\n\n\n<p>Ce double acc\u00e8s traduit d\u00e9j\u00e0 une distinction claire&nbsp;<\/p>\n\n\n\n<ul class=\"wp-block-list\">\n<li>l\u2019IA comme outil grand public d\u2019un c\u00f4t\u00e9,<\/li>\n\n\n\n<li>l\u2019IA comme composant int\u00e9gr\u00e9 \u00e0 un processus de production de l\u2019autre..<\/li>\n<\/ul>\n\n\n\n<h3 class=\"wp-block-heading\">V\u00e9rification d\u2019identit\u00e9 et responsabilit\u00e9 des usages<\/h3>\n\n\n\n<p>L\u2019acc\u00e8s aux mod\u00e8les les plus r\u00e9cents via l\u2019API s\u2019accompagne d\u00e9sormais de m\u00e9canismes de v\u00e9rification.<br>Pour certains usages, OpenAI demande une validation de l\u2019identit\u00e9 de l\u2019organisation ou de l\u2019individu, notamment via des prestataires tiers.<\/p>\n\n\n\n<figure class=\"wp-block-image size-full\"><img decoding=\"async\" width=\"1024\" height=\"1024\" src=\"https:\/\/panomadphotographie.net\/blog\/wp-content\/uploads\/verification-identite-usage-api-image-generee-ia.webp\" alt=\"Illustration repr\u00e9sentant la v\u00e9rification d\u2019identit\u00e9 et le cadre de responsabilit\u00e9 associ\u00e9 \u00e0 l\u2019utilisation d\u2019images g\u00e9n\u00e9r\u00e9es par IA via une API\" class=\"wp-image-2169\" srcset=\"https:\/\/panomadphotographie.net\/blog\/wp-content\/uploads\/verification-identite-usage-api-image-generee-ia.webp 1024w, https:\/\/panomadphotographie.net\/blog\/wp-content\/uploads\/verification-identite-usage-api-image-generee-ia-150x150.webp 150w, https:\/\/panomadphotographie.net\/blog\/wp-content\/uploads\/verification-identite-usage-api-image-generee-ia-768x768.webp 768w, https:\/\/panomadphotographie.net\/blog\/wp-content\/uploads\/verification-identite-usage-api-image-generee-ia-88x88.webp 88w, https:\/\/panomadphotographie.net\/blog\/wp-content\/uploads\/verification-identite-usage-api-image-generee-ia-973x973.webp 973w, https:\/\/panomadphotographie.net\/blog\/wp-content\/uploads\/verification-identite-usage-api-image-generee-ia-508x508.webp 508w\" sizes=\"(max-width: 1024px) 100vw, 1024px\" \/><\/figure>\n\n\n\n<p>Cette d\u00e9marche ne rel\u00e8ve pas d\u2019un simple formalisme administratif. Elle s\u2019inscrit dans une logique de responsabilit\u00e9:<\/p>\n\n\n\n<ul class=\"wp-block-list\">\n<li>Identifier qui utilise les mod\u00e8les<\/li>\n\n\n\n<li>Dans quel cadre?<\/li>\n\n\n\n<li>\u00c0 quelles fins?<\/li>\n<\/ul>\n\n\n\n<p>Lorsque des images g\u00e9n\u00e9r\u00e9es peuvent se rapprocher visuellement du r\u00e9el, la question n\u2019est plus seulement technique. Elle devient \u00e9ditoriale, juridique et \u00e9thique.<\/p>\n\n\n\n<p>OpenAI \u2014 Safety, usage and access policies<br><a href=\"https:\/\/platform.openai.com\/docs\/overview\">https:\/\/platform.openai.com\/docs\/overview<\/a><\/p>\n\n\n\n<h3 class=\"wp-block-heading\">&nbsp;Tra\u00e7abilit\u00e9 : documenter plut\u00f4t que contr\u00f4ler<\/h3>\n\n\n\n<p>La tra\u00e7abilit\u00e9 ne vise pas \u00e0 surveiller les images ni \u00e0 limiter la cr\u00e9ation.<br>Elle sert avant tout \u00e0 <strong>documenter leur origine et leur usage<\/strong>.<\/p>\n\n\n\n<p>Concr\u00e8tement, la tra\u00e7abilit\u00e9 permet :<\/p>\n\n\n\n<ul class=\"wp-block-list\">\n<li>de <strong>prouver l\u2019ant\u00e9riorit\u00e9 de publication<\/strong> d\u2019une image,<\/li>\n\n\n\n<li>de <strong>lier l\u2019image \u00e0 un contexte pr\u00e9cis<\/strong> de cr\u00e9ation et de diffusion,<\/li>\n\n\n\n<li>d\u2019\u00e9viter que des tiers utilisent l\u2019image hors de son contexte \u00e9ditorial initial.<\/li>\n<\/ul>\n\n\n\n<p>Elle permet \u00e9galement de signaler que toute r\u00e9utilisation doit respecter :<\/p>\n\n\n\n<ul class=\"wp-block-list\">\n<li>le contexte dans lequel le cr\u00e9ateur \u00e0 produit l&rsquo;image<\/li>\n\n\n\n<li>la <strong>mention de son origine<\/strong>,<\/li>\n\n\n\n<li>l\u2019<strong>intention initiale<\/strong> de l\u2019auteur ou de l\u2019\u00e9diteur.<\/li>\n<\/ul>\n\n\n\n<p>Dans les usages professionnels, cette documentation devient un \u00e9l\u00e9ment cl\u00e9.<br>Elle clarifie le statut des images, renforce la transparence et limite les malentendus.<\/p>\n\n\n\n<figure class=\"wp-block-image size-full\"><img decoding=\"async\" width=\"1024\" height=\"1024\" src=\"https:\/\/panomadphotographie.net\/blog\/wp-content\/uploads\/tracabilite-image-generee-ia-processus-editorial.webp\" alt=\"\" class=\"wp-image-2170\" srcset=\"https:\/\/panomadphotographie.net\/blog\/wp-content\/uploads\/tracabilite-image-generee-ia-processus-editorial.webp 1024w, https:\/\/panomadphotographie.net\/blog\/wp-content\/uploads\/tracabilite-image-generee-ia-processus-editorial-150x150.webp 150w, https:\/\/panomadphotographie.net\/blog\/wp-content\/uploads\/tracabilite-image-generee-ia-processus-editorial-768x768.webp 768w, https:\/\/panomadphotographie.net\/blog\/wp-content\/uploads\/tracabilite-image-generee-ia-processus-editorial-88x88.webp 88w, https:\/\/panomadphotographie.net\/blog\/wp-content\/uploads\/tracabilite-image-generee-ia-processus-editorial-973x973.webp 973w, https:\/\/panomadphotographie.net\/blog\/wp-content\/uploads\/tracabilite-image-generee-ia-processus-editorial-508x508.webp 508w\" sizes=\"(max-width: 1024px) 100vw, 1024px\" \/><\/figure>\n\n\n\n<p>L\u2019arriv\u00e9e de GPT-Image-1.5 signale un changement de logique. L\u2019image produite par IA n\u2019est plus seulement un visuel autonome, mais un \u00e9l\u00e9ment qui s\u2019inscrit dans un contexte, un processus et une intention.<\/p>\n\n\n\n<h2 class=\"wp-block-heading\"><strong>Cr\u00e9er avec l\u2019IA : une question de cadre<\/strong><\/h2>\n\n\n\n<p>Pour les cr\u00e9ateurs d\u2019images, cette \u00e9volution invite \u00e0 distinguer clairement les usages. L\u2019IA peut servir \u00e0 illustrer, \u00e0 exp\u00e9rimenter, \u00e0 interpr\u00e9ter le r\u00e9el. Elle ne remplace ni le terrain, ni le regard, ni l\u2019exp\u00e9rience. Elle agit comme un outil compl\u00e9mentaire et peut ouvrir de nouvelles lectures, \u00e0 condition que le cr\u00e9ateur l\u2019utilise de mani\u00e8re consciente.<br>\u00c0 mesure que les images g\u00e9n\u00e9r\u00e9es se rapprochent visuellement du r\u00e9el, le d\u00e9bat se d\u00e9place : il ne porte plus sur la performance des mod\u00e8les, mais sur le cadre dans lequel les \u00e9diteurs produisent et diffusent ces images. <br>Reste une question ouverte : dans un monde o\u00f9 l\u2019image peut \u00e0 la fois documenter, interpr\u00e9ter et transformer le r\u00e9el, comment pr\u00e9server une relation de confiance entre celui qui montre et celui qui regarde ?<br><\/p>\n\n\n\n<p><strong>Pierre-F \u2014 Panomad<\/strong><\/p>\n\n\n\n<p>Cet article s\u2019appuie sur des images g\u00e9n\u00e9r\u00e9es ou transform\u00e9es via l\u2019API OpenAI, \u00e0 partir de descriptions textuelles et\/ou de photographies r\u00e9elles, dans une d\u00e9marche de tra\u00e7abilit\u00e9 et de transparence \u00e9ditoriale.<br><\/p>\n\n\n\n<p><\/p>\n","protected":false},"excerpt":{"rendered":"<p>Avec GPT-Image-1.5, OpenAI ne se limite pas \u00e0 am\u00e9liorer la g\u00e9n\u00e9ration d\u2019images par intelligence artificielle. Le nouveau moteur marque une \u00e9volution profonde :\u00a0 le passage progressif d\u2019images illustratives&#8230;<\/p>\n","protected":false},"author":1,"featured_media":2167,"comment_status":"closed","ping_status":"closed","sticky":false,"template":"","format":"standard","meta":{"footnotes":""},"categories":[2],"tags":[],"class_list":["post-2159","post","type-post","status-publish","format-standard","has-post-thumbnail","hentry","category-photographe-professionnel-marseille"],"yoast_head":"<!-- This site is optimized with the Yoast SEO plugin v27.2 - https:\/\/yoast.com\/product\/yoast-seo-wordpress\/ -->\n<title>image g\u00e9n\u00e9r\u00e9e par IA : GPT-Image-1.5<\/title>\n<meta name=\"description\" content=\"De DALL\u00b7E \u00e0 GPT-Image-1.5, l\u2019image g\u00e9n\u00e9r\u00e9e par IA et responsabilit\u00e9 \u00e9ditoriale deviennent indissociables. D\u00e9criptage des usages\" \/>\n<meta name=\"robots\" content=\"index, follow, max-snippet:-1, max-image-preview:large, max-video-preview:-1\" \/>\n<link rel=\"canonical\" href=\"https:\/\/panomadphotographie.net\/blog\/gpt-image-1-5-image-generee-par-ia\/\" \/>\n<meta property=\"og:locale\" content=\"fr_FR\" \/>\n<meta property=\"og:type\" content=\"article\" \/>\n<meta property=\"og:title\" content=\"image g\u00e9n\u00e9r\u00e9e par IA : GPT-Image-1.5\" \/>\n<meta property=\"og:description\" content=\"De DALL\u00b7E \u00e0 GPT-Image-1.5, l\u2019image g\u00e9n\u00e9r\u00e9e par IA et responsabilit\u00e9 \u00e9ditoriale deviennent indissociables. D\u00e9criptage des usages\" \/>\n<meta property=\"og:url\" content=\"https:\/\/panomadphotographie.net\/blog\/gpt-image-1-5-image-generee-par-ia\/\" \/>\n<meta property=\"og:site_name\" content=\"PANOMAD\" \/>\n<meta property=\"article:publisher\" content=\"https:\/\/www.facebook.com\/panomadphotographie\/\" \/>\n<meta property=\"article:published_time\" content=\"2025-12-19T15:34:33+00:00\" \/>\n<meta property=\"article:modified_time\" content=\"2025-12-19T15:38:27+00:00\" \/>\n<meta property=\"og:image\" content=\"https:\/\/panomadphotographie.net\/blog\/wp-content\/uploads\/image-generee-ia-bibemus-visage-responsabilite-editoriale.webp\" \/>\n\t<meta property=\"og:image:width\" content=\"1024\" \/>\n\t<meta property=\"og:image:height\" content=\"1024\" \/>\n\t<meta property=\"og:image:type\" content=\"image\/webp\" \/>\n<meta name=\"author\" content=\"pfs.panomad@gmail.com\" \/>\n<meta name=\"twitter:card\" content=\"summary_large_image\" \/>\n<meta name=\"twitter:label1\" content=\"\u00c9crit par\" \/>\n\t<meta name=\"twitter:data1\" content=\"pfs.panomad@gmail.com\" \/>\n\t<meta name=\"twitter:label2\" content=\"Dur\u00e9e de lecture estim\u00e9e\" \/>\n\t<meta name=\"twitter:data2\" content=\"9 minutes\" \/>\n<script type=\"application\/ld+json\" class=\"yoast-schema-graph\">{\"@context\":\"https:\/\/schema.org\",\"@graph\":[{\"@type\":\"Article\",\"@id\":\"https:\/\/panomadphotographie.net\/blog\/gpt-image-1-5-image-generee-par-ia\/#article\",\"isPartOf\":{\"@id\":\"https:\/\/panomadphotographie.net\/blog\/gpt-image-1-5-image-generee-par-ia\/\"},\"author\":{\"name\":\"pfs.panomad@gmail.com\",\"@id\":\"https:\/\/panomadphotographie.net\/blog\/#\/schema\/person\/c09ce91d646762071cbe2c4011e3fbfa\"},\"headline\":\"GPT-Image-1.5 : Image g\u00e9n\u00e9r\u00e9e par IA\",\"datePublished\":\"2025-12-19T15:34:33+00:00\",\"dateModified\":\"2025-12-19T15:38:27+00:00\",\"mainEntityOfPage\":{\"@id\":\"https:\/\/panomadphotographie.net\/blog\/gpt-image-1-5-image-generee-par-ia\/\"},\"wordCount\":1667,\"publisher\":{\"@id\":\"https:\/\/panomadphotographie.net\/blog\/#organization\"},\"image\":{\"@id\":\"https:\/\/panomadphotographie.net\/blog\/gpt-image-1-5-image-generee-par-ia\/#primaryimage\"},\"thumbnailUrl\":\"https:\/\/panomadphotographie.net\/blog\/wp-content\/uploads\/image-generee-ia-bibemus-visage-responsabilite-editoriale.webp\",\"articleSection\":[\"Regards visuels\"],\"inLanguage\":\"fr-FR\"},{\"@type\":\"WebPage\",\"@id\":\"https:\/\/panomadphotographie.net\/blog\/gpt-image-1-5-image-generee-par-ia\/\",\"url\":\"https:\/\/panomadphotographie.net\/blog\/gpt-image-1-5-image-generee-par-ia\/\",\"name\":\"image g\u00e9n\u00e9r\u00e9e par IA : GPT-Image-1.5\",\"isPartOf\":{\"@id\":\"https:\/\/panomadphotographie.net\/blog\/#website\"},\"primaryImageOfPage\":{\"@id\":\"https:\/\/panomadphotographie.net\/blog\/gpt-image-1-5-image-generee-par-ia\/#primaryimage\"},\"image\":{\"@id\":\"https:\/\/panomadphotographie.net\/blog\/gpt-image-1-5-image-generee-par-ia\/#primaryimage\"},\"thumbnailUrl\":\"https:\/\/panomadphotographie.net\/blog\/wp-content\/uploads\/image-generee-ia-bibemus-visage-responsabilite-editoriale.webp\",\"datePublished\":\"2025-12-19T15:34:33+00:00\",\"dateModified\":\"2025-12-19T15:38:27+00:00\",\"description\":\"De DALL\u00b7E \u00e0 GPT-Image-1.5, l\u2019image g\u00e9n\u00e9r\u00e9e par IA et responsabilit\u00e9 \u00e9ditoriale deviennent indissociables. D\u00e9criptage des usages\",\"breadcrumb\":{\"@id\":\"https:\/\/panomadphotographie.net\/blog\/gpt-image-1-5-image-generee-par-ia\/#breadcrumb\"},\"inLanguage\":\"fr-FR\",\"potentialAction\":[{\"@type\":\"ReadAction\",\"target\":[\"https:\/\/panomadphotographie.net\/blog\/gpt-image-1-5-image-generee-par-ia\/\"]}]},{\"@type\":\"ImageObject\",\"inLanguage\":\"fr-FR\",\"@id\":\"https:\/\/panomadphotographie.net\/blog\/gpt-image-1-5-image-generee-par-ia\/#primaryimage\",\"url\":\"https:\/\/panomadphotographie.net\/blog\/wp-content\/uploads\/image-generee-ia-bibemus-visage-responsabilite-editoriale.webp\",\"contentUrl\":\"https:\/\/panomadphotographie.net\/blog\/wp-content\/uploads\/image-generee-ia-bibemus-visage-responsabilite-editoriale.webp\",\"width\":1024,\"height\":1024,\"caption\":\"Image g\u00e9n\u00e9r\u00e9e par IA \u00e0 partir d\u2019une photographie r\u00e9elle de la paroi rocheuse de Bib\u00e9mus, illustrant les enjeux de responsabilit\u00e9 \u00e9ditoriale li\u00e9s aux images g\u00e9n\u00e9r\u00e9es par intelligence artificielle.\"},{\"@type\":\"BreadcrumbList\",\"@id\":\"https:\/\/panomadphotographie.net\/blog\/gpt-image-1-5-image-generee-par-ia\/#breadcrumb\",\"itemListElement\":[{\"@type\":\"ListItem\",\"position\":1,\"name\":\"Accueil\",\"item\":\"https:\/\/panomadphotographie.net\/blog\/\"},{\"@type\":\"ListItem\",\"position\":2,\"name\":\"GPT-Image-1.5 : Image g\u00e9n\u00e9r\u00e9e par IA\"}]},{\"@type\":\"WebSite\",\"@id\":\"https:\/\/panomadphotographie.net\/blog\/#website\",\"url\":\"https:\/\/panomadphotographie.net\/blog\/\",\"name\":\"panomadphotogrpahie\",\"description\":\"Phtographie\",\"publisher\":{\"@id\":\"https:\/\/panomadphotographie.net\/blog\/#organization\"},\"potentialAction\":[{\"@type\":\"SearchAction\",\"target\":{\"@type\":\"EntryPoint\",\"urlTemplate\":\"https:\/\/panomadphotographie.net\/blog\/?s={search_term_string}\"},\"query-input\":{\"@type\":\"PropertyValueSpecification\",\"valueRequired\":true,\"valueName\":\"search_term_string\"}}],\"inLanguage\":\"fr-FR\"},{\"@type\":\"Organization\",\"@id\":\"https:\/\/panomadphotographie.net\/blog\/#organization\",\"name\":\"panomad photographie\",\"url\":\"https:\/\/panomadphotographie.net\/blog\/\",\"logo\":{\"@type\":\"ImageObject\",\"inLanguage\":\"fr-FR\",\"@id\":\"https:\/\/panomadphotographie.net\/blog\/#\/schema\/logo\/image\/\",\"url\":\"https:\/\/panomadphotographie.net\/blog\/wp-content\/uploads\/cropped-ChatGPT-Image-9-dec.-2025-00_29_22.png\",\"contentUrl\":\"https:\/\/panomadphotographie.net\/blog\/wp-content\/uploads\/cropped-ChatGPT-Image-9-dec.-2025-00_29_22.png\",\"width\":1024,\"height\":768,\"caption\":\"panomad photographie\"},\"image\":{\"@id\":\"https:\/\/panomadphotographie.net\/blog\/#\/schema\/logo\/image\/\"},\"sameAs\":[\"https:\/\/www.facebook.com\/panomadphotographie\/\",\"https:\/\/www.linkedin.com\/in\/panomadphotographie\/\"]},{\"@type\":\"Person\",\"@id\":\"https:\/\/panomadphotographie.net\/blog\/#\/schema\/person\/c09ce91d646762071cbe2c4011e3fbfa\",\"name\":\"pfs.panomad@gmail.com\",\"image\":{\"@type\":\"ImageObject\",\"inLanguage\":\"fr-FR\",\"@id\":\"https:\/\/secure.gravatar.com\/avatar\/94cb0ece4106ebb1937fc341f90bceeb3abca5b76c465cad6e6971d0a394098e?s=96&d=mm&r=g\",\"url\":\"https:\/\/secure.gravatar.com\/avatar\/94cb0ece4106ebb1937fc341f90bceeb3abca5b76c465cad6e6971d0a394098e?s=96&d=mm&r=g\",\"contentUrl\":\"https:\/\/secure.gravatar.com\/avatar\/94cb0ece4106ebb1937fc341f90bceeb3abca5b76c465cad6e6971d0a394098e?s=96&d=mm&r=g\",\"caption\":\"pfs.panomad@gmail.com\"},\"sameAs\":[\"https:\/\/book.panomadphotographie.net\"]}]}<\/script>\n<!-- \/ Yoast SEO plugin. -->","yoast_head_json":{"title":"image g\u00e9n\u00e9r\u00e9e par IA : GPT-Image-1.5","description":"De DALL\u00b7E \u00e0 GPT-Image-1.5, l\u2019image g\u00e9n\u00e9r\u00e9e par IA et responsabilit\u00e9 \u00e9ditoriale deviennent indissociables. D\u00e9criptage des usages","robots":{"index":"index","follow":"follow","max-snippet":"max-snippet:-1","max-image-preview":"max-image-preview:large","max-video-preview":"max-video-preview:-1"},"canonical":"https:\/\/panomadphotographie.net\/blog\/gpt-image-1-5-image-generee-par-ia\/","og_locale":"fr_FR","og_type":"article","og_title":"image g\u00e9n\u00e9r\u00e9e par IA : GPT-Image-1.5","og_description":"De DALL\u00b7E \u00e0 GPT-Image-1.5, l\u2019image g\u00e9n\u00e9r\u00e9e par IA et responsabilit\u00e9 \u00e9ditoriale deviennent indissociables. D\u00e9criptage des usages","og_url":"https:\/\/panomadphotographie.net\/blog\/gpt-image-1-5-image-generee-par-ia\/","og_site_name":"PANOMAD","article_publisher":"https:\/\/www.facebook.com\/panomadphotographie\/","article_published_time":"2025-12-19T15:34:33+00:00","article_modified_time":"2025-12-19T15:38:27+00:00","og_image":[{"width":1024,"height":1024,"url":"https:\/\/panomadphotographie.net\/blog\/wp-content\/uploads\/image-generee-ia-bibemus-visage-responsabilite-editoriale.webp","type":"image\/webp"}],"author":"pfs.panomad@gmail.com","twitter_card":"summary_large_image","twitter_misc":{"\u00c9crit par":"pfs.panomad@gmail.com","Dur\u00e9e de lecture estim\u00e9e":"9 minutes"},"schema":{"@context":"https:\/\/schema.org","@graph":[{"@type":"Article","@id":"https:\/\/panomadphotographie.net\/blog\/gpt-image-1-5-image-generee-par-ia\/#article","isPartOf":{"@id":"https:\/\/panomadphotographie.net\/blog\/gpt-image-1-5-image-generee-par-ia\/"},"author":{"name":"pfs.panomad@gmail.com","@id":"https:\/\/panomadphotographie.net\/blog\/#\/schema\/person\/c09ce91d646762071cbe2c4011e3fbfa"},"headline":"GPT-Image-1.5 : Image g\u00e9n\u00e9r\u00e9e par IA","datePublished":"2025-12-19T15:34:33+00:00","dateModified":"2025-12-19T15:38:27+00:00","mainEntityOfPage":{"@id":"https:\/\/panomadphotographie.net\/blog\/gpt-image-1-5-image-generee-par-ia\/"},"wordCount":1667,"publisher":{"@id":"https:\/\/panomadphotographie.net\/blog\/#organization"},"image":{"@id":"https:\/\/panomadphotographie.net\/blog\/gpt-image-1-5-image-generee-par-ia\/#primaryimage"},"thumbnailUrl":"https:\/\/panomadphotographie.net\/blog\/wp-content\/uploads\/image-generee-ia-bibemus-visage-responsabilite-editoriale.webp","articleSection":["Regards visuels"],"inLanguage":"fr-FR"},{"@type":"WebPage","@id":"https:\/\/panomadphotographie.net\/blog\/gpt-image-1-5-image-generee-par-ia\/","url":"https:\/\/panomadphotographie.net\/blog\/gpt-image-1-5-image-generee-par-ia\/","name":"image g\u00e9n\u00e9r\u00e9e par IA : GPT-Image-1.5","isPartOf":{"@id":"https:\/\/panomadphotographie.net\/blog\/#website"},"primaryImageOfPage":{"@id":"https:\/\/panomadphotographie.net\/blog\/gpt-image-1-5-image-generee-par-ia\/#primaryimage"},"image":{"@id":"https:\/\/panomadphotographie.net\/blog\/gpt-image-1-5-image-generee-par-ia\/#primaryimage"},"thumbnailUrl":"https:\/\/panomadphotographie.net\/blog\/wp-content\/uploads\/image-generee-ia-bibemus-visage-responsabilite-editoriale.webp","datePublished":"2025-12-19T15:34:33+00:00","dateModified":"2025-12-19T15:38:27+00:00","description":"De DALL\u00b7E \u00e0 GPT-Image-1.5, l\u2019image g\u00e9n\u00e9r\u00e9e par IA et responsabilit\u00e9 \u00e9ditoriale deviennent indissociables. D\u00e9criptage des usages","breadcrumb":{"@id":"https:\/\/panomadphotographie.net\/blog\/gpt-image-1-5-image-generee-par-ia\/#breadcrumb"},"inLanguage":"fr-FR","potentialAction":[{"@type":"ReadAction","target":["https:\/\/panomadphotographie.net\/blog\/gpt-image-1-5-image-generee-par-ia\/"]}]},{"@type":"ImageObject","inLanguage":"fr-FR","@id":"https:\/\/panomadphotographie.net\/blog\/gpt-image-1-5-image-generee-par-ia\/#primaryimage","url":"https:\/\/panomadphotographie.net\/blog\/wp-content\/uploads\/image-generee-ia-bibemus-visage-responsabilite-editoriale.webp","contentUrl":"https:\/\/panomadphotographie.net\/blog\/wp-content\/uploads\/image-generee-ia-bibemus-visage-responsabilite-editoriale.webp","width":1024,"height":1024,"caption":"Image g\u00e9n\u00e9r\u00e9e par IA \u00e0 partir d\u2019une photographie r\u00e9elle de la paroi rocheuse de Bib\u00e9mus, illustrant les enjeux de responsabilit\u00e9 \u00e9ditoriale li\u00e9s aux images g\u00e9n\u00e9r\u00e9es par intelligence artificielle."},{"@type":"BreadcrumbList","@id":"https:\/\/panomadphotographie.net\/blog\/gpt-image-1-5-image-generee-par-ia\/#breadcrumb","itemListElement":[{"@type":"ListItem","position":1,"name":"Accueil","item":"https:\/\/panomadphotographie.net\/blog\/"},{"@type":"ListItem","position":2,"name":"GPT-Image-1.5 : Image g\u00e9n\u00e9r\u00e9e par IA"}]},{"@type":"WebSite","@id":"https:\/\/panomadphotographie.net\/blog\/#website","url":"https:\/\/panomadphotographie.net\/blog\/","name":"panomadphotogrpahie","description":"Phtographie","publisher":{"@id":"https:\/\/panomadphotographie.net\/blog\/#organization"},"potentialAction":[{"@type":"SearchAction","target":{"@type":"EntryPoint","urlTemplate":"https:\/\/panomadphotographie.net\/blog\/?s={search_term_string}"},"query-input":{"@type":"PropertyValueSpecification","valueRequired":true,"valueName":"search_term_string"}}],"inLanguage":"fr-FR"},{"@type":"Organization","@id":"https:\/\/panomadphotographie.net\/blog\/#organization","name":"panomad photographie","url":"https:\/\/panomadphotographie.net\/blog\/","logo":{"@type":"ImageObject","inLanguage":"fr-FR","@id":"https:\/\/panomadphotographie.net\/blog\/#\/schema\/logo\/image\/","url":"https:\/\/panomadphotographie.net\/blog\/wp-content\/uploads\/cropped-ChatGPT-Image-9-dec.-2025-00_29_22.png","contentUrl":"https:\/\/panomadphotographie.net\/blog\/wp-content\/uploads\/cropped-ChatGPT-Image-9-dec.-2025-00_29_22.png","width":1024,"height":768,"caption":"panomad photographie"},"image":{"@id":"https:\/\/panomadphotographie.net\/blog\/#\/schema\/logo\/image\/"},"sameAs":["https:\/\/www.facebook.com\/panomadphotographie\/","https:\/\/www.linkedin.com\/in\/panomadphotographie\/"]},{"@type":"Person","@id":"https:\/\/panomadphotographie.net\/blog\/#\/schema\/person\/c09ce91d646762071cbe2c4011e3fbfa","name":"pfs.panomad@gmail.com","image":{"@type":"ImageObject","inLanguage":"fr-FR","@id":"https:\/\/secure.gravatar.com\/avatar\/94cb0ece4106ebb1937fc341f90bceeb3abca5b76c465cad6e6971d0a394098e?s=96&d=mm&r=g","url":"https:\/\/secure.gravatar.com\/avatar\/94cb0ece4106ebb1937fc341f90bceeb3abca5b76c465cad6e6971d0a394098e?s=96&d=mm&r=g","contentUrl":"https:\/\/secure.gravatar.com\/avatar\/94cb0ece4106ebb1937fc341f90bceeb3abca5b76c465cad6e6971d0a394098e?s=96&d=mm&r=g","caption":"pfs.panomad@gmail.com"},"sameAs":["https:\/\/book.panomadphotographie.net"]}]}},"_links":{"self":[{"href":"https:\/\/panomadphotographie.net\/blog\/wp-json\/wp\/v2\/posts\/2159","targetHints":{"allow":["GET"]}}],"collection":[{"href":"https:\/\/panomadphotographie.net\/blog\/wp-json\/wp\/v2\/posts"}],"about":[{"href":"https:\/\/panomadphotographie.net\/blog\/wp-json\/wp\/v2\/types\/post"}],"author":[{"embeddable":true,"href":"https:\/\/panomadphotographie.net\/blog\/wp-json\/wp\/v2\/users\/1"}],"replies":[{"embeddable":true,"href":"https:\/\/panomadphotographie.net\/blog\/wp-json\/wp\/v2\/comments?post=2159"}],"version-history":[{"count":0,"href":"https:\/\/panomadphotographie.net\/blog\/wp-json\/wp\/v2\/posts\/2159\/revisions"}],"wp:featuredmedia":[{"embeddable":true,"href":"https:\/\/panomadphotographie.net\/blog\/wp-json\/wp\/v2\/media\/2167"}],"wp:attachment":[{"href":"https:\/\/panomadphotographie.net\/blog\/wp-json\/wp\/v2\/media?parent=2159"}],"wp:term":[{"taxonomy":"category","embeddable":true,"href":"https:\/\/panomadphotographie.net\/blog\/wp-json\/wp\/v2\/categories?post=2159"},{"taxonomy":"post_tag","embeddable":true,"href":"https:\/\/panomadphotographie.net\/blog\/wp-json\/wp\/v2\/tags?post=2159"}],"curies":[{"name":"wp","href":"https:\/\/api.w.org\/{rel}","templated":true}]}}