{"id":2135,"date":"2025-12-10T16:59:39","date_gmt":"2025-12-10T15:59:39","guid":{"rendered":"https:\/\/panomadphotographie.net\/blog\/?p=2135"},"modified":"2025-12-24T14:55:50","modified_gmt":"2025-12-24T13:55:50","slug":"histoire-noel-siecles","status":"publish","type":"post","link":"https:\/\/panomadphotographie.net\/blog\/histoire-noel-siecles\/","title":{"rendered":"L\u2019histoire de Noel \u00e0 travers les si\u00e8cles"},"content":{"rendered":"\n<p><strong><strong>L\u2019histoire de No\u00ebl \u00e0 travers les si\u00e8cles montre combien cette f\u00eate a chang\u00e9 au fil du temps.<\/strong> Avant les sapins d\u00e9cor\u00e9s et les cadeaux pour enfants, d\u00e9cembre \u00e9tait marqu\u00e9 par des rites pa\u00efens, des c\u00e9l\u00e9brations romaines et des traditions qui ont progressivement fa\u00e7onn\u00e9 le No\u00ebl que nous connaissons aujourd\u2019hui.<\/strong><\/p>\n\n\n\n<p>Chaque 25 d\u00e9cembre s\u2019impose comme un rendez-vous incontournable. Familles r\u00e9unies, vitrines illumin\u00e9es, march\u00e9s d\u2019hiver, odeur de cannelle, cadeaux sous le sapin\u2026 Pourtant, cette c\u00e9l\u00e9bration que l\u2019on croit immuable n\u2019a cess\u00e9 de changer de visage. \u00c0 ses d\u00e9buts, elle n\u2019avait m\u00eame pas de date pr\u00e9cise. Et bien avant l\u2019apparition du christianisme, fin d\u00e9cembre \u00e9tait d\u00e9j\u00e0 un moment fort dans l\u2019Empire romain, rythm\u00e9 par le solstice d\u2019hiver et des f\u00eates populaires d\u2019une ampleur consid\u00e9rable.<\/p>\n\n\n\n<p><strong>En 354, Rome fixe officiellement la naissance du Christ <\/strong>au 25 d\u00e9cembre. Ce choix marque un tournant d\u00e9cisif qui lancera, sur plus d\u2019un mill\u00e9naire, la construction progressive de ce que nous appelons aujourd\u2019hui No\u00ebl. Du Moyen \u00c2ge au XIX\u1d49 si\u00e8cle, la f\u00eate se transforme, se th\u00e9\u00e2tralise, s\u2019int\u00e8gre au foyer, jusqu\u2019\u00e0 devenir au XX\u1d49 si\u00e8cle l\u2019un des plus puissants ph\u00e9nom\u00e8nes \u00e9conomiques de la plan\u00e8te.<\/p>\n\n\n\n<h2 class=\"wp-block-heading\">Avant No\u00ebl : un d\u00e9cembre d\u00e9j\u00e0 lumineux et festif<\/h2>\n\n\n\n<figure class=\"wp-block-image size-full\"><img decoding=\"async\" width=\"2560\" height=\"1920\" src=\"https:\/\/panomadphotographie.net\/blog\/wp-content\/uploads\/1\u2014-saturnales-fete-romaine-decembre-dieu-saturne-panomad.png-Modifier-scaled.jpg\" alt=\"C\u00e9l\u00e9bration des Saturnales devant un temple romain, foule avec torches et couronnes. histoire de No\u00ebl \u00e0 travers les si\u00e8cle\" class=\"wp-image-2142\" srcset=\"https:\/\/panomadphotographie.net\/blog\/wp-content\/uploads\/1\u2014-saturnales-fete-romaine-decembre-dieu-saturne-panomad.png-Modifier-scaled.jpg 2560w, https:\/\/panomadphotographie.net\/blog\/wp-content\/uploads\/1\u2014-saturnales-fete-romaine-decembre-dieu-saturne-panomad.png-Modifier-150x113.jpg 150w, https:\/\/panomadphotographie.net\/blog\/wp-content\/uploads\/1\u2014-saturnales-fete-romaine-decembre-dieu-saturne-panomad.png-Modifier-768x576.jpg 768w, https:\/\/panomadphotographie.net\/blog\/wp-content\/uploads\/1\u2014-saturnales-fete-romaine-decembre-dieu-saturne-panomad.png-Modifier-1536x1152.jpg 1536w, https:\/\/panomadphotographie.net\/blog\/wp-content\/uploads\/1\u2014-saturnales-fete-romaine-decembre-dieu-saturne-panomad.png-Modifier-2048x1536.jpg 2048w, https:\/\/panomadphotographie.net\/blog\/wp-content\/uploads\/1\u2014-saturnales-fete-romaine-decembre-dieu-saturne-panomad.png-Modifier-973x730.jpg 973w, https:\/\/panomadphotographie.net\/blog\/wp-content\/uploads\/1\u2014-saturnales-fete-romaine-decembre-dieu-saturne-panomad.png-Modifier-508x381.jpg 508w\" sizes=\"(max-width: 2560px) 100vw, 2560px\" \/><figcaption class=\"wp-element-caption\">C\u00e9l\u00e9bration des Saturnales : le dieu Saturne honor\u00e9 au c\u0153ur d\u2019une f\u00eate populaire romaine.<\/figcaption><\/figure>\n\n\n\n<p>Pour comprendre <strong>l\u2019histoire de No\u00ebl \u00e0 travers les si\u00e8cles<\/strong>, il faut revenir aux f\u00eates romaines qui ont marqu\u00e9 le mois de d\u00e9cembre.Le solstice d\u2019hiver marquait le moment o\u00f9 la lumi\u00e8re recommence doucement \u00e0 cro\u00eetre. Pour les Romains, ce cycle cosmique \u00e9tait un motif de f\u00eate. <strong><em>Les Saturnales <\/em><\/strong>(17\u201323 d\u00e9cembre) ouvraient la p\u00e9riode par une parenth\u00e8se sociale \u00e9tonnante : les r\u00f4les s\u2019inversaient, les esclaves parlaient librement, les ma\u00eetres les servaient symboliquement, les rues s\u2019ornaient de feuillages et de torches. Cette semaine \u00e9tait un souffle de libert\u00e9 dans une soci\u00e9t\u00e9 hi\u00e9rarchis\u00e9e \u00e0 l\u2019extr\u00eame.<\/p>\n\n\n\n<figure class=\"wp-block-image size-full\"><img decoding=\"async\" width=\"2560\" height=\"1920\" src=\"https:\/\/panomadphotographie.net\/blog\/wp-content\/uploads\/2-sol-invictus-dies-natalis-soleil-invaincu-rome-panomad.png-scaled.jpg\" alt=\"C\u00e9l\u00e9bration des Saturnales devant un temple romain, foule avec torches et couronnes.\" class=\"wp-image-2143\" srcset=\"https:\/\/panomadphotographie.net\/blog\/wp-content\/uploads\/2-sol-invictus-dies-natalis-soleil-invaincu-rome-panomad.png-scaled.jpg 2560w, https:\/\/panomadphotographie.net\/blog\/wp-content\/uploads\/2-sol-invictus-dies-natalis-soleil-invaincu-rome-panomad.png-150x113.jpg 150w, https:\/\/panomadphotographie.net\/blog\/wp-content\/uploads\/2-sol-invictus-dies-natalis-soleil-invaincu-rome-panomad.png-768x576.jpg 768w, https:\/\/panomadphotographie.net\/blog\/wp-content\/uploads\/2-sol-invictus-dies-natalis-soleil-invaincu-rome-panomad.png-1536x1152.jpg 1536w, https:\/\/panomadphotographie.net\/blog\/wp-content\/uploads\/2-sol-invictus-dies-natalis-soleil-invaincu-rome-panomad.png-2048x1536.jpg 2048w, https:\/\/panomadphotographie.net\/blog\/wp-content\/uploads\/2-sol-invictus-dies-natalis-soleil-invaincu-rome-panomad.png-973x730.jpg 973w, https:\/\/panomadphotographie.net\/blog\/wp-content\/uploads\/2-sol-invictus-dies-natalis-soleil-invaincu-rome-panomad.png-508x381.jpg 508w\" sizes=\"(max-width: 2560px) 100vw, 2560px\" \/><figcaption class=\"wp-element-caption\">C\u00e9l\u00e9bration des Saturnales : le dieu Saturne honor\u00e9 au c\u0153ur d\u2019une f\u00eate populaire romaine.<\/figcaption><\/figure>\n\n\n\n<p>\u00c0 peine les Saturnales termin\u00e9es, le 25 d\u00e9cembre donnait lieu \u00e0 une autre grande c\u00e9l\u00e9bration, le <strong>Dies Natalis Solis Invicti. <\/strong>Institu\u00e9e par l\u2019empereur Aur\u00e9lien en 274, elle exaltait la renaissance symbolique du soleil. Processions, c\u00e9r\u00e9monies et images flamboyantes remplissaient l\u2019espace public. D\u00e9j\u00e0, fin d\u00e9cembre m\u00e9langeait lumi\u00e8res, effervescence et rassemblements : sans le savoir, l\u2019Empire romain pr\u00e9parait le terrain \u00e9motionnel d\u2019une f\u00eate qui n\u2019existait pas encore.<\/p>\n\n\n\n<h2 class=\"wp-block-heading\">Avant 354 : la Nativit\u00e9 chr\u00e9tienne\u2026 sans date<\/h2>\n\n\n\n<figure class=\"wp-block-image size-full\"><img decoding=\"async\" width=\"2560\" height=\"1920\" src=\"https:\/\/panomadphotographie.net\/blog\/wp-content\/uploads\/3-premiers-chretiens-assemblee-nativite-sans-date-354-panomad.png-scaled.jpg\" alt=\"Petite communaut\u00e9 chr\u00e9tienne primitive r\u00e9unie \u00e0 la lampe \u00e0 huile. histoire de No\u00ebl \u00e0 travers les si\u00e8cle\" class=\"wp-image-2144\" srcset=\"https:\/\/panomadphotographie.net\/blog\/wp-content\/uploads\/3-premiers-chretiens-assemblee-nativite-sans-date-354-panomad.png-scaled.jpg 2560w, https:\/\/panomadphotographie.net\/blog\/wp-content\/uploads\/3-premiers-chretiens-assemblee-nativite-sans-date-354-panomad.png-150x113.jpg 150w, https:\/\/panomadphotographie.net\/blog\/wp-content\/uploads\/3-premiers-chretiens-assemblee-nativite-sans-date-354-panomad.png-768x576.jpg 768w, https:\/\/panomadphotographie.net\/blog\/wp-content\/uploads\/3-premiers-chretiens-assemblee-nativite-sans-date-354-panomad.png-1536x1152.jpg 1536w, https:\/\/panomadphotographie.net\/blog\/wp-content\/uploads\/3-premiers-chretiens-assemblee-nativite-sans-date-354-panomad.png-2048x1536.jpg 2048w, https:\/\/panomadphotographie.net\/blog\/wp-content\/uploads\/3-premiers-chretiens-assemblee-nativite-sans-date-354-panomad.png-973x730.jpg 973w, https:\/\/panomadphotographie.net\/blog\/wp-content\/uploads\/3-premiers-chretiens-assemblee-nativite-sans-date-354-panomad.png-508x381.jpg 508w\" sizes=\"(max-width: 2560px) 100vw, 2560px\" \/><figcaption class=\"wp-element-caption\">Les premiers chr\u00e9tiens vivent une foi simple et sans date fixe pour la Nativit\u00e9.<\/figcaption><\/figure>\n\n\n\n<p>Contrairement \u00e0 ce que l\u2019on imagine, les premiers chr\u00e9tiens ne c\u00e9l\u00e9braient pas No\u00ebl. Pendant les trois premiers si\u00e8cles, la naissance de J\u00e9sus n\u2019avait ni date, ni liturgie propre. La f\u00eate essentielle, celle qui structurait r\u00e9ellement la foi, \u00e9tait P\u00e2ques. La culture juive d\u2019origine ne valorisait pas la c\u00e9l\u00e9bration des anniversaires, et les communaut\u00e9s chr\u00e9tiennes, souvent clandestines, se concentraient sur d\u2019autres aspects de leur spiritualit\u00e9.<\/p>\n\n\n\n<p>C\u2019est en Orient que les premi\u00e8res c\u00e9l\u00e9brations associant la naissance du Christ apparaissent, autour du 6 janvier, jour de l\u2019\u00c9piphanie. Mais cette date ne d\u00e9signe pas seulement la Nativit\u00e9 : elle regroupe aussi le bapt\u00eame du Christ et la r\u00e9v\u00e9lation aux Mages. Rien \u00e0 voir avec le No\u00ebl familial et chaleureux que l\u2019on conna\u00eet. Les pratiques sont dispers\u00e9es, les traditions locales foisonnent, et aucune date ne s\u2019impose.<\/p>\n\n\n\n<p>Cette absence d\u2019unit\u00e9 va paradoxalement faciliter la suite. Comme aucune communaut\u00e9 d\u2019Occident ne d\u00e9fend une date ancienne, Rome peut intervenir sans heurts.<\/p>\n\n\n\n<h2 class=\"wp-block-heading\">354 : quand Rome donne un anniversaire \u00e0 J\u00e9sus<\/h2>\n\n\n\n<figure class=\"wp-block-image size-full\"><img decoding=\"async\" width=\"2560\" height=\"1920\" src=\"https:\/\/panomadphotographie.net\/blog\/wp-content\/uploads\/4-scribe-romain-354-calendrier-philocalus-25-decembre-panomad.png-scaled.jpg\" alt=\"Scribe romain \u00e9crivant dans un codex au IV\u1d49 si\u00e8cle\" class=\"wp-image-2138\" srcset=\"https:\/\/panomadphotographie.net\/blog\/wp-content\/uploads\/4-scribe-romain-354-calendrier-philocalus-25-decembre-panomad.png-scaled.jpg 2560w, https:\/\/panomadphotographie.net\/blog\/wp-content\/uploads\/4-scribe-romain-354-calendrier-philocalus-25-decembre-panomad.png-150x113.jpg 150w, https:\/\/panomadphotographie.net\/blog\/wp-content\/uploads\/4-scribe-romain-354-calendrier-philocalus-25-decembre-panomad.png-768x576.jpg 768w, https:\/\/panomadphotographie.net\/blog\/wp-content\/uploads\/4-scribe-romain-354-calendrier-philocalus-25-decembre-panomad.png-1536x1152.jpg 1536w, https:\/\/panomadphotographie.net\/blog\/wp-content\/uploads\/4-scribe-romain-354-calendrier-philocalus-25-decembre-panomad.png-2048x1536.jpg 2048w, https:\/\/panomadphotographie.net\/blog\/wp-content\/uploads\/4-scribe-romain-354-calendrier-philocalus-25-decembre-panomad.png-973x730.jpg 973w, https:\/\/panomadphotographie.net\/blog\/wp-content\/uploads\/4-scribe-romain-354-calendrier-philocalus-25-decembre-panomad.png-508x381.jpg 508w\" sizes=\"(max-width: 2560px) 100vw, 2560px\" \/><figcaption class=\"wp-element-caption\">En 354, la date de No\u00ebl est consign\u00e9e pour la premi\u00e8re fois.<\/figcaption><\/figure>\n\n\n\n<p>Le <strong>Calendrier de Philocalus<\/strong>, dat\u00e9 de 354, inscrit pour la premi\u00e8re fois noir sur blanc la naissance du Christ au 25 d\u00e9cembre (<a href=\"https:\/\/fr.wikipedia.org\/wiki\/Date_de_naissance_de_J%C3%A9sus?utm_source=chatgpt.com\">Le Chronophage de 354<\/a>) La d\u00e9cision, pourtant sobre en apparence, bouleverse profond\u00e9ment le calendrier chr\u00e9tien. Le choix n\u2019est pas arbitraire : il s\u2019appuie \u00e0 la fois sur une symbolique puissante \u2014 la renaissance de la lumi\u00e8re autour du solstice \u2014 et sur une strat\u00e9gie claire.<\/p>\n\n\n\n<p>En fixant No\u00ebl le jour de la grande f\u00eate pa\u00efenne du Soleil invaincu, l\u2019\u00c9glise de Rome ne cherche pas \u00e0 se cacher : elle cherche \u00e0 convaincre. Adopter une date d\u00e9j\u00e0 festive, d\u00e9j\u00e0 respect\u00e9e, d\u00e9j\u00e0 aim\u00e9e de la population, facilite la transition vers une f\u00eate chr\u00e9tienne. Le message est limpide :<strong> si le soleil rena\u00eet, la lumi\u00e8re du Christ aussi. <\/strong>En quelques g\u00e9n\u00e9rations, le 25 d\u00e9cembre s\u2019impose comme une \u00e9vidence en Occident. La f\u00eate reste modeste, centr\u00e9e sur les offices religieux, mais elle est enfin inscrite dans le temps.<\/p>\n\n\n\n<h2 class=\"wp-block-heading\">Le Moyen \u00c2ge : No\u00ebl descend dans la rue\u2026 et dans les foyers<\/h2>\n\n\n\n<figure class=\"wp-block-image size-full\"><img decoding=\"async\" width=\"2560\" height=\"1920\" src=\"https:\/\/panomadphotographie.net\/blog\/wp-content\/uploads\/5-creche-vivante-medievale-francois-assise-noel-moyen-age-panomad.png-scaled.jpg\" alt=\"Cr\u00e8che vivante m\u00e9di\u00e9vale inspir\u00e9e de Fran\u00e7ois d\u2019Assise\" class=\"wp-image-2139\" srcset=\"https:\/\/panomadphotographie.net\/blog\/wp-content\/uploads\/5-creche-vivante-medievale-francois-assise-noel-moyen-age-panomad.png-scaled.jpg 2560w, https:\/\/panomadphotographie.net\/blog\/wp-content\/uploads\/5-creche-vivante-medievale-francois-assise-noel-moyen-age-panomad.png-150x113.jpg 150w, https:\/\/panomadphotographie.net\/blog\/wp-content\/uploads\/5-creche-vivante-medievale-francois-assise-noel-moyen-age-panomad.png-768x576.jpg 768w, https:\/\/panomadphotographie.net\/blog\/wp-content\/uploads\/5-creche-vivante-medievale-francois-assise-noel-moyen-age-panomad.png-1536x1152.jpg 1536w, https:\/\/panomadphotographie.net\/blog\/wp-content\/uploads\/5-creche-vivante-medievale-francois-assise-noel-moyen-age-panomad.png-2048x1536.jpg 2048w, https:\/\/panomadphotographie.net\/blog\/wp-content\/uploads\/5-creche-vivante-medievale-francois-assise-noel-moyen-age-panomad.png-973x730.jpg 973w, https:\/\/panomadphotographie.net\/blog\/wp-content\/uploads\/5-creche-vivante-medievale-francois-assise-noel-moyen-age-panomad.png-508x381.jpg 508w\" sizes=\"(max-width: 2560px) 100vw, 2560px\" \/><figcaption class=\"wp-element-caption\">Au XIII\u1d49 si\u00e8cle, les cr\u00e8ches vivantes rendent No\u00ebl accessible au peuple.<\/figcaption><\/figure>\n\n\n\n<p>Le Moyen \u00c2ge joue un r\u00f4le important dans <strong>l\u2019histoire de No\u00ebl \u00e0 travers les si\u00e8cles<\/strong>, car il transforme la f\u00eate en moment populaire.. Les \u00e9glises enrichissent la liturgie : messes de minuit, chants, processions. La f\u00eate prend une ampleur \u00e9motionnelle nouvelle. Au XIII\u1d49 si\u00e8cle, <strong>Fran\u00e7ois d\u2019Assise<\/strong> transforme encore cette c\u00e9l\u00e9bration en organisant la <strong>premi\u00e8re cr\u00e8che vivante<\/strong>, une mise en sc\u00e8ne simple et accessible qui s\u00e9duit imm\u00e9diatement le peuple. La cr\u00e8che sort du concept, entre dans l\u2019image, et bient\u00f4t dans les foyers.<\/p>\n\n\n\n<p>Les si\u00e8cles suivants voient fleurir les \u201cmyst\u00e8res\u201d, ces grandes repr\u00e9sentations th\u00e9\u00e2trales jou\u00e9es sur les parvis. Le public vient en foule assister \u00e0 des sc\u00e8nes de Nativit\u00e9 parfois solennelles, parfois comiques, mais toujours tr\u00e8s humaines. Les banquets, les traditions locales et les r\u00e9unions familiales s\u2019installent. No\u00ebl n\u2019est plus seulement une f\u00eate religieuse : c\u2019est un moment de communaut\u00e9 et de chaleur, autour duquel les familles se rassemblent pour affronter l\u2019hiver.<\/p>\n\n\n\n<h2 class=\"wp-block-heading\">Le XIX\u1d49 si\u00e8cle : No\u00ebl devient la f\u00eate que nous reconnaissons<\/h2>\n\n\n\n<figure class=\"wp-block-image size-full\"><img decoding=\"async\" width=\"2560\" height=\"1920\" src=\"https:\/\/panomadphotographie.net\/blog\/wp-content\/uploads\/6-peres-noel-marketing-19e-siecle-evolution-noel-panomad.png-scaled.jpg\" alt=\"Trois P\u00e8res No\u00ebl discutant autour d\u2019une affiche ancienne, style marketing du XIX\u1d49 si\u00e8cle. histoire de No\u00ebl \u00e0 travers les si\u00e8cle\" class=\"wp-image-2140\" srcset=\"https:\/\/panomadphotographie.net\/blog\/wp-content\/uploads\/6-peres-noel-marketing-19e-siecle-evolution-noel-panomad.png-scaled.jpg 2560w, https:\/\/panomadphotographie.net\/blog\/wp-content\/uploads\/6-peres-noel-marketing-19e-siecle-evolution-noel-panomad.png-150x113.jpg 150w, https:\/\/panomadphotographie.net\/blog\/wp-content\/uploads\/6-peres-noel-marketing-19e-siecle-evolution-noel-panomad.png-768x576.jpg 768w, https:\/\/panomadphotographie.net\/blog\/wp-content\/uploads\/6-peres-noel-marketing-19e-siecle-evolution-noel-panomad.png-1536x1152.jpg 1536w, https:\/\/panomadphotographie.net\/blog\/wp-content\/uploads\/6-peres-noel-marketing-19e-siecle-evolution-noel-panomad.png-2048x1536.jpg 2048w, https:\/\/panomadphotographie.net\/blog\/wp-content\/uploads\/6-peres-noel-marketing-19e-siecle-evolution-noel-panomad.png-973x730.jpg 973w, https:\/\/panomadphotographie.net\/blog\/wp-content\/uploads\/6-peres-noel-marketing-19e-siecle-evolution-noel-panomad.png-508x381.jpg 508w\" sizes=\"(max-width: 2560px) 100vw, 2560px\" \/><figcaption class=\"wp-element-caption\">Les pr\u00e9mices du marketing de No\u00ebl prennent forme au XIX\u1d49 si\u00e8cle.<\/figcaption><\/figure>\n\n\n\n<p>Le visage moderne de No\u00ebl se construit v\u00e9ritablement entre le XVIII\u1d49 et le XIX\u1d49 si\u00e8cle. Le <strong>sapin<\/strong>, longtemps cantonn\u00e9 \u00e0 l\u2019Alsace, se diffuse en Europe et devient l\u2019<strong>embl\u00e8me domestique de la f\u00eate<\/strong>. Les cadeaux s\u2019orientent vers les enfants, qui deviennent le c\u0153ur \u00e9motionnel du 25 d\u00e9cembre. Les jouets se multiplient, d\u2019abord artisanaux, puis produits en s\u00e9rie.<\/p>\n\n\n\n<p>Le<strong> P\u00e8re No\u00ebl<\/strong>, lui, est une cr\u00e9ation composite. Issu de <strong>Saint Nicolas<\/strong>, de <strong>Sinterklaas <\/strong>et de <strong>Father Christmas<\/strong>, il prend sa forme moderne gr\u00e2ce \u00e0 la litt\u00e9rature am\u00e9ricaine \u2014 le po\u00e8me <strong><em>A Visit from St. Nicholas<\/em> en 1823 <\/strong>\u2014 puis aux illustrations du caricaturiste Thomas Nast, qui lui donne son manteau rouge, sa barbe blanche et son atelier au p\u00f4le Nord. No\u00ebl devient une f\u00eate intime, d\u00e9cor\u00e9e, chaleureuse : exactement celle que nous perp\u00e9tuons aujourd\u2019hui.<\/p>\n\n\n\n<p>A lire aussi &#8211; d&rsquo;autres articles dans la cat\u00e9gorie \u00ab\u00a0<a href=\"https:\/\/panomadphotographie.net\/blog\/category\/photographe-voyage\/\">Voyages et d\u00e9couvertes\u00a0\u00bb<\/a><\/p>\n\n\n\n<h2 class=\"wp-block-heading\">Le XX\u1d49 si\u00e8cle : No\u00ebl entre dans l\u2019\u00e9conomie mondiale<\/h2>\n\n\n\n<figure class=\"wp-block-image size-full\"><img decoding=\"async\" width=\"2560\" height=\"1920\" src=\"https:\/\/panomadphotographie.net\/blog\/wp-content\/uploads\/7-usine-peres-noel-industrie-noel-commercial-20e-siecle-panomad.png-scaled.jpg\" alt=\"Cha\u00eene de fabrication de P\u00e8res No\u00ebl dans une usine industrielle\" class=\"wp-image-2141\" srcset=\"https:\/\/panomadphotographie.net\/blog\/wp-content\/uploads\/7-usine-peres-noel-industrie-noel-commercial-20e-siecle-panomad.png-scaled.jpg 2560w, https:\/\/panomadphotographie.net\/blog\/wp-content\/uploads\/7-usine-peres-noel-industrie-noel-commercial-20e-siecle-panomad.png-150x113.jpg 150w, https:\/\/panomadphotographie.net\/blog\/wp-content\/uploads\/7-usine-peres-noel-industrie-noel-commercial-20e-siecle-panomad.png-768x576.jpg 768w, https:\/\/panomadphotographie.net\/blog\/wp-content\/uploads\/7-usine-peres-noel-industrie-noel-commercial-20e-siecle-panomad.png-1536x1152.jpg 1536w, https:\/\/panomadphotographie.net\/blog\/wp-content\/uploads\/7-usine-peres-noel-industrie-noel-commercial-20e-siecle-panomad.png-2048x1536.jpg 2048w, https:\/\/panomadphotographie.net\/blog\/wp-content\/uploads\/7-usine-peres-noel-industrie-noel-commercial-20e-siecle-panomad.png-973x730.jpg 973w, https:\/\/panomadphotographie.net\/blog\/wp-content\/uploads\/7-usine-peres-noel-industrie-noel-commercial-20e-siecle-panomad.png-508x381.jpg 508w\" sizes=\"(max-width: 2560px) 100vw, 2560px\" \/><figcaption class=\"wp-element-caption\">L\u2019industrialisation transforme No\u00ebl en ph\u00e9nom\u00e8ne commercial mondial.<\/figcaption><\/figure>\n\n\n\n<p>L\u2019industrialisation et la soci\u00e9t\u00e9 de consommation propulsent No\u00ebl dans une autre dimension. Les grands magasins inventent le shopping de fin d\u2019ann\u00e9e : vitrines anim\u00e9es, <strong>P\u00e8res No\u00ebl en costume, promotions, spectacles<\/strong>. Le march\u00e9 du jouet explose. La publicit\u00e9 s\u2019empare des codes de la f\u00eate.<\/p>\n\n\n\n<p>En 1931, les campagnes iconiques de Coca-Cola fixent une esth\u00e9tique globale du P\u00e8re No\u00ebl : jovial, rond, rouge \u00e9clatant. No\u00ebl devient une c\u00e9l\u00e9bration m\u00e9diatique : cin\u00e9ma, chansons, t\u00e9l\u00e9vision et plus tard Internet contribuent \u00e0 amplifier son aura et \u00e0 standardiser son image.<\/p>\n\n\n\n<p>Le XX\u1d49 si\u00e8cle fait de No\u00ebl un ph\u00e9nom\u00e8ne \u00e9conomique mondial, mais aussi un rendez-vous culturel, \u00e9motionnel, social. Une f\u00eate o\u00f9 se rencontrent traditions anciennes et marketing agressif, spiritualit\u00e9 et consommation, famille et industrie.<\/p>\n\n\n\n<h2 class=\"wp-block-heading\">Noel, miroir de son \u00e9poque.<\/h2>\n\n\n\n<p>Finalement, l&rsquo;histoire de Noel \u00e0 travers les si\u00e8cles montre une f\u00eate qui n&rsquo;a c\u00e9ss\u00e9 de se r\u00e9inventer. F\u00eate pa\u00efenne, c\u00e9l\u00e9bration religieuse, tradition populaire puis rendez-vous commercial, elle s\u2019est r\u00e9invent\u00e9e \u00e0 chaque \u00e9poque. Si elle perdure aujourd\u2019hui, c\u2019est parce qu\u2019elle reste fid\u00e8le \u00e0 ce qu\u2019elle a toujours \u00e9t\u00e9 : un moment o\u00f9 l\u2019on cherche de la lumi\u00e8re, du lien et un peu de magie au c\u0153ur de l\u2019hiver.<\/p>\n\n\n\n<p>Cette capacit\u00e9 d\u2019adaptation se manifeste encore aujourd\u2019hui dans des formes parfois surprenantes, comme ces c\u00e9l\u00e9brations urbaines contemporaines o\u00f9 No\u00ebl devient un v\u00e9ritable ph\u00e9nom\u00e8ne social, \u00e0 l\u2019image de la <a href=\"https:\/\/www.lemonde.fr\/m-perso\/article\/2025\/12\/24\/a-new-york-l-invasion-des-peres-noel-imbibes_6659315_4497916.html\">SantaCon \u00e0 New York<\/a>.<\/p>\n\n\n\n<p><strong>Pierre-F &#8211; Panomad Contents (<\/strong>cr\u00e9dit images: Illustration IA (DALL-E) .<\/p>\n\n\n\n<p><\/p>\n","protected":false},"excerpt":{"rendered":"<p>L\u2019histoire de No\u00ebl \u00e0 travers les si\u00e8cles montre combien cette f\u00eate a chang\u00e9 au fil du temps. Avant les sapins d\u00e9cor\u00e9s et les cadeaux pour enfants, d\u00e9cembre \u00e9tait&#8230;<\/p>\n","protected":false},"author":1,"featured_media":2141,"comment_status":"closed","ping_status":"closed","sticky":false,"template":"","format":"standard","meta":{"footnotes":""},"categories":[4],"tags":[],"class_list":["post-2135","post","type-post","status-publish","format-standard","has-post-thumbnail","hentry","category-photographe-voyage"],"yoast_head":"<!-- This site is optimized with the Yoast SEO plugin v27.2 - https:\/\/yoast.com\/product\/yoast-seo-wordpress\/ -->\n<title>Histoire de No\u00ebl \u00e0 travers les si\u00e8cles : origines, traditions, \u00e9volution<\/title>\n<meta name=\"description\" content=\"D\u00e9couvrez l\u2019histoire de No\u00ebl \u00e0 travers les si\u00e8cles : des rites pa\u00efens aux traditions modernes, une f\u00eate qui n\u2019a cess\u00e9 d\u2019\u00e9voluer.\" \/>\n<meta name=\"robots\" content=\"index, follow, max-snippet:-1, max-image-preview:large, max-video-preview:-1\" \/>\n<link rel=\"canonical\" href=\"https:\/\/panomadphotographie.net\/blog\/histoire-noel-siecles\/\" \/>\n<meta property=\"og:locale\" content=\"fr_FR\" \/>\n<meta property=\"og:type\" content=\"article\" \/>\n<meta property=\"og:title\" content=\"Histoire de No\u00ebl \u00e0 travers les si\u00e8cles : origines, traditions, \u00e9volution\" \/>\n<meta property=\"og:description\" content=\"D\u00e9couvrez l\u2019histoire de No\u00ebl \u00e0 travers les si\u00e8cles : des rites pa\u00efens aux traditions modernes, une f\u00eate qui n\u2019a cess\u00e9 d\u2019\u00e9voluer.\" \/>\n<meta property=\"og:url\" content=\"https:\/\/panomadphotographie.net\/blog\/histoire-noel-siecles\/\" \/>\n<meta property=\"og:site_name\" content=\"PANOMAD\" \/>\n<meta property=\"article:publisher\" content=\"https:\/\/www.facebook.com\/panomadphotographie\/\" \/>\n<meta property=\"article:published_time\" content=\"2025-12-10T15:59:39+00:00\" \/>\n<meta property=\"article:modified_time\" content=\"2025-12-24T13:55:50+00:00\" \/>\n<meta property=\"og:image\" content=\"https:\/\/panomadphotographie.net\/blog\/wp-content\/uploads\/7-usine-peres-noel-industrie-noel-commercial-20e-siecle-panomad.png-scaled.jpg\" \/>\n\t<meta property=\"og:image:width\" content=\"2560\" \/>\n\t<meta property=\"og:image:height\" content=\"1920\" \/>\n\t<meta property=\"og:image:type\" content=\"image\/jpeg\" \/>\n<meta name=\"author\" content=\"pfs.panomad@gmail.com\" \/>\n<meta name=\"twitter:card\" content=\"summary_large_image\" \/>\n<meta name=\"twitter:label1\" content=\"\u00c9crit par\" \/>\n\t<meta name=\"twitter:data1\" content=\"pfs.panomad@gmail.com\" \/>\n\t<meta name=\"twitter:label2\" content=\"Dur\u00e9e de lecture estim\u00e9e\" \/>\n\t<meta name=\"twitter:data2\" content=\"9 minutes\" \/>\n<script type=\"application\/ld+json\" class=\"yoast-schema-graph\">{\"@context\":\"https:\/\/schema.org\",\"@graph\":[{\"@type\":\"Article\",\"@id\":\"https:\/\/panomadphotographie.net\/blog\/histoire-noel-siecles\/#article\",\"isPartOf\":{\"@id\":\"https:\/\/panomadphotographie.net\/blog\/histoire-noel-siecles\/\"},\"author\":{\"name\":\"pfs.panomad@gmail.com\",\"@id\":\"https:\/\/panomadphotographie.net\/blog\/#\/schema\/person\/c09ce91d646762071cbe2c4011e3fbfa\"},\"headline\":\"L\u2019histoire de Noel \u00e0 travers les si\u00e8cles\",\"datePublished\":\"2025-12-10T15:59:39+00:00\",\"dateModified\":\"2025-12-24T13:55:50+00:00\",\"mainEntityOfPage\":{\"@id\":\"https:\/\/panomadphotographie.net\/blog\/histoire-noel-siecles\/\"},\"wordCount\":1566,\"publisher\":{\"@id\":\"https:\/\/panomadphotographie.net\/blog\/#organization\"},\"image\":{\"@id\":\"https:\/\/panomadphotographie.net\/blog\/histoire-noel-siecles\/#primaryimage\"},\"thumbnailUrl\":\"https:\/\/panomadphotographie.net\/blog\/wp-content\/uploads\/7-usine-peres-noel-industrie-noel-commercial-20e-siecle-panomad.png-scaled.jpg\",\"articleSection\":[\"Voyage &amp; d\u00e9couverte\"],\"inLanguage\":\"fr-FR\"},{\"@type\":\"WebPage\",\"@id\":\"https:\/\/panomadphotographie.net\/blog\/histoire-noel-siecles\/\",\"url\":\"https:\/\/panomadphotographie.net\/blog\/histoire-noel-siecles\/\",\"name\":\"Histoire de No\u00ebl \u00e0 travers les si\u00e8cles : origines, traditions, \u00e9volution\",\"isPartOf\":{\"@id\":\"https:\/\/panomadphotographie.net\/blog\/#website\"},\"primaryImageOfPage\":{\"@id\":\"https:\/\/panomadphotographie.net\/blog\/histoire-noel-siecles\/#primaryimage\"},\"image\":{\"@id\":\"https:\/\/panomadphotographie.net\/blog\/histoire-noel-siecles\/#primaryimage\"},\"thumbnailUrl\":\"https:\/\/panomadphotographie.net\/blog\/wp-content\/uploads\/7-usine-peres-noel-industrie-noel-commercial-20e-siecle-panomad.png-scaled.jpg\",\"datePublished\":\"2025-12-10T15:59:39+00:00\",\"dateModified\":\"2025-12-24T13:55:50+00:00\",\"description\":\"D\u00e9couvrez l\u2019histoire de No\u00ebl \u00e0 travers les si\u00e8cles : des rites pa\u00efens aux traditions modernes, une f\u00eate qui n\u2019a cess\u00e9 d\u2019\u00e9voluer.\",\"breadcrumb\":{\"@id\":\"https:\/\/panomadphotographie.net\/blog\/histoire-noel-siecles\/#breadcrumb\"},\"inLanguage\":\"fr-FR\",\"potentialAction\":[{\"@type\":\"ReadAction\",\"target\":[\"https:\/\/panomadphotographie.net\/blog\/histoire-noel-siecles\/\"]}]},{\"@type\":\"ImageObject\",\"inLanguage\":\"fr-FR\",\"@id\":\"https:\/\/panomadphotographie.net\/blog\/histoire-noel-siecles\/#primaryimage\",\"url\":\"https:\/\/panomadphotographie.net\/blog\/wp-content\/uploads\/7-usine-peres-noel-industrie-noel-commercial-20e-siecle-panomad.png-scaled.jpg\",\"contentUrl\":\"https:\/\/panomadphotographie.net\/blog\/wp-content\/uploads\/7-usine-peres-noel-industrie-noel-commercial-20e-siecle-panomad.png-scaled.jpg\",\"width\":2560,\"height\":1920,\"caption\":\"L\u2019industrialisation transforme No\u00ebl en ph\u00e9nom\u00e8ne commercial mondial.\"},{\"@type\":\"BreadcrumbList\",\"@id\":\"https:\/\/panomadphotographie.net\/blog\/histoire-noel-siecles\/#breadcrumb\",\"itemListElement\":[{\"@type\":\"ListItem\",\"position\":1,\"name\":\"Accueil\",\"item\":\"https:\/\/panomadphotographie.net\/blog\/\"},{\"@type\":\"ListItem\",\"position\":2,\"name\":\"L\u2019histoire de Noel \u00e0 travers les si\u00e8cles\"}]},{\"@type\":\"WebSite\",\"@id\":\"https:\/\/panomadphotographie.net\/blog\/#website\",\"url\":\"https:\/\/panomadphotographie.net\/blog\/\",\"name\":\"panomadphotogrpahie\",\"description\":\"Phtographie\",\"publisher\":{\"@id\":\"https:\/\/panomadphotographie.net\/blog\/#organization\"},\"potentialAction\":[{\"@type\":\"SearchAction\",\"target\":{\"@type\":\"EntryPoint\",\"urlTemplate\":\"https:\/\/panomadphotographie.net\/blog\/?s={search_term_string}\"},\"query-input\":{\"@type\":\"PropertyValueSpecification\",\"valueRequired\":true,\"valueName\":\"search_term_string\"}}],\"inLanguage\":\"fr-FR\"},{\"@type\":\"Organization\",\"@id\":\"https:\/\/panomadphotographie.net\/blog\/#organization\",\"name\":\"panomad photographie\",\"url\":\"https:\/\/panomadphotographie.net\/blog\/\",\"logo\":{\"@type\":\"ImageObject\",\"inLanguage\":\"fr-FR\",\"@id\":\"https:\/\/panomadphotographie.net\/blog\/#\/schema\/logo\/image\/\",\"url\":\"https:\/\/panomadphotographie.net\/blog\/wp-content\/uploads\/cropped-ChatGPT-Image-9-dec.-2025-00_29_22.png\",\"contentUrl\":\"https:\/\/panomadphotographie.net\/blog\/wp-content\/uploads\/cropped-ChatGPT-Image-9-dec.-2025-00_29_22.png\",\"width\":1024,\"height\":768,\"caption\":\"panomad photographie\"},\"image\":{\"@id\":\"https:\/\/panomadphotographie.net\/blog\/#\/schema\/logo\/image\/\"},\"sameAs\":[\"https:\/\/www.facebook.com\/panomadphotographie\/\",\"https:\/\/www.linkedin.com\/in\/panomadphotographie\/\"]},{\"@type\":\"Person\",\"@id\":\"https:\/\/panomadphotographie.net\/blog\/#\/schema\/person\/c09ce91d646762071cbe2c4011e3fbfa\",\"name\":\"pfs.panomad@gmail.com\",\"image\":{\"@type\":\"ImageObject\",\"inLanguage\":\"fr-FR\",\"@id\":\"https:\/\/secure.gravatar.com\/avatar\/94cb0ece4106ebb1937fc341f90bceeb3abca5b76c465cad6e6971d0a394098e?s=96&d=mm&r=g\",\"url\":\"https:\/\/secure.gravatar.com\/avatar\/94cb0ece4106ebb1937fc341f90bceeb3abca5b76c465cad6e6971d0a394098e?s=96&d=mm&r=g\",\"contentUrl\":\"https:\/\/secure.gravatar.com\/avatar\/94cb0ece4106ebb1937fc341f90bceeb3abca5b76c465cad6e6971d0a394098e?s=96&d=mm&r=g\",\"caption\":\"pfs.panomad@gmail.com\"},\"sameAs\":[\"https:\/\/book.panomadphotographie.net\"]}]}<\/script>\n<!-- \/ Yoast SEO plugin. -->","yoast_head_json":{"title":"Histoire de No\u00ebl \u00e0 travers les si\u00e8cles : origines, traditions, \u00e9volution","description":"D\u00e9couvrez l\u2019histoire de No\u00ebl \u00e0 travers les si\u00e8cles : des rites pa\u00efens aux traditions modernes, une f\u00eate qui n\u2019a cess\u00e9 d\u2019\u00e9voluer.","robots":{"index":"index","follow":"follow","max-snippet":"max-snippet:-1","max-image-preview":"max-image-preview:large","max-video-preview":"max-video-preview:-1"},"canonical":"https:\/\/panomadphotographie.net\/blog\/histoire-noel-siecles\/","og_locale":"fr_FR","og_type":"article","og_title":"Histoire de No\u00ebl \u00e0 travers les si\u00e8cles : origines, traditions, \u00e9volution","og_description":"D\u00e9couvrez l\u2019histoire de No\u00ebl \u00e0 travers les si\u00e8cles : des rites pa\u00efens aux traditions modernes, une f\u00eate qui n\u2019a cess\u00e9 d\u2019\u00e9voluer.","og_url":"https:\/\/panomadphotographie.net\/blog\/histoire-noel-siecles\/","og_site_name":"PANOMAD","article_publisher":"https:\/\/www.facebook.com\/panomadphotographie\/","article_published_time":"2025-12-10T15:59:39+00:00","article_modified_time":"2025-12-24T13:55:50+00:00","og_image":[{"width":2560,"height":1920,"url":"https:\/\/panomadphotographie.net\/blog\/wp-content\/uploads\/7-usine-peres-noel-industrie-noel-commercial-20e-siecle-panomad.png-scaled.jpg","type":"image\/jpeg"}],"author":"pfs.panomad@gmail.com","twitter_card":"summary_large_image","twitter_misc":{"\u00c9crit par":"pfs.panomad@gmail.com","Dur\u00e9e de lecture estim\u00e9e":"9 minutes"},"schema":{"@context":"https:\/\/schema.org","@graph":[{"@type":"Article","@id":"https:\/\/panomadphotographie.net\/blog\/histoire-noel-siecles\/#article","isPartOf":{"@id":"https:\/\/panomadphotographie.net\/blog\/histoire-noel-siecles\/"},"author":{"name":"pfs.panomad@gmail.com","@id":"https:\/\/panomadphotographie.net\/blog\/#\/schema\/person\/c09ce91d646762071cbe2c4011e3fbfa"},"headline":"L\u2019histoire de Noel \u00e0 travers les si\u00e8cles","datePublished":"2025-12-10T15:59:39+00:00","dateModified":"2025-12-24T13:55:50+00:00","mainEntityOfPage":{"@id":"https:\/\/panomadphotographie.net\/blog\/histoire-noel-siecles\/"},"wordCount":1566,"publisher":{"@id":"https:\/\/panomadphotographie.net\/blog\/#organization"},"image":{"@id":"https:\/\/panomadphotographie.net\/blog\/histoire-noel-siecles\/#primaryimage"},"thumbnailUrl":"https:\/\/panomadphotographie.net\/blog\/wp-content\/uploads\/7-usine-peres-noel-industrie-noel-commercial-20e-siecle-panomad.png-scaled.jpg","articleSection":["Voyage &amp; d\u00e9couverte"],"inLanguage":"fr-FR"},{"@type":"WebPage","@id":"https:\/\/panomadphotographie.net\/blog\/histoire-noel-siecles\/","url":"https:\/\/panomadphotographie.net\/blog\/histoire-noel-siecles\/","name":"Histoire de No\u00ebl \u00e0 travers les si\u00e8cles : origines, traditions, \u00e9volution","isPartOf":{"@id":"https:\/\/panomadphotographie.net\/blog\/#website"},"primaryImageOfPage":{"@id":"https:\/\/panomadphotographie.net\/blog\/histoire-noel-siecles\/#primaryimage"},"image":{"@id":"https:\/\/panomadphotographie.net\/blog\/histoire-noel-siecles\/#primaryimage"},"thumbnailUrl":"https:\/\/panomadphotographie.net\/blog\/wp-content\/uploads\/7-usine-peres-noel-industrie-noel-commercial-20e-siecle-panomad.png-scaled.jpg","datePublished":"2025-12-10T15:59:39+00:00","dateModified":"2025-12-24T13:55:50+00:00","description":"D\u00e9couvrez l\u2019histoire de No\u00ebl \u00e0 travers les si\u00e8cles : des rites pa\u00efens aux traditions modernes, une f\u00eate qui n\u2019a cess\u00e9 d\u2019\u00e9voluer.","breadcrumb":{"@id":"https:\/\/panomadphotographie.net\/blog\/histoire-noel-siecles\/#breadcrumb"},"inLanguage":"fr-FR","potentialAction":[{"@type":"ReadAction","target":["https:\/\/panomadphotographie.net\/blog\/histoire-noel-siecles\/"]}]},{"@type":"ImageObject","inLanguage":"fr-FR","@id":"https:\/\/panomadphotographie.net\/blog\/histoire-noel-siecles\/#primaryimage","url":"https:\/\/panomadphotographie.net\/blog\/wp-content\/uploads\/7-usine-peres-noel-industrie-noel-commercial-20e-siecle-panomad.png-scaled.jpg","contentUrl":"https:\/\/panomadphotographie.net\/blog\/wp-content\/uploads\/7-usine-peres-noel-industrie-noel-commercial-20e-siecle-panomad.png-scaled.jpg","width":2560,"height":1920,"caption":"L\u2019industrialisation transforme No\u00ebl en ph\u00e9nom\u00e8ne commercial mondial."},{"@type":"BreadcrumbList","@id":"https:\/\/panomadphotographie.net\/blog\/histoire-noel-siecles\/#breadcrumb","itemListElement":[{"@type":"ListItem","position":1,"name":"Accueil","item":"https:\/\/panomadphotographie.net\/blog\/"},{"@type":"ListItem","position":2,"name":"L\u2019histoire de Noel \u00e0 travers les si\u00e8cles"}]},{"@type":"WebSite","@id":"https:\/\/panomadphotographie.net\/blog\/#website","url":"https:\/\/panomadphotographie.net\/blog\/","name":"panomadphotogrpahie","description":"Phtographie","publisher":{"@id":"https:\/\/panomadphotographie.net\/blog\/#organization"},"potentialAction":[{"@type":"SearchAction","target":{"@type":"EntryPoint","urlTemplate":"https:\/\/panomadphotographie.net\/blog\/?s={search_term_string}"},"query-input":{"@type":"PropertyValueSpecification","valueRequired":true,"valueName":"search_term_string"}}],"inLanguage":"fr-FR"},{"@type":"Organization","@id":"https:\/\/panomadphotographie.net\/blog\/#organization","name":"panomad photographie","url":"https:\/\/panomadphotographie.net\/blog\/","logo":{"@type":"ImageObject","inLanguage":"fr-FR","@id":"https:\/\/panomadphotographie.net\/blog\/#\/schema\/logo\/image\/","url":"https:\/\/panomadphotographie.net\/blog\/wp-content\/uploads\/cropped-ChatGPT-Image-9-dec.-2025-00_29_22.png","contentUrl":"https:\/\/panomadphotographie.net\/blog\/wp-content\/uploads\/cropped-ChatGPT-Image-9-dec.-2025-00_29_22.png","width":1024,"height":768,"caption":"panomad photographie"},"image":{"@id":"https:\/\/panomadphotographie.net\/blog\/#\/schema\/logo\/image\/"},"sameAs":["https:\/\/www.facebook.com\/panomadphotographie\/","https:\/\/www.linkedin.com\/in\/panomadphotographie\/"]},{"@type":"Person","@id":"https:\/\/panomadphotographie.net\/blog\/#\/schema\/person\/c09ce91d646762071cbe2c4011e3fbfa","name":"pfs.panomad@gmail.com","image":{"@type":"ImageObject","inLanguage":"fr-FR","@id":"https:\/\/secure.gravatar.com\/avatar\/94cb0ece4106ebb1937fc341f90bceeb3abca5b76c465cad6e6971d0a394098e?s=96&d=mm&r=g","url":"https:\/\/secure.gravatar.com\/avatar\/94cb0ece4106ebb1937fc341f90bceeb3abca5b76c465cad6e6971d0a394098e?s=96&d=mm&r=g","contentUrl":"https:\/\/secure.gravatar.com\/avatar\/94cb0ece4106ebb1937fc341f90bceeb3abca5b76c465cad6e6971d0a394098e?s=96&d=mm&r=g","caption":"pfs.panomad@gmail.com"},"sameAs":["https:\/\/book.panomadphotographie.net"]}]}},"_links":{"self":[{"href":"https:\/\/panomadphotographie.net\/blog\/wp-json\/wp\/v2\/posts\/2135","targetHints":{"allow":["GET"]}}],"collection":[{"href":"https:\/\/panomadphotographie.net\/blog\/wp-json\/wp\/v2\/posts"}],"about":[{"href":"https:\/\/panomadphotographie.net\/blog\/wp-json\/wp\/v2\/types\/post"}],"author":[{"embeddable":true,"href":"https:\/\/panomadphotographie.net\/blog\/wp-json\/wp\/v2\/users\/1"}],"replies":[{"embeddable":true,"href":"https:\/\/panomadphotographie.net\/blog\/wp-json\/wp\/v2\/comments?post=2135"}],"version-history":[{"count":0,"href":"https:\/\/panomadphotographie.net\/blog\/wp-json\/wp\/v2\/posts\/2135\/revisions"}],"wp:featuredmedia":[{"embeddable":true,"href":"https:\/\/panomadphotographie.net\/blog\/wp-json\/wp\/v2\/media\/2141"}],"wp:attachment":[{"href":"https:\/\/panomadphotographie.net\/blog\/wp-json\/wp\/v2\/media?parent=2135"}],"wp:term":[{"taxonomy":"category","embeddable":true,"href":"https:\/\/panomadphotographie.net\/blog\/wp-json\/wp\/v2\/categories?post=2135"},{"taxonomy":"post_tag","embeddable":true,"href":"https:\/\/panomadphotographie.net\/blog\/wp-json\/wp\/v2\/tags?post=2135"}],"curies":[{"name":"wp","href":"https:\/\/api.w.org\/{rel}","templated":true}]}}