{"id":2095,"date":"2025-12-01T18:10:00","date_gmt":"2025-12-01T17:10:00","guid":{"rendered":"https:\/\/panomadphotographie.net\/blog\/?p=2095"},"modified":"2025-12-21T14:38:53","modified_gmt":"2025-12-21T13:38:53","slug":"carrieres-de-bibemus-cezanne","status":"publish","type":"post","link":"https:\/\/panomadphotographie.net\/blog\/carrieres-de-bibemus-cezanne\/","title":{"rendered":"Carri\u00e8res de Bib\u00e9mus C\u00e9zanne : histoire et visite d\u2019un paysage d\u2019artiste"},"content":{"rendered":"\n<p>\u00c0 quelques minutes d\u2019Aix-en-Provence, les <strong>carri\u00e8res de Bib\u00e9mus C\u00e9zanne<\/strong> d\u00e9voilent un paysage d\u2019ocre fa\u00e7onn\u00e9 par des si\u00e8cles d\u2019extraction. Abandonn\u00e9 apr\u00e8s la R\u00e9volution, puis progressivement class\u00e9 au titre du Grand Site de France, ce plateau prot\u00e9g\u00e9 r\u00e9v\u00e8le encore aujourd\u2019hui les volumes, les strates et les verticalit\u00e9s qui ont structur\u00e9 le regard du peintre.<\/p>\n\n\n\n<p>Entre 1895 et 1904, C\u00e9zanne y trouve un terrain d\u2019observation privil\u00e9gi\u00e9. Les parois taill\u00e9es, les blocs laiss\u00e9s en place et les perc\u00e9es vers la Sainte-Victoire composent une v\u00e9ritable architecture naturelle, en parfaite r\u00e9sonance avec sa recherche picturale. Bib\u00e9mus devient ainsi l\u2019un des rares lieux o\u00f9 le paysage r\u00e9el et l\u2019\u0153uvre du peintre se r\u00e9pondent directement.<\/p>\n\n\n\n<h2 class=\"wp-block-heading\"><strong>Aux origines des carri\u00e8res de Bib\u00e9mus C\u00e9zanne<\/strong><\/h2>\n\n\n\n<figure class=\"wp-block-image size-full\"><img decoding=\"async\" width=\"1707\" height=\"2560\" src=\"https:\/\/panomadphotographie.net\/blog\/wp-content\/uploads\/Aix-en-Provence-Panomad-Bibemus-Paul-Cezanne.jpg-scaled.jpg\" alt=\"carri\u00e8res de Bib\u00e9mus C\u00e9zanne \u00e9voquant un visage humain avec cavit\u00e9s et jeux de lumi\u00e8re. Ochre rock wall in the Bib\u00e9mus quarries resembling a human face with natural cavities and light contrasts\u201d\" class=\"wp-image-2110\" srcset=\"https:\/\/panomadphotographie.net\/blog\/wp-content\/uploads\/Aix-en-Provence-Panomad-Bibemus-Paul-Cezanne.jpg-scaled.jpg 1707w, https:\/\/panomadphotographie.net\/blog\/wp-content\/uploads\/Aix-en-Provence-Panomad-Bibemus-Paul-Cezanne.jpg-100x150.jpg 100w, https:\/\/panomadphotographie.net\/blog\/wp-content\/uploads\/Aix-en-Provence-Panomad-Bibemus-Paul-Cezanne.jpg-768x1152.jpg 768w, https:\/\/panomadphotographie.net\/blog\/wp-content\/uploads\/Aix-en-Provence-Panomad-Bibemus-Paul-Cezanne.jpg-1024x1536.jpg 1024w, https:\/\/panomadphotographie.net\/blog\/wp-content\/uploads\/Aix-en-Provence-Panomad-Bibemus-Paul-Cezanne.jpg-1365x2048.jpg 1365w, https:\/\/panomadphotographie.net\/blog\/wp-content\/uploads\/Aix-en-Provence-Panomad-Bibemus-Paul-Cezanne.jpg-973x1460.jpg 973w, https:\/\/panomadphotographie.net\/blog\/wp-content\/uploads\/Aix-en-Provence-Panomad-Bibemus-Paul-Cezanne.jpg-508x762.jpg 508w\" sizes=\"(max-width: 1707px) 100vw, 1707px\" \/><figcaption class=\"wp-element-caption\">Paroi ocre dont les cavit\u00e9s et les volumes \u00e9voquent un visage humain, formation naturelle typique des reliefs sculpt\u00e9s de Bib\u00e9mus.<\/figcaption><\/figure>\n\n\n\n<p><a href=\"https:\/\/panomadphotographie.net\/blog\/gpt-image-1-5-image-generee-par-ia\/\">Une relecture contemporaine du visage min\u00e9ral<\/a><\/p>\n\n\n\n<p>\u00c0 Aix-en-Provence, les carri\u00e8res de Bib\u00e9mus d\u00e9voilent un paysage d\u2019ocre o\u00f9 se rencontrent histoire, g\u00e9ologie et peinture moderne. C\u2019est dans cette ancienne carri\u00e8re fa\u00e7onn\u00e9e par des si\u00e8cles d\u2019extraction que Paul C\u00e9zanne a \u00e9labor\u00e9 une grande partie de sa p\u00e9riode de maturit\u00e9.<\/p>\n\n\n\n<h3 class=\"wp-block-heading\"><strong>La pierre de Bib\u00e9mus, mat\u00e9riau fondateur d\u2019Aix-en-Provence<\/strong><\/h3>\n\n\n\n<p>D\u00e8s l\u2019\u00e9poque romaine, la pierre ocre extraite ici sert \u00e0 construire Aquae Sextiae. L\u2019extraction repose sur une technique simple : l\u2019eau introduite dans les fissures permet de faire \u00e9clater la roche.<br>Au Moyen \u00c2ge, lorsque Aix devient capitale de la Provence, la demande s\u2019intensifie. H\u00f4tels particuliers, remparts, couvents : la ville se construit en grande partie avec cette pierre aux teintes chaudes.<\/p>\n\n\n\n<h3 class=\"wp-block-heading\"><strong>L\u2019abandon des carri\u00e8res apr\u00e8s la R\u00e9volution : naissance d\u2019un paysage brut<\/strong><\/h3>\n\n\n\n<figure class=\"wp-block-image size-full\"><img decoding=\"async\" width=\"1707\" height=\"2560\" src=\"https:\/\/panomadphotographie.net\/blog\/wp-content\/uploads\/Aix-en-Provence-Panomad-Bibemus-Paul-Cezanne.jpg-6-scaled.webp\" alt=\"Bloc de pierre ocre vertical avec marques d\u2019outils. Ochre stone block with vertical tool marks in the Bib\u00e9mus quarries\" class=\"wp-image-2105\" srcset=\"https:\/\/panomadphotographie.net\/blog\/wp-content\/uploads\/Aix-en-Provence-Panomad-Bibemus-Paul-Cezanne.jpg-6-scaled.webp 1707w, https:\/\/panomadphotographie.net\/blog\/wp-content\/uploads\/Aix-en-Provence-Panomad-Bibemus-Paul-Cezanne.jpg-6-100x150.webp 100w, https:\/\/panomadphotographie.net\/blog\/wp-content\/uploads\/Aix-en-Provence-Panomad-Bibemus-Paul-Cezanne.jpg-6-768x1152.webp 768w, https:\/\/panomadphotographie.net\/blog\/wp-content\/uploads\/Aix-en-Provence-Panomad-Bibemus-Paul-Cezanne.jpg-6-1024x1536.webp 1024w, https:\/\/panomadphotographie.net\/blog\/wp-content\/uploads\/Aix-en-Provence-Panomad-Bibemus-Paul-Cezanne.jpg-6-1365x2048.webp 1365w, https:\/\/panomadphotographie.net\/blog\/wp-content\/uploads\/Aix-en-Provence-Panomad-Bibemus-Paul-Cezanne.jpg-6-973x1460.webp 973w, https:\/\/panomadphotographie.net\/blog\/wp-content\/uploads\/Aix-en-Provence-Panomad-Bibemus-Paul-Cezanne.jpg-6-508x762.webp 508w\" sizes=\"(max-width: 1707px) 100vw, 1707px\" \/><figcaption class=\"wp-element-caption\">Bloc de pierre ocre portant les marques verticales laiss\u00e9es par les outils des carriers, t\u00e9moignage direct des techniques d\u2019extraction utilis\u00e9es \u00e0 Bib\u00e9mus.<\/figcaption><\/figure>\n\n\n\n<p>Avec la R\u00e9volution et le d\u00e9veloppement de Marseille, l\u2019activit\u00e9 d\u00e9cline brutalement. Les carri\u00e8res se vident et la v\u00e9g\u00e9tation reprend ses droits. Ce d\u00e9cor silencieux ,blocs g\u00e9om\u00e9triques, parois abruptes, v\u00e9g\u00e9tation spontan\u00e9e ,constitue progressivement un paysage unique, \u00e0 mi-chemin entre g\u00e9ologie et ruine.<\/p>\n\n\n\n<h3 class=\"wp-block-heading\"><strong>Des carri\u00e8res priv\u00e9es \u00e0 un site prot\u00e9g\u00e9 class\u00e9<\/strong><\/h3>\n\n\n\n<p>Rest\u00e9 longtemps priv\u00e9, le site est l\u00e9gu\u00e9 \u00e0 la Ville d\u2019Aix. Celle-ci engage un important travail de s\u00e9curisation et de restauration, avant d\u2019ouvrir officiellement les carri\u00e8res en <strong>2006<\/strong>, exclusivement en visites guid\u00e9es.<\/p>\n\n\n\n<h2 class=\"wp-block-heading\"><strong>Paul C\u00e9zanne \u00e0 Bib\u00e9mus : un lieu cl\u00e9 de sa p\u00e9riode de maturit\u00e9<\/strong><\/h2>\n\n\n\n<h3 class=\"wp-block-heading\"><strong>Un retour au motif, loin de la ville<\/strong><\/h3>\n\n\n\n<p>\u00c0 la fin du XIX\u1d49 si\u00e8cle, C\u00e9zanne cherche un lieu isol\u00e9 pour travailler. Bib\u00e9mus lui offre cette solitude. Il y installe un petit cabanon, simple abri de travail, et revient r\u00e9guli\u00e8rement entre 1895 et 1904 pour peindre sur le motif.<\/p>\n\n\n\n<h3 class=\"wp-block-heading\"><strong>Bib\u00e9mus, un laboratoire de formes et de volumes pour C\u00e9zanne<\/strong><\/h3>\n\n\n\n<figure class=\"wp-block-image size-full\"><img decoding=\"async\" width=\"1707\" height=\"2560\" src=\"https:\/\/panomadphotographie.net\/blog\/wp-content\/uploads\/Aix-en-Provence-Panomad-Bibemus-Paul-Cezanne.jpg-5-scaled.webp\" alt=\"Arche rocheuse ocre form\u00e9e par l\u2019\u00e9rosion dans les carri\u00e8res de Bib\u00e9mus. Ochre rock arch formed by erosion in the Bib\u00e9mus quarries\" class=\"wp-image-2104\" srcset=\"https:\/\/panomadphotographie.net\/blog\/wp-content\/uploads\/Aix-en-Provence-Panomad-Bibemus-Paul-Cezanne.jpg-5-scaled.webp 1707w, https:\/\/panomadphotographie.net\/blog\/wp-content\/uploads\/Aix-en-Provence-Panomad-Bibemus-Paul-Cezanne.jpg-5-100x150.webp 100w, https:\/\/panomadphotographie.net\/blog\/wp-content\/uploads\/Aix-en-Provence-Panomad-Bibemus-Paul-Cezanne.jpg-5-768x1152.webp 768w, https:\/\/panomadphotographie.net\/blog\/wp-content\/uploads\/Aix-en-Provence-Panomad-Bibemus-Paul-Cezanne.jpg-5-1024x1536.webp 1024w, https:\/\/panomadphotographie.net\/blog\/wp-content\/uploads\/Aix-en-Provence-Panomad-Bibemus-Paul-Cezanne.jpg-5-1365x2048.webp 1365w, https:\/\/panomadphotographie.net\/blog\/wp-content\/uploads\/Aix-en-Provence-Panomad-Bibemus-Paul-Cezanne.jpg-5-973x1460.webp 973w, https:\/\/panomadphotographie.net\/blog\/wp-content\/uploads\/Aix-en-Provence-Panomad-Bibemus-Paul-Cezanne.jpg-5-508x762.webp 508w\" sizes=\"(max-width: 1707px) 100vw, 1707px\" \/><figcaption class=\"wp-element-caption\">Arche naturelle form\u00e9e par l\u2019\u00e9rosion et les anciens fronts de taille, l\u2019un des motifs caract\u00e9ristiques du paysage de Bib\u00e9mus.<\/figcaption><\/figure>\n\n\n\n<p>Les fronts de taille, les blocs et les lignes de fracture donnent au site une structure presque architecturale. C\u00e9zanne utilise ces volumes pour organiser ses toiles : masses inclin\u00e9es, plans successifs, verticalit\u00e9s, diagonales.<\/p>\n\n\n\n<h3 class=\"wp-block-heading\"><strong>Bib\u00e9mus, une \u00e9tape d\u00e9terminante avant la montagne Sainte-Victoire<\/strong><\/h3>\n\n\n\n<p>Les \u0153uvres r\u00e9alis\u00e9es \u00e0 Bib\u00e9mus annoncent clairement celles de la Sainte-Victoire : simplification des formes, empilement de plans, \u00e9quilibre entre masses et tensions diagonales.<br>Selon la <strong>Soci\u00e9t\u00e9 C\u00e9zanne<\/strong>, le site constitue l\u2019un des terrains d\u2019exp\u00e9rimentation majeurs du peintre durant sa p\u00e9riode de maturit\u00e9.<br>\ud83d\udc49 Source : <a href=\"https:\/\/www.societe-cezanne.fr\/2017\/04\/17\/la-carriere-de-bibemus-1898-1900-r839-fwn318\/?utm_source=chatgpt.com\">https:\/\/www.societe-cezanne.fr\/2017\/04\/17\/la-carriere-de-bibemus-1898-1900-r839-fwn318\/<\/a><\/p>\n\n\n\n<h2 class=\"wp-block-heading\"><strong>Marcher dans les carri\u00e8res de Bib\u00e9mus aujourd\u2019hui<\/strong><\/h2>\n\n\n\n<p>Le site conserve aujourd\u2019hui encore les caract\u00e9ristiques qui avaient attir\u00e9 le peintre. Plusieurs zones permettent de retrouver les formes qui nourrissaient sa peinture.<\/p>\n\n\n\n<h3 class=\"wp-block-heading\"><strong>Les parois taill\u00e9es : verticalit\u00e9s et strates d\u2019ocre<\/strong><\/h3>\n\n\n\n<p>Les fronts de taille, laiss\u00e9s presque tels quels depuis la fin de l\u2019exploitation, forment de hautes parois d\u00e9coup\u00e9es en surfaces r\u00e9guli\u00e8res. Les traces d\u2019outils \u2014 entailles, stries, lignes d\u2019extraction \u2014 apparaissent encore nettement dans la pierre.<\/p>\n\n\n\n<h3 class=\"wp-block-heading\"><strong>Cavit\u00e9s et arches naturelles : un paysage sculpt\u00e9<\/strong><\/h3>\n\n\n\n<figure class=\"wp-block-image size-full\"><img decoding=\"async\" width=\"1271\" height=\"847\" src=\"https:\/\/panomadphotographie.net\/blog\/wp-content\/uploads\/Aix-en-Provence-Panomad-Bibemus-Paul-Cezanne.jpg-7.webp\" alt=\"e.Paroi rocheuse ocre des carri\u00e8res de Bib\u00e9mus \u00e9voquant une t\u00eate de tortue. Ochre rock wall in the Bib\u00e9mus quarries resembling a turtle head\" class=\"wp-image-2098\" srcset=\"https:\/\/panomadphotographie.net\/blog\/wp-content\/uploads\/Aix-en-Provence-Panomad-Bibemus-Paul-Cezanne.jpg-7.webp 1271w, https:\/\/panomadphotographie.net\/blog\/wp-content\/uploads\/Aix-en-Provence-Panomad-Bibemus-Paul-Cezanne.jpg-7-150x100.webp 150w, https:\/\/panomadphotographie.net\/blog\/wp-content\/uploads\/Aix-en-Provence-Panomad-Bibemus-Paul-Cezanne.jpg-7-768x512.webp 768w, https:\/\/panomadphotographie.net\/blog\/wp-content\/uploads\/Aix-en-Provence-Panomad-Bibemus-Paul-Cezanne.jpg-7-973x648.webp 973w, https:\/\/panomadphotographie.net\/blog\/wp-content\/uploads\/Aix-en-Provence-Panomad-Bibemus-Paul-Cezanne.jpg-7-508x339.webp 508w\" sizes=\"(max-width: 1271px) 100vw, 1271px\" \/><figcaption class=\"wp-element-caption\">Paroi ocre sculpt\u00e9e \u00e9voquant une t\u00eate de tortue, formation naturelle fa\u00e7onn\u00e9e par l\u2019\u00e9rosion dans les carri\u00e8res de Bib\u00e9mus.<\/figcaption><\/figure>\n\n\n\n<p>Sur certaines zones du plateau, la roche se creuse en arches et surplombs. Ces volumes sculpt\u00e9s \u2014 \u00e0 mi-chemin entre g\u00e9ologie et architecture \u2014 figurent parmi les motifs qui ont inspir\u00e9 l\u2019artiste dans sa construction du paysage.<\/p>\n\n\n\n<h3 class=\"wp-block-heading\"><strong>Les perc\u00e9es vers la Sainte-Victoire : l\u2019horizon du peintre<\/strong><\/h3>\n\n\n\n<figure class=\"wp-block-image size-full\"><img decoding=\"async\" width=\"1112\" height=\"741\" src=\"https:\/\/panomadphotographie.net\/blog\/wp-content\/uploads\/Aix-en-Provence-Panomad-Bibemus-Paul-Cezanne.jpg-3.webp\" alt=\"Vue sur la montagne Sainte-Victoire depuis le plateau des carri\u00e8res de Bib\u00e9mus View of Montagne Sainte-Victoire from the Bib\u00e9mus quarry plateau\" class=\"wp-image-2103\" srcset=\"https:\/\/panomadphotographie.net\/blog\/wp-content\/uploads\/Aix-en-Provence-Panomad-Bibemus-Paul-Cezanne.jpg-3.webp 1112w, https:\/\/panomadphotographie.net\/blog\/wp-content\/uploads\/Aix-en-Provence-Panomad-Bibemus-Paul-Cezanne.jpg-3-150x100.webp 150w, https:\/\/panomadphotographie.net\/blog\/wp-content\/uploads\/Aix-en-Provence-Panomad-Bibemus-Paul-Cezanne.jpg-3-768x512.webp 768w, https:\/\/panomadphotographie.net\/blog\/wp-content\/uploads\/Aix-en-Provence-Panomad-Bibemus-Paul-Cezanne.jpg-3-973x648.webp 973w, https:\/\/panomadphotographie.net\/blog\/wp-content\/uploads\/Aix-en-Provence-Panomad-Bibemus-Paul-Cezanne.jpg-3-508x339.webp 508w\" sizes=\"(max-width: 1112px) 100vw, 1112px\" \/><figcaption class=\"wp-element-caption\">Depuis le plateau de Bib\u00e9mus, vue sur la montagne Sainte-Victoire, motif r\u00e9current des toiles tardives de Paul C\u00e9zanne.<\/figcaption><\/figure>\n\n\n\n<p>Plusieurs ouvertures naturelles offrent une vue directe sur la Sainte-Victoire. Cette articulation entre masses ocre et silhouette bleut\u00e9e correspond \u00e0 l\u2019un des sch\u00e9mas r\u00e9currents de ses toiles tardives.<\/p>\n\n\n\n<h3 class=\"wp-block-heading\"><strong>Le cabanon de C\u00e9zanne \u00e0 Bib\u00e9mus : m\u00e9moire d\u2019un atelier minimaliste<\/strong><\/h3>\n\n\n\n<figure class=\"wp-block-image size-full is-style-default\"><img decoding=\"async\" width=\"2560\" height=\"1707\" src=\"https:\/\/panomadphotographie.net\/blog\/wp-content\/uploads\/Aix-en-Provence-Panomad-Bibemus-Paul-Cezanne.jpg-2-scaled.webp\" alt=\"Cabanon de Paul C\u00e9zanne dans les carri\u00e8res de Bib\u00e9mus \u00e0 Aix-en-Provence. Paul C\u00e9zanne\u2019s cabin in the Bib\u00e9mus quarries in Aix-en-Provence\" class=\"wp-image-2102\" srcset=\"https:\/\/panomadphotographie.net\/blog\/wp-content\/uploads\/Aix-en-Provence-Panomad-Bibemus-Paul-Cezanne.jpg-2-scaled.webp 2560w, https:\/\/panomadphotographie.net\/blog\/wp-content\/uploads\/Aix-en-Provence-Panomad-Bibemus-Paul-Cezanne.jpg-2-150x100.webp 150w, https:\/\/panomadphotographie.net\/blog\/wp-content\/uploads\/Aix-en-Provence-Panomad-Bibemus-Paul-Cezanne.jpg-2-768x512.webp 768w, https:\/\/panomadphotographie.net\/blog\/wp-content\/uploads\/Aix-en-Provence-Panomad-Bibemus-Paul-Cezanne.jpg-2-1536x1024.webp 1536w, https:\/\/panomadphotographie.net\/blog\/wp-content\/uploads\/Aix-en-Provence-Panomad-Bibemus-Paul-Cezanne.jpg-2-2048x1366.webp 2048w, https:\/\/panomadphotographie.net\/blog\/wp-content\/uploads\/Aix-en-Provence-Panomad-Bibemus-Paul-Cezanne.jpg-2-973x649.webp 973w, https:\/\/panomadphotographie.net\/blog\/wp-content\/uploads\/Aix-en-Provence-Panomad-Bibemus-Paul-Cezanne.jpg-2-508x339.webp 508w\" sizes=\"(max-width: 2560px) 100vw, 2560px\" \/><figcaption class=\"wp-element-caption\">Le cabanon de Bib\u00e9mus, abri de travail utilis\u00e9 par Paul C\u00e9zanne entre 1895 et 1904, restaur\u00e9 pour restituer l\u2019atmosph\u00e8re des s\u00e9jours du peintre.<\/figcaption><\/figure>\n\n\n\n<p>Le petit cabanon de pierre, restaur\u00e9 depuis l\u2019ouverture du site en 2006, mat\u00e9rialise la pr\u00e9sence du peintre dans la carri\u00e8re. Il rappelle les s\u00e9jours r\u00e9p\u00e9t\u00e9s de C\u00e9zanne, son besoin de solitude et son travail m\u00e9thodique face au motif.<\/p>\n\n\n\n<h3 class=\"wp-block-heading\"><strong>Bib\u00e9mus, un terrain d\u2019observation privil\u00e9gi\u00e9 pour la photographie<\/strong><\/h3>\n\n\n\n<p>Lumi\u00e8re rasante, textures d\u2019ocre, contrastes naturels entre roche et pin\u00e8de : Bib\u00e9mus forme aujourd\u2019hui encore un laboratoire visuel privil\u00e9gi\u00e9. La g\u00e9om\u00e9trie h\u00e9rit\u00e9e de la carri\u00e8re cr\u00e9e des cadrages naturels o\u00f9 tout converge vers des lignes de force, \u00e9cho contemporain des compositions de C\u00e9zanne.<\/p>\n\n\n\n<h2 class=\"wp-block-heading\"><strong>Visiter les carri\u00e8res de Bib\u00e9mus aujourd\u2019hui<\/strong><\/h2>\n\n\n\n<h3 class=\"wp-block-heading\"><strong>Conditions d\u2019acc\u00e8s et visites guid\u00e9es du site<\/strong><\/h3>\n\n\n\n<p>Depuis leur ouverture au public en 2006, les carri\u00e8res de Bib\u00e9mus sont accessibles uniquement en <strong>visites guid\u00e9es<\/strong>. Le classement au titre du <strong>Grand Site de France<\/strong> impose une gestion rigoureuse destin\u00e9e \u00e0 pr\u00e9server cet environnement fragile.<\/p>\n\n\n\n<h3 class=\"wp-block-heading\"><strong>S\u2019y rendre : navettes et acc\u00e8s recommand\u00e9s<\/strong>t :<\/h3>\n\n\n\n<ul class=\"wp-block-list\">\n<li>le parking-relais de la ligne 6<\/li>\n\n\n\n<li>la navette 380<\/li>\n\n\n\n<li>les groupes encadr\u00e9s en visite guid\u00e9e<\/li>\n<\/ul>\n\n\n\n<h2 class=\"wp-block-heading\"><strong>L\u2019h\u00e9ritage de Bib\u00e9mus, du carrier au peintre<\/strong><\/h2>\n\n\n\n<p>Les carri\u00e8res de Bib\u00e9mus ont fa\u00e7onn\u00e9 la ville d\u2019Aix, puis inspir\u00e9 C\u00e9zanne dans sa recherche d\u2019un langage pictural fond\u00e9 sur la structure et la g\u00e9om\u00e9trie. Ce paysage ocre, presque intact, permet encore aujourd\u2019hui de lire l\u2019origine de ses toiles.<br>Un lieu o\u00f9 la pierre, la lumi\u00e8re et l\u2019histoire continuent de dialoguer avec l\u2019\u0153uvre du peintre.<\/p>\n\n\n\n<p><\/p>\n","protected":false},"excerpt":{"rendered":"<p>\u00c0 quelques minutes d\u2019Aix-en-Provence, les carri\u00e8res de Bib\u00e9mus C\u00e9zanne d\u00e9voilent un paysage d\u2019ocre fa\u00e7onn\u00e9 par des si\u00e8cles d\u2019extraction. Abandonn\u00e9 apr\u00e8s la R\u00e9volution, puis progressivement class\u00e9 au titre du&#8230;<\/p>\n","protected":false},"author":1,"featured_media":2099,"comment_status":"closed","ping_status":"closed","sticky":false,"template":"","format":"standard","meta":{"footnotes":""},"categories":[4],"tags":[],"class_list":["post-2095","post","type-post","status-publish","format-standard","has-post-thumbnail","hentry","category-photographe-voyage"],"yoast_head":"<!-- This site is optimized with the Yoast SEO plugin v27.2 - https:\/\/yoast.com\/product\/yoast-seo-wordpress\/ -->\n<title>Carri\u00e8res de Bib\u00e9mus C\u00e9zanne \u2013 histoire, visite et photos du site<\/title>\n<meta name=\"description\" content=\"Les carri\u00e8res de Bib\u00e9mus, site embl\u00e9matique de C\u00e9zanne pr\u00e8s d\u2019Aix-en-Provence : histoire, visite du lieu et regard photographique.\" \/>\n<meta name=\"robots\" content=\"index, follow, max-snippet:-1, max-image-preview:large, max-video-preview:-1\" \/>\n<link rel=\"canonical\" href=\"https:\/\/panomadphotographie.net\/blog\/carrieres-de-bibemus-cezanne\/\" \/>\n<meta property=\"og:locale\" content=\"fr_FR\" \/>\n<meta property=\"og:type\" content=\"article\" \/>\n<meta property=\"og:title\" content=\"Carri\u00e8res de Bib\u00e9mus C\u00e9zanne \u2013 histoire, visite et photos du site\" \/>\n<meta property=\"og:description\" content=\"Les carri\u00e8res de Bib\u00e9mus, site embl\u00e9matique de C\u00e9zanne pr\u00e8s d\u2019Aix-en-Provence : histoire, visite du lieu et regard photographique.\" \/>\n<meta property=\"og:url\" content=\"https:\/\/panomadphotographie.net\/blog\/carrieres-de-bibemus-cezanne\/\" \/>\n<meta property=\"og:site_name\" content=\"PANOMAD\" \/>\n<meta property=\"article:publisher\" content=\"https:\/\/www.facebook.com\/panomadphotographie\/\" \/>\n<meta property=\"article:published_time\" content=\"2025-12-01T17:10:00+00:00\" \/>\n<meta property=\"article:modified_time\" content=\"2025-12-21T13:38:53+00:00\" \/>\n<meta property=\"og:image\" content=\"https:\/\/panomadphotographie.net\/blog\/wp-content\/uploads\/Aix-en-Provence-Panomad-Bibemus-Paul-Cezanne.jpg-8-scaled.webp\" \/>\n\t<meta property=\"og:image:width\" content=\"2560\" \/>\n\t<meta property=\"og:image:height\" content=\"1707\" \/>\n\t<meta property=\"og:image:type\" content=\"image\/webp\" \/>\n<meta name=\"author\" content=\"pfs.panomad@gmail.com\" \/>\n<meta name=\"twitter:card\" content=\"summary_large_image\" \/>\n<meta name=\"twitter:label1\" content=\"\u00c9crit par\" \/>\n\t<meta name=\"twitter:data1\" content=\"pfs.panomad@gmail.com\" \/>\n\t<meta name=\"twitter:label2\" content=\"Dur\u00e9e de lecture estim\u00e9e\" \/>\n\t<meta name=\"twitter:data2\" content=\"7 minutes\" \/>\n<script type=\"application\/ld+json\" class=\"yoast-schema-graph\">{\"@context\":\"https:\/\/schema.org\",\"@graph\":[{\"@type\":\"Article\",\"@id\":\"https:\/\/panomadphotographie.net\/blog\/carrieres-de-bibemus-cezanne\/#article\",\"isPartOf\":{\"@id\":\"https:\/\/panomadphotographie.net\/blog\/carrieres-de-bibemus-cezanne\/\"},\"author\":{\"name\":\"pfs.panomad@gmail.com\",\"@id\":\"https:\/\/panomadphotographie.net\/blog\/#\/schema\/person\/c09ce91d646762071cbe2c4011e3fbfa\"},\"headline\":\"Carri\u00e8res de Bib\u00e9mus C\u00e9zanne : histoire et visite d\u2019un paysage d\u2019artiste\",\"datePublished\":\"2025-12-01T17:10:00+00:00\",\"dateModified\":\"2025-12-21T13:38:53+00:00\",\"mainEntityOfPage\":{\"@id\":\"https:\/\/panomadphotographie.net\/blog\/carrieres-de-bibemus-cezanne\/\"},\"wordCount\":1192,\"publisher\":{\"@id\":\"https:\/\/panomadphotographie.net\/blog\/#organization\"},\"image\":{\"@id\":\"https:\/\/panomadphotographie.net\/blog\/carrieres-de-bibemus-cezanne\/#primaryimage\"},\"thumbnailUrl\":\"https:\/\/panomadphotographie.net\/blog\/wp-content\/uploads\/Aix-en-Provence-Panomad-Bibemus-Paul-Cezanne.jpg-8-scaled.webp\",\"articleSection\":[\"Voyage &amp; d\u00e9couverte\"],\"inLanguage\":\"fr-FR\"},{\"@type\":\"WebPage\",\"@id\":\"https:\/\/panomadphotographie.net\/blog\/carrieres-de-bibemus-cezanne\/\",\"url\":\"https:\/\/panomadphotographie.net\/blog\/carrieres-de-bibemus-cezanne\/\",\"name\":\"Carri\u00e8res de Bib\u00e9mus C\u00e9zanne \u2013 histoire, visite et photos du site\",\"isPartOf\":{\"@id\":\"https:\/\/panomadphotographie.net\/blog\/#website\"},\"primaryImageOfPage\":{\"@id\":\"https:\/\/panomadphotographie.net\/blog\/carrieres-de-bibemus-cezanne\/#primaryimage\"},\"image\":{\"@id\":\"https:\/\/panomadphotographie.net\/blog\/carrieres-de-bibemus-cezanne\/#primaryimage\"},\"thumbnailUrl\":\"https:\/\/panomadphotographie.net\/blog\/wp-content\/uploads\/Aix-en-Provence-Panomad-Bibemus-Paul-Cezanne.jpg-8-scaled.webp\",\"datePublished\":\"2025-12-01T17:10:00+00:00\",\"dateModified\":\"2025-12-21T13:38:53+00:00\",\"description\":\"Les carri\u00e8res de Bib\u00e9mus, site embl\u00e9matique de C\u00e9zanne pr\u00e8s d\u2019Aix-en-Provence : histoire, visite du lieu et regard photographique.\",\"breadcrumb\":{\"@id\":\"https:\/\/panomadphotographie.net\/blog\/carrieres-de-bibemus-cezanne\/#breadcrumb\"},\"inLanguage\":\"fr-FR\",\"potentialAction\":[{\"@type\":\"ReadAction\",\"target\":[\"https:\/\/panomadphotographie.net\/blog\/carrieres-de-bibemus-cezanne\/\"]}]},{\"@type\":\"ImageObject\",\"inLanguage\":\"fr-FR\",\"@id\":\"https:\/\/panomadphotographie.net\/blog\/carrieres-de-bibemus-cezanne\/#primaryimage\",\"url\":\"https:\/\/panomadphotographie.net\/blog\/wp-content\/uploads\/Aix-en-Provence-Panomad-Bibemus-Paul-Cezanne.jpg-8-scaled.webp\",\"contentUrl\":\"https:\/\/panomadphotographie.net\/blog\/wp-content\/uploads\/Aix-en-Provence-Panomad-Bibemus-Paul-Cezanne.jpg-8-scaled.webp\",\"width\":2560,\"height\":1707},{\"@type\":\"BreadcrumbList\",\"@id\":\"https:\/\/panomadphotographie.net\/blog\/carrieres-de-bibemus-cezanne\/#breadcrumb\",\"itemListElement\":[{\"@type\":\"ListItem\",\"position\":1,\"name\":\"Accueil\",\"item\":\"https:\/\/panomadphotographie.net\/blog\/\"},{\"@type\":\"ListItem\",\"position\":2,\"name\":\"Carri\u00e8res de Bib\u00e9mus C\u00e9zanne : histoire et visite d\u2019un paysage d\u2019artiste\"}]},{\"@type\":\"WebSite\",\"@id\":\"https:\/\/panomadphotographie.net\/blog\/#website\",\"url\":\"https:\/\/panomadphotographie.net\/blog\/\",\"name\":\"panomadphotogrpahie\",\"description\":\"Phtographie\",\"publisher\":{\"@id\":\"https:\/\/panomadphotographie.net\/blog\/#organization\"},\"potentialAction\":[{\"@type\":\"SearchAction\",\"target\":{\"@type\":\"EntryPoint\",\"urlTemplate\":\"https:\/\/panomadphotographie.net\/blog\/?s={search_term_string}\"},\"query-input\":{\"@type\":\"PropertyValueSpecification\",\"valueRequired\":true,\"valueName\":\"search_term_string\"}}],\"inLanguage\":\"fr-FR\"},{\"@type\":\"Organization\",\"@id\":\"https:\/\/panomadphotographie.net\/blog\/#organization\",\"name\":\"panomad photographie\",\"url\":\"https:\/\/panomadphotographie.net\/blog\/\",\"logo\":{\"@type\":\"ImageObject\",\"inLanguage\":\"fr-FR\",\"@id\":\"https:\/\/panomadphotographie.net\/blog\/#\/schema\/logo\/image\/\",\"url\":\"https:\/\/panomadphotographie.net\/blog\/wp-content\/uploads\/cropped-ChatGPT-Image-9-dec.-2025-00_29_22.png\",\"contentUrl\":\"https:\/\/panomadphotographie.net\/blog\/wp-content\/uploads\/cropped-ChatGPT-Image-9-dec.-2025-00_29_22.png\",\"width\":1024,\"height\":768,\"caption\":\"panomad photographie\"},\"image\":{\"@id\":\"https:\/\/panomadphotographie.net\/blog\/#\/schema\/logo\/image\/\"},\"sameAs\":[\"https:\/\/www.facebook.com\/panomadphotographie\/\",\"https:\/\/www.linkedin.com\/in\/panomadphotographie\/\"]},{\"@type\":\"Person\",\"@id\":\"https:\/\/panomadphotographie.net\/blog\/#\/schema\/person\/c09ce91d646762071cbe2c4011e3fbfa\",\"name\":\"pfs.panomad@gmail.com\",\"image\":{\"@type\":\"ImageObject\",\"inLanguage\":\"fr-FR\",\"@id\":\"https:\/\/secure.gravatar.com\/avatar\/94cb0ece4106ebb1937fc341f90bceeb3abca5b76c465cad6e6971d0a394098e?s=96&d=mm&r=g\",\"url\":\"https:\/\/secure.gravatar.com\/avatar\/94cb0ece4106ebb1937fc341f90bceeb3abca5b76c465cad6e6971d0a394098e?s=96&d=mm&r=g\",\"contentUrl\":\"https:\/\/secure.gravatar.com\/avatar\/94cb0ece4106ebb1937fc341f90bceeb3abca5b76c465cad6e6971d0a394098e?s=96&d=mm&r=g\",\"caption\":\"pfs.panomad@gmail.com\"},\"sameAs\":[\"https:\/\/book.panomadphotographie.net\"]}]}<\/script>\n<!-- \/ Yoast SEO plugin. -->","yoast_head_json":{"title":"Carri\u00e8res de Bib\u00e9mus C\u00e9zanne \u2013 histoire, visite et photos du site","description":"Les carri\u00e8res de Bib\u00e9mus, site embl\u00e9matique de C\u00e9zanne pr\u00e8s d\u2019Aix-en-Provence : histoire, visite du lieu et regard photographique.","robots":{"index":"index","follow":"follow","max-snippet":"max-snippet:-1","max-image-preview":"max-image-preview:large","max-video-preview":"max-video-preview:-1"},"canonical":"https:\/\/panomadphotographie.net\/blog\/carrieres-de-bibemus-cezanne\/","og_locale":"fr_FR","og_type":"article","og_title":"Carri\u00e8res de Bib\u00e9mus C\u00e9zanne \u2013 histoire, visite et photos du site","og_description":"Les carri\u00e8res de Bib\u00e9mus, site embl\u00e9matique de C\u00e9zanne pr\u00e8s d\u2019Aix-en-Provence : histoire, visite du lieu et regard photographique.","og_url":"https:\/\/panomadphotographie.net\/blog\/carrieres-de-bibemus-cezanne\/","og_site_name":"PANOMAD","article_publisher":"https:\/\/www.facebook.com\/panomadphotographie\/","article_published_time":"2025-12-01T17:10:00+00:00","article_modified_time":"2025-12-21T13:38:53+00:00","og_image":[{"width":2560,"height":1707,"url":"https:\/\/panomadphotographie.net\/blog\/wp-content\/uploads\/Aix-en-Provence-Panomad-Bibemus-Paul-Cezanne.jpg-8-scaled.webp","type":"image\/webp"}],"author":"pfs.panomad@gmail.com","twitter_card":"summary_large_image","twitter_misc":{"\u00c9crit par":"pfs.panomad@gmail.com","Dur\u00e9e de lecture estim\u00e9e":"7 minutes"},"schema":{"@context":"https:\/\/schema.org","@graph":[{"@type":"Article","@id":"https:\/\/panomadphotographie.net\/blog\/carrieres-de-bibemus-cezanne\/#article","isPartOf":{"@id":"https:\/\/panomadphotographie.net\/blog\/carrieres-de-bibemus-cezanne\/"},"author":{"name":"pfs.panomad@gmail.com","@id":"https:\/\/panomadphotographie.net\/blog\/#\/schema\/person\/c09ce91d646762071cbe2c4011e3fbfa"},"headline":"Carri\u00e8res de Bib\u00e9mus C\u00e9zanne : histoire et visite d\u2019un paysage d\u2019artiste","datePublished":"2025-12-01T17:10:00+00:00","dateModified":"2025-12-21T13:38:53+00:00","mainEntityOfPage":{"@id":"https:\/\/panomadphotographie.net\/blog\/carrieres-de-bibemus-cezanne\/"},"wordCount":1192,"publisher":{"@id":"https:\/\/panomadphotographie.net\/blog\/#organization"},"image":{"@id":"https:\/\/panomadphotographie.net\/blog\/carrieres-de-bibemus-cezanne\/#primaryimage"},"thumbnailUrl":"https:\/\/panomadphotographie.net\/blog\/wp-content\/uploads\/Aix-en-Provence-Panomad-Bibemus-Paul-Cezanne.jpg-8-scaled.webp","articleSection":["Voyage &amp; d\u00e9couverte"],"inLanguage":"fr-FR"},{"@type":"WebPage","@id":"https:\/\/panomadphotographie.net\/blog\/carrieres-de-bibemus-cezanne\/","url":"https:\/\/panomadphotographie.net\/blog\/carrieres-de-bibemus-cezanne\/","name":"Carri\u00e8res de Bib\u00e9mus C\u00e9zanne \u2013 histoire, visite et photos du site","isPartOf":{"@id":"https:\/\/panomadphotographie.net\/blog\/#website"},"primaryImageOfPage":{"@id":"https:\/\/panomadphotographie.net\/blog\/carrieres-de-bibemus-cezanne\/#primaryimage"},"image":{"@id":"https:\/\/panomadphotographie.net\/blog\/carrieres-de-bibemus-cezanne\/#primaryimage"},"thumbnailUrl":"https:\/\/panomadphotographie.net\/blog\/wp-content\/uploads\/Aix-en-Provence-Panomad-Bibemus-Paul-Cezanne.jpg-8-scaled.webp","datePublished":"2025-12-01T17:10:00+00:00","dateModified":"2025-12-21T13:38:53+00:00","description":"Les carri\u00e8res de Bib\u00e9mus, site embl\u00e9matique de C\u00e9zanne pr\u00e8s d\u2019Aix-en-Provence : histoire, visite du lieu et regard photographique.","breadcrumb":{"@id":"https:\/\/panomadphotographie.net\/blog\/carrieres-de-bibemus-cezanne\/#breadcrumb"},"inLanguage":"fr-FR","potentialAction":[{"@type":"ReadAction","target":["https:\/\/panomadphotographie.net\/blog\/carrieres-de-bibemus-cezanne\/"]}]},{"@type":"ImageObject","inLanguage":"fr-FR","@id":"https:\/\/panomadphotographie.net\/blog\/carrieres-de-bibemus-cezanne\/#primaryimage","url":"https:\/\/panomadphotographie.net\/blog\/wp-content\/uploads\/Aix-en-Provence-Panomad-Bibemus-Paul-Cezanne.jpg-8-scaled.webp","contentUrl":"https:\/\/panomadphotographie.net\/blog\/wp-content\/uploads\/Aix-en-Provence-Panomad-Bibemus-Paul-Cezanne.jpg-8-scaled.webp","width":2560,"height":1707},{"@type":"BreadcrumbList","@id":"https:\/\/panomadphotographie.net\/blog\/carrieres-de-bibemus-cezanne\/#breadcrumb","itemListElement":[{"@type":"ListItem","position":1,"name":"Accueil","item":"https:\/\/panomadphotographie.net\/blog\/"},{"@type":"ListItem","position":2,"name":"Carri\u00e8res de Bib\u00e9mus C\u00e9zanne : histoire et visite d\u2019un paysage d\u2019artiste"}]},{"@type":"WebSite","@id":"https:\/\/panomadphotographie.net\/blog\/#website","url":"https:\/\/panomadphotographie.net\/blog\/","name":"panomadphotogrpahie","description":"Phtographie","publisher":{"@id":"https:\/\/panomadphotographie.net\/blog\/#organization"},"potentialAction":[{"@type":"SearchAction","target":{"@type":"EntryPoint","urlTemplate":"https:\/\/panomadphotographie.net\/blog\/?s={search_term_string}"},"query-input":{"@type":"PropertyValueSpecification","valueRequired":true,"valueName":"search_term_string"}}],"inLanguage":"fr-FR"},{"@type":"Organization","@id":"https:\/\/panomadphotographie.net\/blog\/#organization","name":"panomad photographie","url":"https:\/\/panomadphotographie.net\/blog\/","logo":{"@type":"ImageObject","inLanguage":"fr-FR","@id":"https:\/\/panomadphotographie.net\/blog\/#\/schema\/logo\/image\/","url":"https:\/\/panomadphotographie.net\/blog\/wp-content\/uploads\/cropped-ChatGPT-Image-9-dec.-2025-00_29_22.png","contentUrl":"https:\/\/panomadphotographie.net\/blog\/wp-content\/uploads\/cropped-ChatGPT-Image-9-dec.-2025-00_29_22.png","width":1024,"height":768,"caption":"panomad photographie"},"image":{"@id":"https:\/\/panomadphotographie.net\/blog\/#\/schema\/logo\/image\/"},"sameAs":["https:\/\/www.facebook.com\/panomadphotographie\/","https:\/\/www.linkedin.com\/in\/panomadphotographie\/"]},{"@type":"Person","@id":"https:\/\/panomadphotographie.net\/blog\/#\/schema\/person\/c09ce91d646762071cbe2c4011e3fbfa","name":"pfs.panomad@gmail.com","image":{"@type":"ImageObject","inLanguage":"fr-FR","@id":"https:\/\/secure.gravatar.com\/avatar\/94cb0ece4106ebb1937fc341f90bceeb3abca5b76c465cad6e6971d0a394098e?s=96&d=mm&r=g","url":"https:\/\/secure.gravatar.com\/avatar\/94cb0ece4106ebb1937fc341f90bceeb3abca5b76c465cad6e6971d0a394098e?s=96&d=mm&r=g","contentUrl":"https:\/\/secure.gravatar.com\/avatar\/94cb0ece4106ebb1937fc341f90bceeb3abca5b76c465cad6e6971d0a394098e?s=96&d=mm&r=g","caption":"pfs.panomad@gmail.com"},"sameAs":["https:\/\/book.panomadphotographie.net"]}]}},"_links":{"self":[{"href":"https:\/\/panomadphotographie.net\/blog\/wp-json\/wp\/v2\/posts\/2095","targetHints":{"allow":["GET"]}}],"collection":[{"href":"https:\/\/panomadphotographie.net\/blog\/wp-json\/wp\/v2\/posts"}],"about":[{"href":"https:\/\/panomadphotographie.net\/blog\/wp-json\/wp\/v2\/types\/post"}],"author":[{"embeddable":true,"href":"https:\/\/panomadphotographie.net\/blog\/wp-json\/wp\/v2\/users\/1"}],"replies":[{"embeddable":true,"href":"https:\/\/panomadphotographie.net\/blog\/wp-json\/wp\/v2\/comments?post=2095"}],"version-history":[{"count":0,"href":"https:\/\/panomadphotographie.net\/blog\/wp-json\/wp\/v2\/posts\/2095\/revisions"}],"wp:featuredmedia":[{"embeddable":true,"href":"https:\/\/panomadphotographie.net\/blog\/wp-json\/wp\/v2\/media\/2099"}],"wp:attachment":[{"href":"https:\/\/panomadphotographie.net\/blog\/wp-json\/wp\/v2\/media?parent=2095"}],"wp:term":[{"taxonomy":"category","embeddable":true,"href":"https:\/\/panomadphotographie.net\/blog\/wp-json\/wp\/v2\/categories?post=2095"},{"taxonomy":"post_tag","embeddable":true,"href":"https:\/\/panomadphotographie.net\/blog\/wp-json\/wp\/v2\/tags?post=2095"}],"curies":[{"name":"wp","href":"https:\/\/api.w.org\/{rel}","templated":true}]}}