{"id":2060,"date":"2025-11-28T00:35:22","date_gmt":"2025-11-27T23:35:22","guid":{"rendered":"https:\/\/panomadphotographie.net\/blog\/?p=2060"},"modified":"2025-11-28T00:37:26","modified_gmt":"2025-11-27T23:37:26","slug":"marrakech-interieur-textures-lumieres-et-gestes","status":"publish","type":"post","link":"https:\/\/panomadphotographie.net\/blog\/marrakech-interieur-textures-lumieres-et-gestes\/","title":{"rendered":"Marrakech int\u00e9rieur : textures, lumi\u00e8res et gestes"},"content":{"rendered":"\n<p><em>\u00c0 travers Marrakech int\u00e9rieur, textures, lumi\u00e8res et gestes offrent un terrain d\u2019exploration privil\u00e9gi\u00e9 pour l\u2019\u0153il. Des ruelles de la m\u00e9dina aux tombeaux saadiens, des ateliers d\u2019artisans au d\u00e9sert d\u2019Agafay, cette s\u00e9rie met en sc\u00e8ne un ensemble de moments capt\u00e9s au c\u0153ur d\u2019un patrimoine vivant et contrast\u00e9.<\/em><\/p>\n\n\n\n<h2 class=\"wp-block-heading\">M\u00e9dina : entre ombre, hauteur et effervescence<\/h2>\n\n\n\n<h3 class=\"wp-block-heading\">Ambiances nocturnes de la m\u00e9dina<\/h3>\n\n\n\n<figure class=\"wp-block-image size-full\"><img decoding=\"async\" width=\"1620\" height=\"1080\" src=\"https:\/\/panomadphotographie.net\/blog\/wp-content\/uploads\/panomad-marrakech-01-medina-night-rooftop.webp\" alt=\"Vue nocturne de la m\u00e9dina de Marrakech depuis un rooftop Night view of Marrakech medina from a rooftop\" class=\"wp-image-2063\" srcset=\"https:\/\/panomadphotographie.net\/blog\/wp-content\/uploads\/panomad-marrakech-01-medina-night-rooftop.webp 1620w, https:\/\/panomadphotographie.net\/blog\/wp-content\/uploads\/panomad-marrakech-01-medina-night-rooftop-150x100.webp 150w, https:\/\/panomadphotographie.net\/blog\/wp-content\/uploads\/panomad-marrakech-01-medina-night-rooftop-768x512.webp 768w, https:\/\/panomadphotographie.net\/blog\/wp-content\/uploads\/panomad-marrakech-01-medina-night-rooftop-1536x1024.webp 1536w, https:\/\/panomadphotographie.net\/blog\/wp-content\/uploads\/panomad-marrakech-01-medina-night-rooftop-973x649.webp 973w, https:\/\/panomadphotographie.net\/blog\/wp-content\/uploads\/panomad-marrakech-01-medina-night-rooftop-508x339.webp 508w\" sizes=\"(max-width: 1620px) 100vw, 1620px\" \/><figcaption class=\"wp-element-caption\">Vue nocturne de la m\u00e9dina depuis un rooftop de Marrakech.<\/figcaption><\/figure>\n\n\n\n<p>Dans cette approche de <strong>Marrakech int\u00e9rieur<\/strong>, la m\u00e9dina constitue le premier espace o\u00f9 lumi\u00e8res et textures se r\u00e9v\u00e8lent.<\/p>\n\n\n\n<p>.Les ruelles \u00e9troites s\u2019illuminent d\u2019une lumi\u00e8re chaude issue des devantures, des lampes suspendues et des kiosques encore ouverts. Depuis les toits des restaurants, la ville d\u00e9voile ses lignes irr\u00e9guli\u00e8res, ses enchev\u00eatrements d\u2019habitations et ses trajectoires humaines. Les silhouettes qui traversent les rues, les deux-roues qui se frayent un passage et les \u00e9choppes qui ferment progressivement composent une sc\u00e8ne nocturne \u00e0 la fois anim\u00e9e et apais\u00e9e.<\/p>\n\n\n\n<h3 class=\"wp-block-heading\">La Koutoubia comme rep\u00e8re visuel<\/h3>\n\n\n\n<figure class=\"wp-block-image size-full\"><img decoding=\"async\" width=\"1620\" height=\"1080\" src=\"https:\/\/panomadphotographie.net\/blog\/wp-content\/uploads\/anomad-marrakech-02-koutoubia-night.jpg.webp\" alt=\"Minaret de la Koutoubia illumin\u00e9 la nuit \u00e0 Marrakech Koutoubia minaret illuminated at night in Marrakech\" class=\"wp-image-2080\" srcset=\"https:\/\/panomadphotographie.net\/blog\/wp-content\/uploads\/anomad-marrakech-02-koutoubia-night.jpg.webp 1620w, https:\/\/panomadphotographie.net\/blog\/wp-content\/uploads\/anomad-marrakech-02-koutoubia-night.jpg-150x100.webp 150w, https:\/\/panomadphotographie.net\/blog\/wp-content\/uploads\/anomad-marrakech-02-koutoubia-night.jpg-768x512.webp 768w, https:\/\/panomadphotographie.net\/blog\/wp-content\/uploads\/anomad-marrakech-02-koutoubia-night.jpg-1536x1024.webp 1536w, https:\/\/panomadphotographie.net\/blog\/wp-content\/uploads\/anomad-marrakech-02-koutoubia-night.jpg-973x649.webp 973w, https:\/\/panomadphotographie.net\/blog\/wp-content\/uploads\/anomad-marrakech-02-koutoubia-night.jpg-508x339.webp 508w\" sizes=\"(max-width: 1620px) 100vw, 1620px\" \/><figcaption class=\"wp-element-caption\">Le minaret de la Koutoubia, rep\u00e8re majeur de la ville, illumin\u00e9 la nuit.<\/figcaption><\/figure>\n\n\n\n<p>Un peu plus loin, la Koutoubia se d\u00e9tache dans l\u2019obscurit\u00e9. Son minaret, \u00e9clair\u00e9 par des projecteurs, fonctionne comme un rep\u00e8re visuel pour toute la ville. La clart\u00e9 de la pierre contraste avec le ciel sombre et met en \u00e9vidence la verticalit\u00e9 de l\u2019\u00e9difice, point d\u2019ancrage historique et g\u00e9ographique de Marrakech. Les palmiers qui l\u2019entourent renforcent cette impression d\u2019\u00e9lan vers le haut.<\/p>\n\n\n\n<h3 class=\"wp-block-heading\">Int\u00e9rieurs traditionnels des riads<\/h3>\n\n\n\n<figure class=\"wp-block-image size-full\"><img decoding=\"async\" width=\"1620\" height=\"1080\" src=\"https:\/\/panomadphotographie.net\/blog\/wp-content\/uploads\/panomad-marrakech-03-riad-lounge-night.jpg.webp\" alt=\"Salon marocain traditionnel sur un toit de riad la nuit. Traditional Moroccan lounge on a riad rooftop at night\" class=\"wp-image-2079\" srcset=\"https:\/\/panomadphotographie.net\/blog\/wp-content\/uploads\/panomad-marrakech-03-riad-lounge-night.jpg.webp 1620w, https:\/\/panomadphotographie.net\/blog\/wp-content\/uploads\/panomad-marrakech-03-riad-lounge-night.jpg-150x100.webp 150w, https:\/\/panomadphotographie.net\/blog\/wp-content\/uploads\/panomad-marrakech-03-riad-lounge-night.jpg-768x512.webp 768w, https:\/\/panomadphotographie.net\/blog\/wp-content\/uploads\/panomad-marrakech-03-riad-lounge-night.jpg-1536x1024.webp 1536w, https:\/\/panomadphotographie.net\/blog\/wp-content\/uploads\/panomad-marrakech-03-riad-lounge-night.jpg-973x649.webp 973w, https:\/\/panomadphotographie.net\/blog\/wp-content\/uploads\/panomad-marrakech-03-riad-lounge-night.jpg-508x339.webp 508w\" sizes=\"(max-width: 1620px) 100vw, 1620px\" \/><figcaption class=\"wp-element-caption\">Ambiance feutr\u00e9e d\u2019un salon traditionnel sur le toit d\u2019un riad.<\/figcaption><\/figure>\n\n\n\n<p>Dans les riads traditionnels, la nuit transforme l\u2019ambiance. Les salons d\u00e9cor\u00e9s de mosa\u00efques, de lanternes et de boiseries r\u00e9v\u00e8lent une lumi\u00e8re plus diffuse. Les motifs g\u00e9om\u00e9triques, les tissus brod\u00e9s et les murs d\u2019ocre se combinent pour cr\u00e9er une atmosph\u00e8re feutr\u00e9e, caract\u00e9ristique des int\u00e9rieurs marocains. Ces espaces suspendus dans le temps refl\u00e8tent la mani\u00e8re dont l\u2019architecture locale s\u2019articule autour de la notion d\u2019intimit\u00e9 et de fra\u00eecheur.<\/p>\n\n\n\n<h3 class=\"wp-block-heading\">Rythme des rues et vie quotidienne<\/h3>\n\n\n\n<figure class=\"wp-block-image size-full\"><img decoding=\"async\" width=\"1620\" height=\"1080\" src=\"https:\/\/panomadphotographie.net\/blog\/wp-content\/uploads\/panomad-marrakech-06-medina-street-life.jpg.webp\" alt=\"Rue anim\u00e9e de la m\u00e9dina de Marrakech en fin de journ\u00e9e Busy street in Marrakech medina at the end of the day\" class=\"wp-image-2076\" srcset=\"https:\/\/panomadphotographie.net\/blog\/wp-content\/uploads\/panomad-marrakech-06-medina-street-life.jpg.webp 1620w, https:\/\/panomadphotographie.net\/blog\/wp-content\/uploads\/panomad-marrakech-06-medina-street-life.jpg-150x100.webp 150w, https:\/\/panomadphotographie.net\/blog\/wp-content\/uploads\/panomad-marrakech-06-medina-street-life.jpg-768x512.webp 768w, https:\/\/panomadphotographie.net\/blog\/wp-content\/uploads\/panomad-marrakech-06-medina-street-life.jpg-1536x1024.webp 1536w, https:\/\/panomadphotographie.net\/blog\/wp-content\/uploads\/panomad-marrakech-06-medina-street-life.jpg-973x649.webp 973w, https:\/\/panomadphotographie.net\/blog\/wp-content\/uploads\/panomad-marrakech-06-medina-street-life.jpg-508x339.webp 508w\" sizes=\"(max-width: 1620px) 100vw, 1620px\" \/><figcaption class=\"wp-element-caption\">Une rue vivante de la m\u00e9dina en fin de journ\u00e9e.<\/figcaption><\/figure>\n\n\n\n<p>Dans les rues de la m\u00e9dina, l\u2019activit\u00e9 diurne se prolonge jusque tard. Les fa\u00e7ades aux teintes ros\u00e9es re\u00e7oivent les derniers rayons du jour avant de passer sous les lumi\u00e8res artificielles. Entre commerces, march\u00e9s, ateliers et terrasses improvis\u00e9es, chaque espace semble occup\u00e9 par un flux constant de passants. Cette circulation continue donne \u00e0 la m\u00e9dina un rythme qui ne s\u2019interrompt jamais vraiment.<\/p>\n\n\n\n<p>Pour d\u00e9couvrir un autre reportage photographique urbain, consultez \u00e9galement mon article sur le<a href=\"https:\/\/panomadphotographie.net\/blog\/cours-julien-marseille-street-art-et-quartier-des-createurs-face-a-la-gentrification\/\"> <strong>Cours Julien \u00e0 Marseille<\/strong>.<\/a><\/p>\n\n\n\n<h3 class=\"wp-block-heading\">La place Jemaa el-Fna en mouvement<\/h3>\n\n\n\n<figure class=\"wp-block-image size-full\"><img decoding=\"async\" width=\"1619\" height=\"1080\" src=\"https:\/\/panomadphotographie.net\/blog\/wp-content\/uploads\/panomad-marrakech-12-jemaa-el-fna-scene.jpg.webp\" alt=\"Femmes travaillant sur la place Jemaa el-Fna \u00e0 Marrakech Women working on Jemaa el-Fna square in Marrakech\" class=\"wp-image-2069\" srcset=\"https:\/\/panomadphotographie.net\/blog\/wp-content\/uploads\/panomad-marrakech-12-jemaa-el-fna-scene.jpg.webp 1619w, https:\/\/panomadphotographie.net\/blog\/wp-content\/uploads\/panomad-marrakech-12-jemaa-el-fna-scene.jpg-150x100.webp 150w, https:\/\/panomadphotographie.net\/blog\/wp-content\/uploads\/panomad-marrakech-12-jemaa-el-fna-scene.jpg-768x512.webp 768w, https:\/\/panomadphotographie.net\/blog\/wp-content\/uploads\/panomad-marrakech-12-jemaa-el-fna-scene.jpg-1536x1025.webp 1536w, https:\/\/panomadphotographie.net\/blog\/wp-content\/uploads\/panomad-marrakech-12-jemaa-el-fna-scene.jpg-973x649.webp 973w, https:\/\/panomadphotographie.net\/blog\/wp-content\/uploads\/panomad-marrakech-12-jemaa-el-fna-scene.jpg-508x339.webp 508w\" sizes=\"(max-width: 1619px) 100vw, 1619px\" \/><figcaption class=\"wp-element-caption\">Sc\u00e8ne quotidienne sur la place Jemaa el-Fna.<\/figcaption><\/figure>\n\n\n\n<p>Sur la place Jemaa el-Fna, ce dynamisme s\u2019intensifie encore. Marchandes, \u00e9tals et stands forment un ensemble bigarr\u00e9 o\u00f9 se concentrent pratiques traditionnelles et activit\u00e9s contemporaines. L\u2019espace vit au rythme des \u00e9changes, des voix et des d\u00e9placements, faisant de la place un v\u00e9ritable th\u00e9\u00e2tre urbain en perp\u00e9tuel mouvement.<\/p>\n\n\n\n<h2 class=\"wp-block-heading\">Artisans : gestes, mati\u00e8res, traditions<\/h2>\n\n\n\n<h3 class=\"wp-block-heading\">Travail textile et pressings traditionnels<\/h3>\n\n\n\n<figure class=\"wp-block-image size-full\"><img decoding=\"async\" width=\"1080\" height=\"1440\" src=\"https:\/\/panomadphotographie.net\/blog\/wp-content\/uploads\/panomad-marrakech-04-artisan-steam-laundry.jpg.webp\" alt=\"Travailleur marocain dans un pressing traditionnel parmi la vapeur Moroccan worker in a traditional steam-filled laundry\" class=\"wp-image-2078\" srcset=\"https:\/\/panomadphotographie.net\/blog\/wp-content\/uploads\/panomad-marrakech-04-artisan-steam-laundry.jpg.webp 1080w, https:\/\/panomadphotographie.net\/blog\/wp-content\/uploads\/panomad-marrakech-04-artisan-steam-laundry.jpg-113x150.webp 113w, https:\/\/panomadphotographie.net\/blog\/wp-content\/uploads\/panomad-marrakech-04-artisan-steam-laundry.jpg-768x1024.webp 768w, https:\/\/panomadphotographie.net\/blog\/wp-content\/uploads\/panomad-marrakech-04-artisan-steam-laundry.jpg-973x1297.webp 973w, https:\/\/panomadphotographie.net\/blog\/wp-content\/uploads\/panomad-marrakech-04-artisan-steam-laundry.jpg-508x677.webp 508w\" sizes=\"(max-width: 1080px) 100vw, 1080px\" \/><figcaption class=\"wp-element-caption\">Travailleur dans un pressing traditionnel de la m\u00e9dina, envelopp\u00e9 par la vapeur.<\/figcaption><\/figure>\n\n\n\n<p>Les ateliers ouverts sur la rue permettent d\u2019observer des gestes transmis depuis des g\u00e9n\u00e9rations. Dans les pressings traditionnels, la vapeur envahit l\u2019espace autour des travailleurs qui manipulent tissus et v\u00eatements avec pr\u00e9cision. La lumi\u00e8re p\u00e9n\u00e8tre \u00e0 travers les ouvertures et se m\u00e9lange \u00e0 la fum\u00e9e, cr\u00e9ant une atmosph\u00e8re dense et caract\u00e9ristique. Ces sc\u00e8nes du quotidien contribuent \u00e0 d\u00e9finir l\u2019atmosph\u00e8re de <strong>Marrakech int\u00e9rieur<\/strong>, entre gestes pr\u00e9cis et environnements charg\u00e9s d\u2019histoire.<\/p>\n\n\n\n<h3 class=\"wp-block-heading\">Artisans et r\u00e9parations locales<\/h3>\n\n\n\n<figure class=\"wp-block-image size-full\"><img decoding=\"async\" width=\"1080\" height=\"1440\" src=\"https:\/\/panomadphotographie.net\/blog\/wp-content\/uploads\/panomad-marrakech-05-artisan-metal-workshop.jpg.webp\" alt=\"Artisan marocain soudant une pi\u00e8ce m\u00e9tallique dans son atelier Moroccan craftsman welding a metal piece in his workshop\" class=\"wp-image-2077\" srcset=\"https:\/\/panomadphotographie.net\/blog\/wp-content\/uploads\/panomad-marrakech-05-artisan-metal-workshop.jpg.webp 1080w, https:\/\/panomadphotographie.net\/blog\/wp-content\/uploads\/panomad-marrakech-05-artisan-metal-workshop.jpg-113x150.webp 113w, https:\/\/panomadphotographie.net\/blog\/wp-content\/uploads\/panomad-marrakech-05-artisan-metal-workshop.jpg-768x1024.webp 768w, https:\/\/panomadphotographie.net\/blog\/wp-content\/uploads\/panomad-marrakech-05-artisan-metal-workshop.jpg-973x1297.webp 973w, https:\/\/panomadphotographie.net\/blog\/wp-content\/uploads\/panomad-marrakech-05-artisan-metal-workshop.jpg-508x677.webp 508w\" sizes=\"(max-width: 1080px) 100vw, 1080px\" \/><figcaption class=\"wp-element-caption\">Artisan travaillant le m\u00e9tal dans un atelier ouvert sur la rue.<\/figcaption><\/figure>\n\n\n\n<p>Dans d\u2019autres ateliers, les artisans travaillent le m\u00e9tal, ajustant et r\u00e9parant objets et appareils gr\u00e2ce \u00e0 des outils simples. Leurs gestes, rapides et m\u00e9thodiques, refl\u00e8tent une expertise ancr\u00e9e dans le quotidien. Les \u00e9tincelles, les rebuts m\u00e9talliques et les pi\u00e8ces d\u00e9mont\u00e9es racontent l\u2019ing\u00e9niosit\u00e9 locale et l\u2019importance de ces m\u00e9tiers au sein de la m\u00e9dina.<\/p>\n\n\n\n<h3 class=\"wp-block-heading\">Tanneries et savoir-faire anciens<\/h3>\n\n\n\n<figure class=\"wp-block-image size-full\"><img decoding=\"async\" width=\"1620\" height=\"1080\" src=\"https:\/\/panomadphotographie.net\/blog\/wp-content\/uploads\/panomad-marrakech-07-tannery-workers.jpg.webp\" alt=\"anneurs marocains transportant des peaux dans un quartier de tannerie Moroccan tanners carrying hides in a traditional tannery district\" class=\"wp-image-2075\" srcset=\"https:\/\/panomadphotographie.net\/blog\/wp-content\/uploads\/panomad-marrakech-07-tannery-workers.jpg.webp 1620w, https:\/\/panomadphotographie.net\/blog\/wp-content\/uploads\/panomad-marrakech-07-tannery-workers.jpg-150x100.webp 150w, https:\/\/panomadphotographie.net\/blog\/wp-content\/uploads\/panomad-marrakech-07-tannery-workers.jpg-768x512.webp 768w, https:\/\/panomadphotographie.net\/blog\/wp-content\/uploads\/panomad-marrakech-07-tannery-workers.jpg-1536x1024.webp 1536w, https:\/\/panomadphotographie.net\/blog\/wp-content\/uploads\/panomad-marrakech-07-tannery-workers.jpg-973x649.webp 973w, https:\/\/panomadphotographie.net\/blog\/wp-content\/uploads\/panomad-marrakech-07-tannery-workers.jpg-508x339.webp 508w\" sizes=\"(max-width: 1620px) 100vw, 1620px\" \/><figcaption class=\"wp-element-caption\">Tanneurs en pleine activit\u00e9 dans le quartier traditionnel des tanneries.<\/figcaption><\/figure>\n\n\n\n<p>Le quartier des tanneurs illustre un autre univers artisanal. Dans ce d\u00e9dale de murs us\u00e9s et de surfaces impr\u00e9gn\u00e9es d\u2019eau et de teinture, les travailleurs d\u00e9placent des peaux avec force et habilet\u00e9. Leur pr\u00e9sence, presque silencieuse, renforce l\u2019impression d\u2019un travail rigoureux o\u00f9 mati\u00e8res brutes et savoir-faire ancestral s\u2019entrem\u00ealent. Les textures du lieu, marqu\u00e9es par le temps, donnent \u00e0 la sc\u00e8ne une forte densit\u00e9 documentaire.<\/p>\n\n\n\n<h2 class=\"wp-block-heading\">Patrimoine : g\u00e9om\u00e9trie, histoire et couleurs<\/h2>\n\n\n\n<h3 class=\"wp-block-heading\">Architecture des tombeaux saadiens<\/h3>\n\n\n\n<figure class=\"wp-block-image size-full\"><img decoding=\"async\" width=\"1620\" height=\"1080\" src=\"https:\/\/panomadphotographie.net\/blog\/wp-content\/uploads\/panomad-marrakech-09-saadian-tombs-roof.jpg.webp\" alt=\"oiture traditionnelle lors de la visite des tombeaux saadiens Traditional rooftop at the Saadian Tombs in Marrakech\" class=\"wp-image-2072\" srcset=\"https:\/\/panomadphotographie.net\/blog\/wp-content\/uploads\/panomad-marrakech-09-saadian-tombs-roof.jpg.webp 1620w, https:\/\/panomadphotographie.net\/blog\/wp-content\/uploads\/panomad-marrakech-09-saadian-tombs-roof.jpg-150x100.webp 150w, https:\/\/panomadphotographie.net\/blog\/wp-content\/uploads\/panomad-marrakech-09-saadian-tombs-roof.jpg-768x512.webp 768w, https:\/\/panomadphotographie.net\/blog\/wp-content\/uploads\/panomad-marrakech-09-saadian-tombs-roof.jpg-1536x1024.webp 1536w, https:\/\/panomadphotographie.net\/blog\/wp-content\/uploads\/panomad-marrakech-09-saadian-tombs-roof.jpg-973x649.webp 973w, https:\/\/panomadphotographie.net\/blog\/wp-content\/uploads\/panomad-marrakech-09-saadian-tombs-roof.jpg-508x339.webp 508w\" sizes=\"(max-width: 1620px) 100vw, 1620px\" \/><figcaption class=\"wp-element-caption\">Toiture verniss\u00e9e des tombeaux saadiens, embl\u00e9matique de l\u2019architecture marrakchie.<\/figcaption><\/figure>\n\n\n\n<p>\u00c0 l\u2019\u00e9cart des rues les plus actives de<strong> Marrakech interieur<\/strong> , les tombeaux saadiens offrent une plong\u00e9e dans un patrimoine architectural remarquable. Les toitures verniss\u00e9es aux teintes vertes et les fa\u00e7ades orn\u00e9es t\u00e9moignent d\u2019un savoir-faire raffin\u00e9, h\u00e9rit\u00e9 d\u2019\u00e9poques anciennes. Ces lieux imposent par leur calme et leur solennit\u00e9, loin de l\u2019agitation de la m\u00e9dina, et r\u00e9v\u00e8lent la capacit\u00e9 de Marrakech \u00e0 pr\u00e9server des espaces \u00e0 forte valeur historique.<\/p>\n\n\n\n<h3 class=\"wp-block-heading\"><strong>Motifs, arcs et d\u00e9tails patrimoniaux<\/strong><\/h3>\n\n\n\n<figure class=\"wp-block-image size-full\"><img decoding=\"async\" width=\"1080\" height=\"1440\" src=\"https:\/\/panomadphotographie.net\/blog\/wp-content\/uploads\/panomad-marrakech-10-saadian-tombs-arches.jpg.webp\" alt=\"Architecture et arches des tombeaux saadiens \u00e0 Marrakech Architecture and arches of the Saadian Tombs in Marrakech\" class=\"wp-image-2071\" srcset=\"https:\/\/panomadphotographie.net\/blog\/wp-content\/uploads\/panomad-marrakech-10-saadian-tombs-arches.jpg.webp 1080w, https:\/\/panomadphotographie.net\/blog\/wp-content\/uploads\/panomad-marrakech-10-saadian-tombs-arches.jpg-113x150.webp 113w, https:\/\/panomadphotographie.net\/blog\/wp-content\/uploads\/panomad-marrakech-10-saadian-tombs-arches.jpg-768x1024.webp 768w, https:\/\/panomadphotographie.net\/blog\/wp-content\/uploads\/panomad-marrakech-10-saadian-tombs-arches.jpg-973x1297.webp 973w, https:\/\/panomadphotographie.net\/blog\/wp-content\/uploads\/panomad-marrakech-10-saadian-tombs-arches.jpg-508x677.webp 508w\" sizes=\"(max-width: 1080px) 100vw, 1080px\" \/><figcaption class=\"wp-element-caption\">Arches et motifs cisel\u00e9s des tombeaux saadiens.<\/figcaption><\/figure>\n\n\n\n<p>Les motifs g\u00e9om\u00e9triques, les arcs sculpt\u00e9s et les mosa\u00efques zellige composent un ensemble visuel d\u2019une grande richesse. La finesse des d\u00e9corations, la r\u00e9p\u00e9tition des formes et l\u2019harmonie des couleurs renvoient \u00e0 la sophistication de l\u2019art islamique marocain. Ces d\u00e9tails, r\u00e9v\u00e9l\u00e9s par une lumi\u00e8re douce et rasante, soulignent l\u2019importance de la symbolique dans l\u2019architecture traditionnelle.<\/p>\n\n\n\n<h3 class=\"wp-block-heading\">Couleurs et structures du jardin Majorelle<\/h3>\n\n\n\n<figure class=\"wp-block-image size-full\"><img decoding=\"async\" width=\"1620\" height=\"1080\" src=\"https:\/\/panomadphotographie.net\/blog\/wp-content\/uploads\/panomad-marrakech-15-majorelle-garden-pavilion.jpg.webp\" alt=\"ardin Majorelle avec v\u00e9g\u00e9tation et pavillon ornemental Majorelle Garden with pavilion and lush vegetation\" class=\"wp-image-2066\" srcset=\"https:\/\/panomadphotographie.net\/blog\/wp-content\/uploads\/panomad-marrakech-15-majorelle-garden-pavilion.jpg.webp 1620w, https:\/\/panomadphotographie.net\/blog\/wp-content\/uploads\/panomad-marrakech-15-majorelle-garden-pavilion.jpg-150x100.webp 150w, https:\/\/panomadphotographie.net\/blog\/wp-content\/uploads\/panomad-marrakech-15-majorelle-garden-pavilion.jpg-768x512.webp 768w, https:\/\/panomadphotographie.net\/blog\/wp-content\/uploads\/panomad-marrakech-15-majorelle-garden-pavilion.jpg-1536x1024.webp 1536w, https:\/\/panomadphotographie.net\/blog\/wp-content\/uploads\/panomad-marrakech-15-majorelle-garden-pavilion.jpg-973x649.webp 973w, https:\/\/panomadphotographie.net\/blog\/wp-content\/uploads\/panomad-marrakech-15-majorelle-garden-pavilion.jpg-508x339.webp 508w\" sizes=\"(max-width: 1620px) 100vw, 1620px\" \/><figcaption class=\"wp-element-caption\">Pavillon du jardin Majorelle, entour\u00e9 d\u2019une v\u00e9g\u00e9tation luxuriante.<\/figcaption><\/figure>\n\n\n\n<p>Plus au nord, le jardin Majorelle introduit un rapport diff\u00e9rent \u00e0 la couleur et \u00e0 l\u2019espace. Con\u00e7u comme un refuge artistique, il se distingue par son bleu intense et la diversit\u00e9 de ses plantes exotiques. Les pavillons et les all\u00e9es jouent avec l\u2019ombre et la lumi\u00e8re filtr\u00e9e par les palmiers et les bambous, cr\u00e9ant une succession de sc\u00e8nes tranquilles et soign\u00e9es.<\/p>\n\n\n\n<h3 class=\"wp-block-heading\">Villa Majorelle : lignes, teintes et h\u00e9ritage<\/h3>\n\n\n\n<figure class=\"wp-block-image size-full\"><img decoding=\"async\" width=\"1620\" height=\"1080\" src=\"https:\/\/panomadphotographie.net\/blog\/wp-content\/uploads\/panomad-marrakech-16-majorelle-house.jpg.webp\" alt=\"Maison du jardin Majorelle, ancienne demeure d\u2019Yves Saint Laurent Majorelle Garden house, former residence of Yves Saint Laurent\" class=\"wp-image-2065\" srcset=\"https:\/\/panomadphotographie.net\/blog\/wp-content\/uploads\/panomad-marrakech-16-majorelle-house.jpg.webp 1620w, https:\/\/panomadphotographie.net\/blog\/wp-content\/uploads\/panomad-marrakech-16-majorelle-house.jpg-150x100.webp 150w, https:\/\/panomadphotographie.net\/blog\/wp-content\/uploads\/panomad-marrakech-16-majorelle-house.jpg-768x512.webp 768w, https:\/\/panomadphotographie.net\/blog\/wp-content\/uploads\/panomad-marrakech-16-majorelle-house.jpg-1536x1024.webp 1536w, https:\/\/panomadphotographie.net\/blog\/wp-content\/uploads\/panomad-marrakech-16-majorelle-house.jpg-973x649.webp 973w, https:\/\/panomadphotographie.net\/blog\/wp-content\/uploads\/panomad-marrakech-16-majorelle-house.jpg-508x339.webp 508w\" sizes=\"(max-width: 1620px) 100vw, 1620px\" \/><figcaption class=\"wp-element-caption\">Demeure embl\u00e9matique du jardin Majorelle, autrefois r\u00e9sidence d\u2019Yves Saint Laurent.<\/figcaption><\/figure>\n\n\n\n<p>L\u2019architecture de la villa attenante, autrefois propri\u00e9t\u00e9 d\u2019Yves Saint Laurent, combine lignes nettes et teintes contrast\u00e9es. Sa pr\u00e9sence au c\u0153ur du jardin symbolise le dialogue entre cr\u00e9ation artistique et patrimoine local. Le lieu met en valeur une esth\u00e9tique pr\u00e9cise, o\u00f9 chaque \u00e9l\u00e9ment, du choix des couleurs au dessin des perspectives, s\u2019int\u00e8gre dans une vision empreinte d\u2019\u00e9l\u00e9gance.<\/p>\n\n\n\n<p>Le <strong>Jardin Majorelle<\/strong> est aujourd\u2019hui l\u2019un des lieux culturels les plus visit\u00e9s du Maroc, dont l\u2019histoire est d\u00e9taill\u00e9e sur le site officiel :<br><a href=\"https:\/\/jardinmajorelle.com\/\">https:\/\/jardinmajorelle.com\/<\/a><\/p>\n\n\n\n<h2 class=\"wp-block-heading\">Rituels : cuisine et instants du quotidien<\/h2>\n\n\n\n<h3 class=\"wp-block-heading\">Saveurs traditionnelles marocaines<\/h3>\n\n\n\n<figure class=\"wp-block-image size-full\"><img decoding=\"async\" width=\"1620\" height=\"1080\" src=\"https:\/\/panomadphotographie.net\/blog\/wp-content\/uploads\/panomad-marrakech-08-tajine-beef-prunes.jpg-1.webp\" alt=\"Tajine de b\u0153uf aux pruneaux servi dans un restaurant marocain Beef and prune tagine served in a Moroccan restaurant\" class=\"wp-image-2073\" srcset=\"https:\/\/panomadphotographie.net\/blog\/wp-content\/uploads\/panomad-marrakech-08-tajine-beef-prunes.jpg-1.webp 1620w, https:\/\/panomadphotographie.net\/blog\/wp-content\/uploads\/panomad-marrakech-08-tajine-beef-prunes.jpg-1-150x100.webp 150w, https:\/\/panomadphotographie.net\/blog\/wp-content\/uploads\/panomad-marrakech-08-tajine-beef-prunes.jpg-1-768x512.webp 768w, https:\/\/panomadphotographie.net\/blog\/wp-content\/uploads\/panomad-marrakech-08-tajine-beef-prunes.jpg-1-1536x1024.webp 1536w, https:\/\/panomadphotographie.net\/blog\/wp-content\/uploads\/panomad-marrakech-08-tajine-beef-prunes.jpg-1-973x649.webp 973w, https:\/\/panomadphotographie.net\/blog\/wp-content\/uploads\/panomad-marrakech-08-tajine-beef-prunes.jpg-1-508x339.webp 508w\" sizes=\"(max-width: 1620px) 100vw, 1620px\" \/><figcaption class=\"wp-element-caption\">Tajine traditionnel de b\u0153uf aux pruneaux, un classique de la cuisine marocaine.<\/figcaption><\/figure>\n\n\n\n<p>La gastronomie marocaine occupe une place centrale dans l\u2019exp\u00e9rience de la ville. Une tajine de b\u0153uf aux pruneaux, pos\u00e9e dans son plat en terre cuite, illustre l\u2019importance du m\u00e9lange sucr\u00e9-sal\u00e9 et des cuissons lentes. Les couleurs profondes du plat et la g\u00e9n\u00e9rosit\u00e9 des ingr\u00e9dients refl\u00e8tent un savoir-faire culinaire transmis au fil du temps.<\/p>\n\n\n\n<h3 class=\"wp-block-heading\">Le th\u00e9 \u00e0 la menthe, un rituel social<\/h3>\n\n\n\n<figure class=\"wp-block-image size-full\"><img decoding=\"async\" width=\"1620\" height=\"1080\" src=\"https:\/\/panomadphotographie.net\/blog\/wp-content\/uploads\/panomad-marrakech-11-mint-tea-cafe-table.jpg.webp\" alt=\"erre de th\u00e9 \u00e0 la menthe sur une table de caf\u00e9 marocain Mint tea glass on a Moroccan caf\u00e9 table\" class=\"wp-image-2070\" srcset=\"https:\/\/panomadphotographie.net\/blog\/wp-content\/uploads\/panomad-marrakech-11-mint-tea-cafe-table.jpg.webp 1620w, https:\/\/panomadphotographie.net\/blog\/wp-content\/uploads\/panomad-marrakech-11-mint-tea-cafe-table.jpg-150x100.webp 150w, https:\/\/panomadphotographie.net\/blog\/wp-content\/uploads\/panomad-marrakech-11-mint-tea-cafe-table.jpg-768x512.webp 768w, https:\/\/panomadphotographie.net\/blog\/wp-content\/uploads\/panomad-marrakech-11-mint-tea-cafe-table.jpg-1536x1024.webp 1536w, https:\/\/panomadphotographie.net\/blog\/wp-content\/uploads\/panomad-marrakech-11-mint-tea-cafe-table.jpg-973x649.webp 973w, https:\/\/panomadphotographie.net\/blog\/wp-content\/uploads\/panomad-marrakech-11-mint-tea-cafe-table.jpg-508x339.webp 508w\" sizes=\"(max-width: 1620px) 100vw, 1620px\" \/><figcaption class=\"wp-element-caption\">Th\u00e9 \u00e0 la menthe servi en terrasse, rituel incontournable au Maroc.<\/figcaption><\/figure>\n\n\n\n<p>Le th\u00e9 \u00e0 la menthe accompagne de nombreux moments de la journ\u00e9e au Maroc. Servi br\u00fblant dans des verres transparents, il d\u00e9passe largement le simple statut de boisson. Il marque la pause, l\u2019accueil, l\u2019\u00e9change. La couleur verte de la menthe et la brillance du m\u00e9tal cr\u00e9ent un contraste visuel qui en fait un sujet photographique \u00e0 part enti\u00e8re.<\/p>\n\n\n\n<h3 class=\"wp-block-heading\"><strong>Petit d\u00e9jeuner en riad<\/strong><\/h3>\n\n\n\n<figure class=\"wp-block-image size-full\"><img decoding=\"async\" width=\"1620\" height=\"1080\" src=\"https:\/\/panomadphotographie.net\/blog\/wp-content\/uploads\/panomad-marrakech-17-riad-breakfast.jpg.webp\" alt=\"Petit d\u00e9jeuner marocain traditionnel servi dans un riad Traditional Moroccan breakfast served in a riad\" class=\"wp-image-2064\" srcset=\"https:\/\/panomadphotographie.net\/blog\/wp-content\/uploads\/panomad-marrakech-17-riad-breakfast.jpg.webp 1620w, https:\/\/panomadphotographie.net\/blog\/wp-content\/uploads\/panomad-marrakech-17-riad-breakfast.jpg-150x100.webp 150w, https:\/\/panomadphotographie.net\/blog\/wp-content\/uploads\/panomad-marrakech-17-riad-breakfast.jpg-768x512.webp 768w, https:\/\/panomadphotographie.net\/blog\/wp-content\/uploads\/panomad-marrakech-17-riad-breakfast.jpg-1536x1024.webp 1536w, https:\/\/panomadphotographie.net\/blog\/wp-content\/uploads\/panomad-marrakech-17-riad-breakfast.jpg-973x649.webp 973w, https:\/\/panomadphotographie.net\/blog\/wp-content\/uploads\/panomad-marrakech-17-riad-breakfast.jpg-508x339.webp 508w\" sizes=\"(max-width: 1620px) 100vw, 1620px\" \/><figcaption class=\"wp-element-caption\">Petit d\u00e9jeuner marocain servi dans un riad, entre douceur et hospitalit\u00e9.<\/figcaption><\/figure>\n\n\n\n<p>Dans les riads, le petit d\u00e9jeuner marocain associe cr\u00eapes locales, miel, fruits et boissons chaudes. Pr\u00e9sent\u00e9 sur des plateaux en bois ou en m\u00e9tal cisel\u00e9, il refl\u00e8te une esth\u00e9tique soign\u00e9e et une hospitalit\u00e9 profond\u00e9ment ancr\u00e9e. Ces sc\u00e8nes domestiques font partie du rythme quotidien de Marrakech, entre simplicit\u00e9 et raffinement.<\/p>\n\n\n\n<h2 class=\"wp-block-heading\">AGAFAY : RESPIRATION MIN\u00c9RALE<\/h2>\n\n\n\n<h3 class=\"wp-block-heading\">Le d\u00e9sert d\u2019Agafay et ses usages contemporains<\/h3>\n\n\n\n<figure class=\"wp-block-image size-full\"><img decoding=\"async\" width=\"1621\" height=\"1080\" src=\"https:\/\/panomadphotographie.net\/blog\/wp-content\/uploads\/panomad-marrakech-13-agafay-desert-camels-quads.jpg.webp\" alt=\"Sc\u00e8ne touristique dans le d\u00e9sert d\u2019Agafay avec quads et dromadaires Tourist scene in the Agafay desert with quads and camels\" class=\"wp-image-2068\" srcset=\"https:\/\/panomadphotographie.net\/blog\/wp-content\/uploads\/panomad-marrakech-13-agafay-desert-camels-quads.jpg.webp 1621w, https:\/\/panomadphotographie.net\/blog\/wp-content\/uploads\/panomad-marrakech-13-agafay-desert-camels-quads.jpg-150x100.webp 150w, https:\/\/panomadphotographie.net\/blog\/wp-content\/uploads\/panomad-marrakech-13-agafay-desert-camels-quads.jpg-768x512.webp 768w, https:\/\/panomadphotographie.net\/blog\/wp-content\/uploads\/panomad-marrakech-13-agafay-desert-camels-quads.jpg-1536x1023.webp 1536w, https:\/\/panomadphotographie.net\/blog\/wp-content\/uploads\/panomad-marrakech-13-agafay-desert-camels-quads.jpg-973x648.webp 973w, https:\/\/panomadphotographie.net\/blog\/wp-content\/uploads\/panomad-marrakech-13-agafay-desert-camels-quads.jpg-508x338.webp 508w\" sizes=\"(max-width: 1621px) 100vw, 1621px\" \/><figcaption class=\"wp-element-caption\">Activit\u00e9s touristiques dans le d\u00e9sert d\u2019Agafay, entre quads et caravanes de dromadaires.<\/figcaption><\/figure>\n\n\n\n<p>\u00c0 quelques dizaines de kilom\u00e8tres de Marrakech, le d\u00e9sert d\u2019Agafay introduit une rupture g\u00e9ographique et visuelle. Contrairement aux dunes sahariennes, ce paysage se caract\u00e9rise par ses reliefs pierreux et son horizon d\u00e9gag\u00e9. Dans cet espace silencieux, les traces d\u2019activit\u00e9 humaine apparaissent sous la forme de caravanes de dromadaires, de quads et de 4&#215;4. La juxtaposition de ces \u00e9l\u00e9ments montre la mani\u00e8re dont le d\u00e9sert est aujourd\u2019hui partag\u00e9 entre tradition et exp\u00e9riences touristiques.<\/p>\n\n\n\n<h3 class=\"wp-block-heading\">Lumi\u00e8res et silhouettes au coucher du soleil<\/h3>\n\n\n\n<figure class=\"wp-block-image size-full\"><img decoding=\"async\" width=\"1620\" height=\"1080\" src=\"https:\/\/panomadphotographie.net\/blog\/wp-content\/uploads\/panomad-marrakech-14-agafay-sunset-camels.jpg.webp\" alt=\"Coucher de soleil sur le d\u00e9sert d\u2019Agafay avec silhouettes de dromadaires Sunset over the Agafay desert with silhouettes of camels\" class=\"wp-image-2067\" srcset=\"https:\/\/panomadphotographie.net\/blog\/wp-content\/uploads\/panomad-marrakech-14-agafay-sunset-camels.jpg.webp 1620w, https:\/\/panomadphotographie.net\/blog\/wp-content\/uploads\/panomad-marrakech-14-agafay-sunset-camels.jpg-150x100.webp 150w, https:\/\/panomadphotographie.net\/blog\/wp-content\/uploads\/panomad-marrakech-14-agafay-sunset-camels.jpg-768x512.webp 768w, https:\/\/panomadphotographie.net\/blog\/wp-content\/uploads\/panomad-marrakech-14-agafay-sunset-camels.jpg-1536x1024.webp 1536w, https:\/\/panomadphotographie.net\/blog\/wp-content\/uploads\/panomad-marrakech-14-agafay-sunset-camels.jpg-973x649.webp 973w, https:\/\/panomadphotographie.net\/blog\/wp-content\/uploads\/panomad-marrakech-14-agafay-sunset-camels.jpg-508x339.webp 508w\" sizes=\"(max-width: 1620px) 100vw, 1620px\" \/><figcaption class=\"wp-element-caption\">Caravane de dromadaires au coucher du soleil dans le d\u00e9sert d\u2019Agafay.<\/figcaption><\/figure>\n\n\n\n<p>Au coucher du soleil, la lumi\u00e8re descend lentement derri\u00e8re les collines sombres du d\u00e9sert. Les silhouettes des dromadaires se d\u00e9coupent nettement sur la ligne de cr\u00eate, cr\u00e9ant une sc\u00e8ne simple mais expressive. L\u2019atmosph\u00e8re devient presque monochrome, domin\u00e9e par des teintes dor\u00e9es et brunes. Ce moment marque une transition visuelle forte, contrastant avec le mouvement et l\u2019agitation de la ville proche.<\/p>\n\n\n\n<p>UNE VILLE DE CONTRASTES EN MOUVEMENT<\/p>\n\n\n\n<p>Entre m\u00e9dina, artisanat, patrimoine et d\u00e9sert, Marrakech appara\u00eet comme une ville de superpositions permanentes. Ses paysages urbains, ses sc\u00e8nes de travail et ses rituels quotidiens r\u00e9v\u00e8lent une diversit\u00e9 de textures et de lumi\u00e8res qui \u00e9voluent tout au long de la journ\u00e9e. L\u2019ensemble forme un territoire en mouvement constant, o\u00f9 chaque d\u00e9tail raconte une histoire ancr\u00e9e dans un patrimoine vivant et contrast\u00e9. Ce regard met en lumi\u00e8re la richesse d\u2019une ville qui continue d\u2019associer traditions profondes et dynamiques contemporaines.<\/p>\n\n\n\n<p>Plus d\u2019informations sur Marrakech sont disponibles via l\u2019office national du tourisme du Maroc :<br><a>https:\/\/www.visitmorocco.com\/<\/a><\/p>\n","protected":false},"excerpt":{"rendered":"<p>\u00c0 travers Marrakech int\u00e9rieur, textures, lumi\u00e8res et gestes offrent un terrain d\u2019exploration privil\u00e9gi\u00e9 pour l\u2019\u0153il. Des ruelles de la m\u00e9dina aux tombeaux saadiens, des ateliers d\u2019artisans au d\u00e9sert&#8230;<\/p>\n","protected":false},"author":1,"featured_media":2067,"comment_status":"closed","ping_status":"closed","sticky":false,"template":"","format":"standard","meta":{"footnotes":""},"categories":[4],"tags":[],"class_list":["post-2060","post","type-post","status-publish","format-standard","has-post-thumbnail","hentry","category-photographe-voyage"],"yoast_head":"<!-- This site is optimized with the Yoast SEO plugin v27.2 - https:\/\/yoast.com\/product\/yoast-seo-wordpress\/ -->\n<title>Marrakech int\u00e9rieur : textures, lumi\u00e8res et gestes | Panomad<\/title>\n<meta name=\"description\" content=\"Marrakech int\u00e9rieur explore m\u00e9dina, artisans, patrimoine et d\u00e9sert d\u2019Agafay. Textures et lumi\u00e8res r\u00e9v\u00e8lent une ville vivante et contrast\u00e9e.\" \/>\n<meta name=\"robots\" content=\"index, follow, max-snippet:-1, max-image-preview:large, max-video-preview:-1\" \/>\n<link rel=\"canonical\" href=\"https:\/\/panomadphotographie.net\/blog\/marrakech-interieur-textures-lumieres-et-gestes\/\" \/>\n<meta property=\"og:locale\" content=\"fr_FR\" \/>\n<meta property=\"og:type\" content=\"article\" \/>\n<meta property=\"og:title\" content=\"Marrakech int\u00e9rieur : textures, lumi\u00e8res et gestes | Panomad\" \/>\n<meta property=\"og:description\" content=\"Marrakech int\u00e9rieur explore m\u00e9dina, artisans, patrimoine et d\u00e9sert d\u2019Agafay. Textures et lumi\u00e8res r\u00e9v\u00e8lent une ville vivante et contrast\u00e9e.\" \/>\n<meta property=\"og:url\" content=\"https:\/\/panomadphotographie.net\/blog\/marrakech-interieur-textures-lumieres-et-gestes\/\" \/>\n<meta property=\"og:site_name\" content=\"PANOMAD\" \/>\n<meta property=\"article:publisher\" content=\"https:\/\/www.facebook.com\/panomadphotographie\/\" \/>\n<meta property=\"article:published_time\" content=\"2025-11-27T23:35:22+00:00\" \/>\n<meta property=\"article:modified_time\" content=\"2025-11-27T23:37:26+00:00\" \/>\n<meta property=\"og:image\" content=\"https:\/\/panomadphotographie.net\/blog\/wp-content\/uploads\/panomad-marrakech-14-agafay-sunset-camels.jpg.webp\" \/>\n\t<meta property=\"og:image:width\" content=\"1620\" \/>\n\t<meta property=\"og:image:height\" content=\"1080\" \/>\n\t<meta property=\"og:image:type\" content=\"image\/webp\" \/>\n<meta name=\"author\" content=\"pfs.panomad@gmail.com\" \/>\n<meta name=\"twitter:card\" content=\"summary_large_image\" \/>\n<meta name=\"twitter:label1\" content=\"\u00c9crit par\" \/>\n\t<meta name=\"twitter:data1\" content=\"pfs.panomad@gmail.com\" \/>\n\t<meta name=\"twitter:label2\" content=\"Dur\u00e9e de lecture estim\u00e9e\" \/>\n\t<meta name=\"twitter:data2\" content=\"12 minutes\" \/>\n<script type=\"application\/ld+json\" class=\"yoast-schema-graph\">{\"@context\":\"https:\/\/schema.org\",\"@graph\":[{\"@type\":\"Article\",\"@id\":\"https:\/\/panomadphotographie.net\/blog\/marrakech-interieur-textures-lumieres-et-gestes\/#article\",\"isPartOf\":{\"@id\":\"https:\/\/panomadphotographie.net\/blog\/marrakech-interieur-textures-lumieres-et-gestes\/\"},\"author\":{\"name\":\"pfs.panomad@gmail.com\",\"@id\":\"https:\/\/panomadphotographie.net\/blog\/#\/schema\/person\/c09ce91d646762071cbe2c4011e3fbfa\"},\"headline\":\"Marrakech int\u00e9rieur : textures, lumi\u00e8res et gestes\",\"datePublished\":\"2025-11-27T23:35:22+00:00\",\"dateModified\":\"2025-11-27T23:37:26+00:00\",\"mainEntityOfPage\":{\"@id\":\"https:\/\/panomadphotographie.net\/blog\/marrakech-interieur-textures-lumieres-et-gestes\/\"},\"wordCount\":1799,\"publisher\":{\"@id\":\"https:\/\/panomadphotographie.net\/blog\/#organization\"},\"image\":{\"@id\":\"https:\/\/panomadphotographie.net\/blog\/marrakech-interieur-textures-lumieres-et-gestes\/#primaryimage\"},\"thumbnailUrl\":\"https:\/\/panomadphotographie.net\/blog\/wp-content\/uploads\/panomad-marrakech-14-agafay-sunset-camels.jpg.webp\",\"articleSection\":[\"Voyage &amp; d\u00e9couverte\"],\"inLanguage\":\"fr-FR\"},{\"@type\":\"WebPage\",\"@id\":\"https:\/\/panomadphotographie.net\/blog\/marrakech-interieur-textures-lumieres-et-gestes\/\",\"url\":\"https:\/\/panomadphotographie.net\/blog\/marrakech-interieur-textures-lumieres-et-gestes\/\",\"name\":\"Marrakech int\u00e9rieur : textures, lumi\u00e8res et gestes | Panomad\",\"isPartOf\":{\"@id\":\"https:\/\/panomadphotographie.net\/blog\/#website\"},\"primaryImageOfPage\":{\"@id\":\"https:\/\/panomadphotographie.net\/blog\/marrakech-interieur-textures-lumieres-et-gestes\/#primaryimage\"},\"image\":{\"@id\":\"https:\/\/panomadphotographie.net\/blog\/marrakech-interieur-textures-lumieres-et-gestes\/#primaryimage\"},\"thumbnailUrl\":\"https:\/\/panomadphotographie.net\/blog\/wp-content\/uploads\/panomad-marrakech-14-agafay-sunset-camels.jpg.webp\",\"datePublished\":\"2025-11-27T23:35:22+00:00\",\"dateModified\":\"2025-11-27T23:37:26+00:00\",\"description\":\"Marrakech int\u00e9rieur explore m\u00e9dina, artisans, patrimoine et d\u00e9sert d\u2019Agafay. Textures et lumi\u00e8res r\u00e9v\u00e8lent une ville vivante et contrast\u00e9e.\",\"breadcrumb\":{\"@id\":\"https:\/\/panomadphotographie.net\/blog\/marrakech-interieur-textures-lumieres-et-gestes\/#breadcrumb\"},\"inLanguage\":\"fr-FR\",\"potentialAction\":[{\"@type\":\"ReadAction\",\"target\":[\"https:\/\/panomadphotographie.net\/blog\/marrakech-interieur-textures-lumieres-et-gestes\/\"]}]},{\"@type\":\"ImageObject\",\"inLanguage\":\"fr-FR\",\"@id\":\"https:\/\/panomadphotographie.net\/blog\/marrakech-interieur-textures-lumieres-et-gestes\/#primaryimage\",\"url\":\"https:\/\/panomadphotographie.net\/blog\/wp-content\/uploads\/panomad-marrakech-14-agafay-sunset-camels.jpg.webp\",\"contentUrl\":\"https:\/\/panomadphotographie.net\/blog\/wp-content\/uploads\/panomad-marrakech-14-agafay-sunset-camels.jpg.webp\",\"width\":1620,\"height\":1080,\"caption\":\"Caravane de dromadaires au coucher du soleil dans le d\u00e9sert d\u2019Agafay.\"},{\"@type\":\"BreadcrumbList\",\"@id\":\"https:\/\/panomadphotographie.net\/blog\/marrakech-interieur-textures-lumieres-et-gestes\/#breadcrumb\",\"itemListElement\":[{\"@type\":\"ListItem\",\"position\":1,\"name\":\"Accueil\",\"item\":\"https:\/\/panomadphotographie.net\/blog\/\"},{\"@type\":\"ListItem\",\"position\":2,\"name\":\"Marrakech int\u00e9rieur : textures, lumi\u00e8res et gestes\"}]},{\"@type\":\"WebSite\",\"@id\":\"https:\/\/panomadphotographie.net\/blog\/#website\",\"url\":\"https:\/\/panomadphotographie.net\/blog\/\",\"name\":\"panomadphotogrpahie\",\"description\":\"Phtographie\",\"publisher\":{\"@id\":\"https:\/\/panomadphotographie.net\/blog\/#organization\"},\"potentialAction\":[{\"@type\":\"SearchAction\",\"target\":{\"@type\":\"EntryPoint\",\"urlTemplate\":\"https:\/\/panomadphotographie.net\/blog\/?s={search_term_string}\"},\"query-input\":{\"@type\":\"PropertyValueSpecification\",\"valueRequired\":true,\"valueName\":\"search_term_string\"}}],\"inLanguage\":\"fr-FR\"},{\"@type\":\"Organization\",\"@id\":\"https:\/\/panomadphotographie.net\/blog\/#organization\",\"name\":\"panomad photographie\",\"url\":\"https:\/\/panomadphotographie.net\/blog\/\",\"logo\":{\"@type\":\"ImageObject\",\"inLanguage\":\"fr-FR\",\"@id\":\"https:\/\/panomadphotographie.net\/blog\/#\/schema\/logo\/image\/\",\"url\":\"https:\/\/panomadphotographie.net\/blog\/wp-content\/uploads\/cropped-ChatGPT-Image-9-dec.-2025-00_29_22.png\",\"contentUrl\":\"https:\/\/panomadphotographie.net\/blog\/wp-content\/uploads\/cropped-ChatGPT-Image-9-dec.-2025-00_29_22.png\",\"width\":1024,\"height\":768,\"caption\":\"panomad photographie\"},\"image\":{\"@id\":\"https:\/\/panomadphotographie.net\/blog\/#\/schema\/logo\/image\/\"},\"sameAs\":[\"https:\/\/www.facebook.com\/panomadphotographie\/\",\"https:\/\/www.linkedin.com\/in\/panomadphotographie\/\"]},{\"@type\":\"Person\",\"@id\":\"https:\/\/panomadphotographie.net\/blog\/#\/schema\/person\/c09ce91d646762071cbe2c4011e3fbfa\",\"name\":\"pfs.panomad@gmail.com\",\"image\":{\"@type\":\"ImageObject\",\"inLanguage\":\"fr-FR\",\"@id\":\"https:\/\/secure.gravatar.com\/avatar\/94cb0ece4106ebb1937fc341f90bceeb3abca5b76c465cad6e6971d0a394098e?s=96&d=mm&r=g\",\"url\":\"https:\/\/secure.gravatar.com\/avatar\/94cb0ece4106ebb1937fc341f90bceeb3abca5b76c465cad6e6971d0a394098e?s=96&d=mm&r=g\",\"contentUrl\":\"https:\/\/secure.gravatar.com\/avatar\/94cb0ece4106ebb1937fc341f90bceeb3abca5b76c465cad6e6971d0a394098e?s=96&d=mm&r=g\",\"caption\":\"pfs.panomad@gmail.com\"},\"sameAs\":[\"https:\/\/book.panomadphotographie.net\"]}]}<\/script>\n<!-- \/ Yoast SEO plugin. -->","yoast_head_json":{"title":"Marrakech int\u00e9rieur : textures, lumi\u00e8res et gestes | Panomad","description":"Marrakech int\u00e9rieur explore m\u00e9dina, artisans, patrimoine et d\u00e9sert d\u2019Agafay. Textures et lumi\u00e8res r\u00e9v\u00e8lent une ville vivante et contrast\u00e9e.","robots":{"index":"index","follow":"follow","max-snippet":"max-snippet:-1","max-image-preview":"max-image-preview:large","max-video-preview":"max-video-preview:-1"},"canonical":"https:\/\/panomadphotographie.net\/blog\/marrakech-interieur-textures-lumieres-et-gestes\/","og_locale":"fr_FR","og_type":"article","og_title":"Marrakech int\u00e9rieur : textures, lumi\u00e8res et gestes | Panomad","og_description":"Marrakech int\u00e9rieur explore m\u00e9dina, artisans, patrimoine et d\u00e9sert d\u2019Agafay. Textures et lumi\u00e8res r\u00e9v\u00e8lent une ville vivante et contrast\u00e9e.","og_url":"https:\/\/panomadphotographie.net\/blog\/marrakech-interieur-textures-lumieres-et-gestes\/","og_site_name":"PANOMAD","article_publisher":"https:\/\/www.facebook.com\/panomadphotographie\/","article_published_time":"2025-11-27T23:35:22+00:00","article_modified_time":"2025-11-27T23:37:26+00:00","og_image":[{"width":1620,"height":1080,"url":"https:\/\/panomadphotographie.net\/blog\/wp-content\/uploads\/panomad-marrakech-14-agafay-sunset-camels.jpg.webp","type":"image\/webp"}],"author":"pfs.panomad@gmail.com","twitter_card":"summary_large_image","twitter_misc":{"\u00c9crit par":"pfs.panomad@gmail.com","Dur\u00e9e de lecture estim\u00e9e":"12 minutes"},"schema":{"@context":"https:\/\/schema.org","@graph":[{"@type":"Article","@id":"https:\/\/panomadphotographie.net\/blog\/marrakech-interieur-textures-lumieres-et-gestes\/#article","isPartOf":{"@id":"https:\/\/panomadphotographie.net\/blog\/marrakech-interieur-textures-lumieres-et-gestes\/"},"author":{"name":"pfs.panomad@gmail.com","@id":"https:\/\/panomadphotographie.net\/blog\/#\/schema\/person\/c09ce91d646762071cbe2c4011e3fbfa"},"headline":"Marrakech int\u00e9rieur : textures, lumi\u00e8res et gestes","datePublished":"2025-11-27T23:35:22+00:00","dateModified":"2025-11-27T23:37:26+00:00","mainEntityOfPage":{"@id":"https:\/\/panomadphotographie.net\/blog\/marrakech-interieur-textures-lumieres-et-gestes\/"},"wordCount":1799,"publisher":{"@id":"https:\/\/panomadphotographie.net\/blog\/#organization"},"image":{"@id":"https:\/\/panomadphotographie.net\/blog\/marrakech-interieur-textures-lumieres-et-gestes\/#primaryimage"},"thumbnailUrl":"https:\/\/panomadphotographie.net\/blog\/wp-content\/uploads\/panomad-marrakech-14-agafay-sunset-camels.jpg.webp","articleSection":["Voyage &amp; d\u00e9couverte"],"inLanguage":"fr-FR"},{"@type":"WebPage","@id":"https:\/\/panomadphotographie.net\/blog\/marrakech-interieur-textures-lumieres-et-gestes\/","url":"https:\/\/panomadphotographie.net\/blog\/marrakech-interieur-textures-lumieres-et-gestes\/","name":"Marrakech int\u00e9rieur : textures, lumi\u00e8res et gestes | Panomad","isPartOf":{"@id":"https:\/\/panomadphotographie.net\/blog\/#website"},"primaryImageOfPage":{"@id":"https:\/\/panomadphotographie.net\/blog\/marrakech-interieur-textures-lumieres-et-gestes\/#primaryimage"},"image":{"@id":"https:\/\/panomadphotographie.net\/blog\/marrakech-interieur-textures-lumieres-et-gestes\/#primaryimage"},"thumbnailUrl":"https:\/\/panomadphotographie.net\/blog\/wp-content\/uploads\/panomad-marrakech-14-agafay-sunset-camels.jpg.webp","datePublished":"2025-11-27T23:35:22+00:00","dateModified":"2025-11-27T23:37:26+00:00","description":"Marrakech int\u00e9rieur explore m\u00e9dina, artisans, patrimoine et d\u00e9sert d\u2019Agafay. Textures et lumi\u00e8res r\u00e9v\u00e8lent une ville vivante et contrast\u00e9e.","breadcrumb":{"@id":"https:\/\/panomadphotographie.net\/blog\/marrakech-interieur-textures-lumieres-et-gestes\/#breadcrumb"},"inLanguage":"fr-FR","potentialAction":[{"@type":"ReadAction","target":["https:\/\/panomadphotographie.net\/blog\/marrakech-interieur-textures-lumieres-et-gestes\/"]}]},{"@type":"ImageObject","inLanguage":"fr-FR","@id":"https:\/\/panomadphotographie.net\/blog\/marrakech-interieur-textures-lumieres-et-gestes\/#primaryimage","url":"https:\/\/panomadphotographie.net\/blog\/wp-content\/uploads\/panomad-marrakech-14-agafay-sunset-camels.jpg.webp","contentUrl":"https:\/\/panomadphotographie.net\/blog\/wp-content\/uploads\/panomad-marrakech-14-agafay-sunset-camels.jpg.webp","width":1620,"height":1080,"caption":"Caravane de dromadaires au coucher du soleil dans le d\u00e9sert d\u2019Agafay."},{"@type":"BreadcrumbList","@id":"https:\/\/panomadphotographie.net\/blog\/marrakech-interieur-textures-lumieres-et-gestes\/#breadcrumb","itemListElement":[{"@type":"ListItem","position":1,"name":"Accueil","item":"https:\/\/panomadphotographie.net\/blog\/"},{"@type":"ListItem","position":2,"name":"Marrakech int\u00e9rieur : textures, lumi\u00e8res et gestes"}]},{"@type":"WebSite","@id":"https:\/\/panomadphotographie.net\/blog\/#website","url":"https:\/\/panomadphotographie.net\/blog\/","name":"panomadphotogrpahie","description":"Phtographie","publisher":{"@id":"https:\/\/panomadphotographie.net\/blog\/#organization"},"potentialAction":[{"@type":"SearchAction","target":{"@type":"EntryPoint","urlTemplate":"https:\/\/panomadphotographie.net\/blog\/?s={search_term_string}"},"query-input":{"@type":"PropertyValueSpecification","valueRequired":true,"valueName":"search_term_string"}}],"inLanguage":"fr-FR"},{"@type":"Organization","@id":"https:\/\/panomadphotographie.net\/blog\/#organization","name":"panomad photographie","url":"https:\/\/panomadphotographie.net\/blog\/","logo":{"@type":"ImageObject","inLanguage":"fr-FR","@id":"https:\/\/panomadphotographie.net\/blog\/#\/schema\/logo\/image\/","url":"https:\/\/panomadphotographie.net\/blog\/wp-content\/uploads\/cropped-ChatGPT-Image-9-dec.-2025-00_29_22.png","contentUrl":"https:\/\/panomadphotographie.net\/blog\/wp-content\/uploads\/cropped-ChatGPT-Image-9-dec.-2025-00_29_22.png","width":1024,"height":768,"caption":"panomad photographie"},"image":{"@id":"https:\/\/panomadphotographie.net\/blog\/#\/schema\/logo\/image\/"},"sameAs":["https:\/\/www.facebook.com\/panomadphotographie\/","https:\/\/www.linkedin.com\/in\/panomadphotographie\/"]},{"@type":"Person","@id":"https:\/\/panomadphotographie.net\/blog\/#\/schema\/person\/c09ce91d646762071cbe2c4011e3fbfa","name":"pfs.panomad@gmail.com","image":{"@type":"ImageObject","inLanguage":"fr-FR","@id":"https:\/\/secure.gravatar.com\/avatar\/94cb0ece4106ebb1937fc341f90bceeb3abca5b76c465cad6e6971d0a394098e?s=96&d=mm&r=g","url":"https:\/\/secure.gravatar.com\/avatar\/94cb0ece4106ebb1937fc341f90bceeb3abca5b76c465cad6e6971d0a394098e?s=96&d=mm&r=g","contentUrl":"https:\/\/secure.gravatar.com\/avatar\/94cb0ece4106ebb1937fc341f90bceeb3abca5b76c465cad6e6971d0a394098e?s=96&d=mm&r=g","caption":"pfs.panomad@gmail.com"},"sameAs":["https:\/\/book.panomadphotographie.net"]}]}},"_links":{"self":[{"href":"https:\/\/panomadphotographie.net\/blog\/wp-json\/wp\/v2\/posts\/2060","targetHints":{"allow":["GET"]}}],"collection":[{"href":"https:\/\/panomadphotographie.net\/blog\/wp-json\/wp\/v2\/posts"}],"about":[{"href":"https:\/\/panomadphotographie.net\/blog\/wp-json\/wp\/v2\/types\/post"}],"author":[{"embeddable":true,"href":"https:\/\/panomadphotographie.net\/blog\/wp-json\/wp\/v2\/users\/1"}],"replies":[{"embeddable":true,"href":"https:\/\/panomadphotographie.net\/blog\/wp-json\/wp\/v2\/comments?post=2060"}],"version-history":[{"count":0,"href":"https:\/\/panomadphotographie.net\/blog\/wp-json\/wp\/v2\/posts\/2060\/revisions"}],"wp:featuredmedia":[{"embeddable":true,"href":"https:\/\/panomadphotographie.net\/blog\/wp-json\/wp\/v2\/media\/2067"}],"wp:attachment":[{"href":"https:\/\/panomadphotographie.net\/blog\/wp-json\/wp\/v2\/media?parent=2060"}],"wp:term":[{"taxonomy":"category","embeddable":true,"href":"https:\/\/panomadphotographie.net\/blog\/wp-json\/wp\/v2\/categories?post=2060"},{"taxonomy":"post_tag","embeddable":true,"href":"https:\/\/panomadphotographie.net\/blog\/wp-json\/wp\/v2\/tags?post=2060"}],"curies":[{"name":"wp","href":"https:\/\/api.w.org\/{rel}","templated":true}]}}