{"id":183,"date":"2024-02-15T18:16:31","date_gmt":"2024-02-15T17:16:31","guid":{"rendered":"https:\/\/book.panomadphotographie.net\/?p=183"},"modified":"2025-06-15T15:40:15","modified_gmt":"2025-06-15T13:40:15","slug":"masques-venitiens-2024","status":"publish","type":"post","link":"https:\/\/panomadphotographie.net\/blog\/masques-venitiens-2024\/","title":{"rendered":"Les costum\u00e9s de Venise 2024"},"content":{"rendered":"\n<figure class=\"wp-block-embed is-type-video is-provider-youtube wp-block-embed-youtube wp-embed-aspect-16-9 wp-has-aspect-ratio\"><div class=\"wp-block-embed__wrapper\">\n<iframe title=\"Les costum\u00e9s de Venise 2024\" width=\"620\" height=\"349\" src=\"https:\/\/www.youtube.com\/embed\/5rqd-J8mW60?feature=oembed\" frameborder=\"0\" allow=\"accelerometer; autoplay; clipboard-write; encrypted-media; gyroscope; picture-in-picture; web-share\" referrerpolicy=\"strict-origin-when-cross-origin\" allowfullscreen><\/iframe>\n<\/div><\/figure>\n\n\n\n<p><strong>Les masques v\u00e9nitiens 2024<\/strong> sont \u00e0 l&rsquo;honneur dans cette vid\u00e9o capturant la magie du <strong>Carnaval de Venise<\/strong>. \u00c9v\u00e9nement embl\u00e9matique et raffin\u00e9, ce carnaval attire chaque ann\u00e9e des milliers de passionn\u00e9s. Ils viennent du monde entier pour admirer l&rsquo;\u00e9l\u00e9gance des costumes et la beaut\u00e9 des masques.<\/p>\n\n\n\n<p>Dans les ruelles et sur les places de la S\u00e9r\u00e9nissime, les masques v\u00e9nitiens d\u00e9filent. Ils sont orn\u00e9s de plumes, de perles et de tissus somptueux.<\/p>\n\n\n\n<p>En 2024, la cr\u00e9ativit\u00e9 des artisans s\u2019est pleinement exprim\u00e9e. En effet, leur savoir-faire a transform\u00e9 Venise en un v\u00e9ritable th\u00e9\u00e2tre \u00e0 ciel ouvert.Chaque costume raconte une histoire, chaque d\u00e9tail \u00e9merveille le regard.<\/p>\n\n\n\n<p>Pour en savoir plus sur le Carnaval de Venise rendez <a href=\"https:\/\/carnevale.venezia.it\/\">ici<\/a><\/p>\n\n\n\n<p>\u00c0 travers cette vid\u00e9o, plongez au c\u0153ur du carnaval et laissez-vous transporter par l&rsquo;ambiance unique de cette f\u00eate historique. Vous d\u00e9couvrirez des <strong>masques v\u00e9nitiens 2024<\/strong> captur\u00e9s lors des d\u00e9fil\u00e9s, entre myst\u00e8re et \u00e9l\u00e9gance. Les regards se croisent derri\u00e8re les masques, renfor\u00e7ant cette atmosph\u00e8re hors du temps.<\/p>\n\n\n\n<p>D\u00e9couvrez aussi notre reportage sur le <strong><a href=\"https:\/\/panomadphotographie.net\/blog\/2024\/05\/19\/carnaval-marseille-2024\/\">Carnaval de Marseille 2024<\/a><\/strong> <\/p>\n\n\n\n<p>Au-del\u00e0 de la beaut\u00e9 des costumes, le Carnaval de Venise incarne une tradition culturelle forte. Ce patrimoine vivant traverse les si\u00e8cles et fascine encore aujourd\u2019hui.Les <strong>masques v\u00e9nitiens 2024<\/strong> symbolisent cet art unique, transmis de g\u00e9n\u00e9ration en g\u00e9n\u00e9ration.<\/p>\n\n\n\n<p>Entre histoire, art et \u00e9l\u00e9gance, cette \u00e9dition 2024 confirme le succ\u00e8s du Carnaval de Venise. La cr\u00e9ativit\u00e9 des costumes rivalise avec la splendeur de la ville.<\/p>\n\n\n\n<p><\/p>\n","protected":false},"excerpt":{"rendered":"<p>Les masques v\u00e9nitiens 2024 sont \u00e0 l&rsquo;honneur dans cette vid\u00e9o capturant la magie du Carnaval de Venise. \u00c9v\u00e9nement embl\u00e9matique et raffin\u00e9, ce carnaval attire chaque ann\u00e9e des milliers&#8230;<\/p>\n","protected":false},"author":1,"featured_media":187,"comment_status":"closed","ping_status":"closed","sticky":false,"template":"","format":"video","meta":{"footnotes":""},"categories":[4],"tags":[],"class_list":["post-183","post","type-post","status-publish","format-video","has-post-thumbnail","hentry","category-photographe-voyage","post_format-post-format-video"],"yoast_head":"<!-- This site is optimized with the Yoast SEO plugin v27.2 - https:\/\/yoast.com\/product\/yoast-seo-wordpress\/ -->\n<title>Masques v\u00e9nitiens 2024 : Portraits du Carnaval de Venise<\/title>\n<meta name=\"description\" content=\"D\u00e9couvrez les masques v\u00e9nitiens 2024 en vid\u00e9o ! Plongez dans l\u2019univers magique du Carnaval de Venise et ses costumes d\u2019exception.\" \/>\n<meta name=\"robots\" content=\"index, follow, max-snippet:-1, max-image-preview:large, max-video-preview:-1\" \/>\n<link rel=\"canonical\" href=\"https:\/\/panomadphotographie.net\/blog\/masques-venitiens-2024\/\" \/>\n<meta property=\"og:locale\" content=\"fr_FR\" \/>\n<meta property=\"og:type\" content=\"article\" \/>\n<meta property=\"og:title\" content=\"Masques v\u00e9nitiens 2024 : Portraits du Carnaval de Venise\" \/>\n<meta property=\"og:description\" content=\"D\u00e9couvrez les masques v\u00e9nitiens 2024 en vid\u00e9o ! Plongez dans l\u2019univers magique du Carnaval de Venise et ses costumes d\u2019exception.\" \/>\n<meta property=\"og:url\" content=\"https:\/\/panomadphotographie.net\/blog\/masques-venitiens-2024\/\" \/>\n<meta property=\"og:site_name\" content=\"PANOMAD\" \/>\n<meta property=\"article:publisher\" content=\"https:\/\/www.facebook.com\/panomadphotographie\/\" \/>\n<meta property=\"article:published_time\" content=\"2024-02-15T17:16:31+00:00\" \/>\n<meta property=\"article:modified_time\" content=\"2025-06-15T13:40:15+00:00\" \/>\n<meta property=\"og:image\" content=\"https:\/\/panomadphotographie.net\/blog\/wp-content\/uploads\/2024\/02\/Img-en-avant-scaled.jpg\" \/>\n\t<meta property=\"og:image:width\" content=\"2560\" \/>\n\t<meta property=\"og:image:height\" content=\"1707\" \/>\n\t<meta property=\"og:image:type\" content=\"image\/jpeg\" \/>\n<meta name=\"author\" content=\"pfs.panomad@gmail.com\" \/>\n<meta name=\"twitter:card\" content=\"summary_large_image\" \/>\n<meta name=\"twitter:label1\" content=\"\u00c9crit par\" \/>\n\t<meta name=\"twitter:data1\" content=\"pfs.panomad@gmail.com\" \/>\n\t<meta name=\"twitter:label2\" content=\"Dur\u00e9e de lecture estim\u00e9e\" \/>\n\t<meta name=\"twitter:data2\" content=\"2 minutes\" \/>\n<script type=\"application\/ld+json\" class=\"yoast-schema-graph\">{\"@context\":\"https:\/\/schema.org\",\"@graph\":[{\"@type\":\"Article\",\"@id\":\"https:\/\/panomadphotographie.net\/blog\/masques-venitiens-2024\/#article\",\"isPartOf\":{\"@id\":\"https:\/\/panomadphotographie.net\/blog\/masques-venitiens-2024\/\"},\"author\":{\"name\":\"pfs.panomad@gmail.com\",\"@id\":\"https:\/\/panomadphotographie.net\/blog\/#\/schema\/person\/c09ce91d646762071cbe2c4011e3fbfa\"},\"headline\":\"Les costum\u00e9s de Venise 2024\",\"datePublished\":\"2024-02-15T17:16:31+00:00\",\"dateModified\":\"2025-06-15T13:40:15+00:00\",\"mainEntityOfPage\":{\"@id\":\"https:\/\/panomadphotographie.net\/blog\/masques-venitiens-2024\/\"},\"wordCount\":283,\"publisher\":{\"@id\":\"https:\/\/panomadphotographie.net\/blog\/#organization\"},\"image\":{\"@id\":\"https:\/\/panomadphotographie.net\/blog\/masques-venitiens-2024\/#primaryimage\"},\"thumbnailUrl\":\"https:\/\/panomadphotographie.net\/blog\/wp-content\/uploads\/2024\/02\/Img-en-avant-scaled.jpg\",\"articleSection\":[\"Voyage &amp; d\u00e9couverte\"],\"inLanguage\":\"fr-FR\"},{\"@type\":\"WebPage\",\"@id\":\"https:\/\/panomadphotographie.net\/blog\/masques-venitiens-2024\/\",\"url\":\"https:\/\/panomadphotographie.net\/blog\/masques-venitiens-2024\/\",\"name\":\"Masques v\u00e9nitiens 2024 : Portraits du Carnaval de Venise\",\"isPartOf\":{\"@id\":\"https:\/\/panomadphotographie.net\/blog\/#website\"},\"primaryImageOfPage\":{\"@id\":\"https:\/\/panomadphotographie.net\/blog\/masques-venitiens-2024\/#primaryimage\"},\"image\":{\"@id\":\"https:\/\/panomadphotographie.net\/blog\/masques-venitiens-2024\/#primaryimage\"},\"thumbnailUrl\":\"https:\/\/panomadphotographie.net\/blog\/wp-content\/uploads\/2024\/02\/Img-en-avant-scaled.jpg\",\"datePublished\":\"2024-02-15T17:16:31+00:00\",\"dateModified\":\"2025-06-15T13:40:15+00:00\",\"description\":\"D\u00e9couvrez les masques v\u00e9nitiens 2024 en vid\u00e9o ! Plongez dans l\u2019univers magique du Carnaval de Venise et ses costumes d\u2019exception.\",\"breadcrumb\":{\"@id\":\"https:\/\/panomadphotographie.net\/blog\/masques-venitiens-2024\/#breadcrumb\"},\"inLanguage\":\"fr-FR\",\"potentialAction\":[{\"@type\":\"ReadAction\",\"target\":[\"https:\/\/panomadphotographie.net\/blog\/masques-venitiens-2024\/\"]}]},{\"@type\":\"ImageObject\",\"inLanguage\":\"fr-FR\",\"@id\":\"https:\/\/panomadphotographie.net\/blog\/masques-venitiens-2024\/#primaryimage\",\"url\":\"https:\/\/panomadphotographie.net\/blog\/wp-content\/uploads\/2024\/02\/Img-en-avant-scaled.jpg\",\"contentUrl\":\"https:\/\/panomadphotographie.net\/blog\/wp-content\/uploads\/2024\/02\/Img-en-avant-scaled.jpg\",\"width\":2560,\"height\":1707,\"caption\":\"VeniseCarnaval2024..Place san marco.Costum\u00e9 marsqu\u00e9..Cr\u00e9dit:pfsentenac(panomad photographie)\"},{\"@type\":\"BreadcrumbList\",\"@id\":\"https:\/\/panomadphotographie.net\/blog\/masques-venitiens-2024\/#breadcrumb\",\"itemListElement\":[{\"@type\":\"ListItem\",\"position\":1,\"name\":\"Accueil\",\"item\":\"https:\/\/panomadphotographie.net\/blog\/\"},{\"@type\":\"ListItem\",\"position\":2,\"name\":\"Carnaval de Venise 2024 \u2013 Les plus beaux costumes en images\"}]},{\"@type\":\"WebSite\",\"@id\":\"https:\/\/panomadphotographie.net\/blog\/#website\",\"url\":\"https:\/\/panomadphotographie.net\/blog\/\",\"name\":\"panomadphotogrpahie\",\"description\":\"Phtographie\",\"publisher\":{\"@id\":\"https:\/\/panomadphotographie.net\/blog\/#organization\"},\"potentialAction\":[{\"@type\":\"SearchAction\",\"target\":{\"@type\":\"EntryPoint\",\"urlTemplate\":\"https:\/\/panomadphotographie.net\/blog\/?s={search_term_string}\"},\"query-input\":{\"@type\":\"PropertyValueSpecification\",\"valueRequired\":true,\"valueName\":\"search_term_string\"}}],\"inLanguage\":\"fr-FR\"},{\"@type\":\"Organization\",\"@id\":\"https:\/\/panomadphotographie.net\/blog\/#organization\",\"name\":\"panomad photographie\",\"url\":\"https:\/\/panomadphotographie.net\/blog\/\",\"logo\":{\"@type\":\"ImageObject\",\"inLanguage\":\"fr-FR\",\"@id\":\"https:\/\/panomadphotographie.net\/blog\/#\/schema\/logo\/image\/\",\"url\":\"https:\/\/panomadphotographie.net\/blog\/wp-content\/uploads\/cropped-ChatGPT-Image-9-dec.-2025-00_29_22.png\",\"contentUrl\":\"https:\/\/panomadphotographie.net\/blog\/wp-content\/uploads\/cropped-ChatGPT-Image-9-dec.-2025-00_29_22.png\",\"width\":1024,\"height\":768,\"caption\":\"panomad photographie\"},\"image\":{\"@id\":\"https:\/\/panomadphotographie.net\/blog\/#\/schema\/logo\/image\/\"},\"sameAs\":[\"https:\/\/www.facebook.com\/panomadphotographie\/\",\"https:\/\/www.linkedin.com\/in\/panomadphotographie\/\"]},{\"@type\":\"Person\",\"@id\":\"https:\/\/panomadphotographie.net\/blog\/#\/schema\/person\/c09ce91d646762071cbe2c4011e3fbfa\",\"name\":\"pfs.panomad@gmail.com\",\"image\":{\"@type\":\"ImageObject\",\"inLanguage\":\"fr-FR\",\"@id\":\"https:\/\/secure.gravatar.com\/avatar\/94cb0ece4106ebb1937fc341f90bceeb3abca5b76c465cad6e6971d0a394098e?s=96&d=mm&r=g\",\"url\":\"https:\/\/secure.gravatar.com\/avatar\/94cb0ece4106ebb1937fc341f90bceeb3abca5b76c465cad6e6971d0a394098e?s=96&d=mm&r=g\",\"contentUrl\":\"https:\/\/secure.gravatar.com\/avatar\/94cb0ece4106ebb1937fc341f90bceeb3abca5b76c465cad6e6971d0a394098e?s=96&d=mm&r=g\",\"caption\":\"pfs.panomad@gmail.com\"},\"sameAs\":[\"https:\/\/book.panomadphotographie.net\"]}]}<\/script>\n<!-- \/ Yoast SEO plugin. -->","yoast_head_json":{"title":"Masques v\u00e9nitiens 2024 : Portraits du Carnaval de Venise","description":"D\u00e9couvrez les masques v\u00e9nitiens 2024 en vid\u00e9o ! Plongez dans l\u2019univers magique du Carnaval de Venise et ses costumes d\u2019exception.","robots":{"index":"index","follow":"follow","max-snippet":"max-snippet:-1","max-image-preview":"max-image-preview:large","max-video-preview":"max-video-preview:-1"},"canonical":"https:\/\/panomadphotographie.net\/blog\/masques-venitiens-2024\/","og_locale":"fr_FR","og_type":"article","og_title":"Masques v\u00e9nitiens 2024 : Portraits du Carnaval de Venise","og_description":"D\u00e9couvrez les masques v\u00e9nitiens 2024 en vid\u00e9o ! Plongez dans l\u2019univers magique du Carnaval de Venise et ses costumes d\u2019exception.","og_url":"https:\/\/panomadphotographie.net\/blog\/masques-venitiens-2024\/","og_site_name":"PANOMAD","article_publisher":"https:\/\/www.facebook.com\/panomadphotographie\/","article_published_time":"2024-02-15T17:16:31+00:00","article_modified_time":"2025-06-15T13:40:15+00:00","og_image":[{"width":2560,"height":1707,"url":"https:\/\/panomadphotographie.net\/blog\/wp-content\/uploads\/2024\/02\/Img-en-avant-scaled.jpg","type":"image\/jpeg"}],"author":"pfs.panomad@gmail.com","twitter_card":"summary_large_image","twitter_misc":{"\u00c9crit par":"pfs.panomad@gmail.com","Dur\u00e9e de lecture estim\u00e9e":"2 minutes"},"schema":{"@context":"https:\/\/schema.org","@graph":[{"@type":"Article","@id":"https:\/\/panomadphotographie.net\/blog\/masques-venitiens-2024\/#article","isPartOf":{"@id":"https:\/\/panomadphotographie.net\/blog\/masques-venitiens-2024\/"},"author":{"name":"pfs.panomad@gmail.com","@id":"https:\/\/panomadphotographie.net\/blog\/#\/schema\/person\/c09ce91d646762071cbe2c4011e3fbfa"},"headline":"Les costum\u00e9s de Venise 2024","datePublished":"2024-02-15T17:16:31+00:00","dateModified":"2025-06-15T13:40:15+00:00","mainEntityOfPage":{"@id":"https:\/\/panomadphotographie.net\/blog\/masques-venitiens-2024\/"},"wordCount":283,"publisher":{"@id":"https:\/\/panomadphotographie.net\/blog\/#organization"},"image":{"@id":"https:\/\/panomadphotographie.net\/blog\/masques-venitiens-2024\/#primaryimage"},"thumbnailUrl":"https:\/\/panomadphotographie.net\/blog\/wp-content\/uploads\/2024\/02\/Img-en-avant-scaled.jpg","articleSection":["Voyage &amp; d\u00e9couverte"],"inLanguage":"fr-FR"},{"@type":"WebPage","@id":"https:\/\/panomadphotographie.net\/blog\/masques-venitiens-2024\/","url":"https:\/\/panomadphotographie.net\/blog\/masques-venitiens-2024\/","name":"Masques v\u00e9nitiens 2024 : Portraits du Carnaval de Venise","isPartOf":{"@id":"https:\/\/panomadphotographie.net\/blog\/#website"},"primaryImageOfPage":{"@id":"https:\/\/panomadphotographie.net\/blog\/masques-venitiens-2024\/#primaryimage"},"image":{"@id":"https:\/\/panomadphotographie.net\/blog\/masques-venitiens-2024\/#primaryimage"},"thumbnailUrl":"https:\/\/panomadphotographie.net\/blog\/wp-content\/uploads\/2024\/02\/Img-en-avant-scaled.jpg","datePublished":"2024-02-15T17:16:31+00:00","dateModified":"2025-06-15T13:40:15+00:00","description":"D\u00e9couvrez les masques v\u00e9nitiens 2024 en vid\u00e9o ! Plongez dans l\u2019univers magique du Carnaval de Venise et ses costumes d\u2019exception.","breadcrumb":{"@id":"https:\/\/panomadphotographie.net\/blog\/masques-venitiens-2024\/#breadcrumb"},"inLanguage":"fr-FR","potentialAction":[{"@type":"ReadAction","target":["https:\/\/panomadphotographie.net\/blog\/masques-venitiens-2024\/"]}]},{"@type":"ImageObject","inLanguage":"fr-FR","@id":"https:\/\/panomadphotographie.net\/blog\/masques-venitiens-2024\/#primaryimage","url":"https:\/\/panomadphotographie.net\/blog\/wp-content\/uploads\/2024\/02\/Img-en-avant-scaled.jpg","contentUrl":"https:\/\/panomadphotographie.net\/blog\/wp-content\/uploads\/2024\/02\/Img-en-avant-scaled.jpg","width":2560,"height":1707,"caption":"VeniseCarnaval2024..Place san marco.Costum\u00e9 marsqu\u00e9..Cr\u00e9dit:pfsentenac(panomad photographie)"},{"@type":"BreadcrumbList","@id":"https:\/\/panomadphotographie.net\/blog\/masques-venitiens-2024\/#breadcrumb","itemListElement":[{"@type":"ListItem","position":1,"name":"Accueil","item":"https:\/\/panomadphotographie.net\/blog\/"},{"@type":"ListItem","position":2,"name":"Carnaval de Venise 2024 \u2013 Les plus beaux costumes en images"}]},{"@type":"WebSite","@id":"https:\/\/panomadphotographie.net\/blog\/#website","url":"https:\/\/panomadphotographie.net\/blog\/","name":"panomadphotogrpahie","description":"Phtographie","publisher":{"@id":"https:\/\/panomadphotographie.net\/blog\/#organization"},"potentialAction":[{"@type":"SearchAction","target":{"@type":"EntryPoint","urlTemplate":"https:\/\/panomadphotographie.net\/blog\/?s={search_term_string}"},"query-input":{"@type":"PropertyValueSpecification","valueRequired":true,"valueName":"search_term_string"}}],"inLanguage":"fr-FR"},{"@type":"Organization","@id":"https:\/\/panomadphotographie.net\/blog\/#organization","name":"panomad photographie","url":"https:\/\/panomadphotographie.net\/blog\/","logo":{"@type":"ImageObject","inLanguage":"fr-FR","@id":"https:\/\/panomadphotographie.net\/blog\/#\/schema\/logo\/image\/","url":"https:\/\/panomadphotographie.net\/blog\/wp-content\/uploads\/cropped-ChatGPT-Image-9-dec.-2025-00_29_22.png","contentUrl":"https:\/\/panomadphotographie.net\/blog\/wp-content\/uploads\/cropped-ChatGPT-Image-9-dec.-2025-00_29_22.png","width":1024,"height":768,"caption":"panomad photographie"},"image":{"@id":"https:\/\/panomadphotographie.net\/blog\/#\/schema\/logo\/image\/"},"sameAs":["https:\/\/www.facebook.com\/panomadphotographie\/","https:\/\/www.linkedin.com\/in\/panomadphotographie\/"]},{"@type":"Person","@id":"https:\/\/panomadphotographie.net\/blog\/#\/schema\/person\/c09ce91d646762071cbe2c4011e3fbfa","name":"pfs.panomad@gmail.com","image":{"@type":"ImageObject","inLanguage":"fr-FR","@id":"https:\/\/secure.gravatar.com\/avatar\/94cb0ece4106ebb1937fc341f90bceeb3abca5b76c465cad6e6971d0a394098e?s=96&d=mm&r=g","url":"https:\/\/secure.gravatar.com\/avatar\/94cb0ece4106ebb1937fc341f90bceeb3abca5b76c465cad6e6971d0a394098e?s=96&d=mm&r=g","contentUrl":"https:\/\/secure.gravatar.com\/avatar\/94cb0ece4106ebb1937fc341f90bceeb3abca5b76c465cad6e6971d0a394098e?s=96&d=mm&r=g","caption":"pfs.panomad@gmail.com"},"sameAs":["https:\/\/book.panomadphotographie.net"]}]}},"_links":{"self":[{"href":"https:\/\/panomadphotographie.net\/blog\/wp-json\/wp\/v2\/posts\/183","targetHints":{"allow":["GET"]}}],"collection":[{"href":"https:\/\/panomadphotographie.net\/blog\/wp-json\/wp\/v2\/posts"}],"about":[{"href":"https:\/\/panomadphotographie.net\/blog\/wp-json\/wp\/v2\/types\/post"}],"author":[{"embeddable":true,"href":"https:\/\/panomadphotographie.net\/blog\/wp-json\/wp\/v2\/users\/1"}],"replies":[{"embeddable":true,"href":"https:\/\/panomadphotographie.net\/blog\/wp-json\/wp\/v2\/comments?post=183"}],"version-history":[{"count":0,"href":"https:\/\/panomadphotographie.net\/blog\/wp-json\/wp\/v2\/posts\/183\/revisions"}],"wp:featuredmedia":[{"embeddable":true,"href":"https:\/\/panomadphotographie.net\/blog\/wp-json\/wp\/v2\/media\/187"}],"wp:attachment":[{"href":"https:\/\/panomadphotographie.net\/blog\/wp-json\/wp\/v2\/media?parent=183"}],"wp:term":[{"taxonomy":"category","embeddable":true,"href":"https:\/\/panomadphotographie.net\/blog\/wp-json\/wp\/v2\/categories?post=183"},{"taxonomy":"post_tag","embeddable":true,"href":"https:\/\/panomadphotographie.net\/blog\/wp-json\/wp\/v2\/tags?post=183"}],"curies":[{"name":"wp","href":"https:\/\/api.w.org\/{rel}","templated":true}]}}