{"id":1665,"date":"2025-07-21T20:16:25","date_gmt":"2025-07-21T18:16:25","guid":{"rendered":"https:\/\/panomadphotographie.net\/blog\/?p=1665"},"modified":"2025-08-24T19:27:44","modified_gmt":"2025-08-24T17:27:44","slug":"photographie-stylisee-oia","status":"publish","type":"post","link":"https:\/\/panomadphotographie.net\/blog\/photographie-stylisee-oia\/","title":{"rendered":"Voyage stylis\u00e9 &#8211; Oia et un soup\u00e7on d&rsquo;IA"},"content":{"rendered":"\n<p>Des ruelles baign\u00e9es de soleil aux falaises blanches d\u2019Oia, des reliefs sauvages de la Cr\u00e8te aux villages silencieux : cette <strong>s\u00e9rie de photographie stylis\u00e9e \u00e0 Oia<\/strong> revisite mon voyage grec avec un regard sensible et narratif.<br>Entre \u00e9dition Lightroom et exploration cr\u00e9ative par l\u2019IA, j\u2019ai cherch\u00e9 \u00e0 traduire ce que l\u2019image brute ne montre pas toujours : l\u2019impression persistante du lieu, celle qui reste une fois rentr\u00e9.<\/p>\n\n\n\n<h2 class=\"wp-block-heading\">Premier soir \u00e0 Oia<\/h2>\n\n\n\n<p>Juste apr\u00e8s avoir pos\u00e9 nos valises, nous sommes sortis explorer les ruelles dor\u00e9es par la lumi\u00e8re du couchant.<br>Cette image, prise presque par instinct, marque le point de d\u00e9part d\u2019une s\u00e9rie qui allait na\u00eetre au fil des jours : une d\u00e9ambulation en Cr\u00e8te et \u00e0 Santorin, vue \u00e0 travers elle \u2014 mon mod\u00e8le, mon rep\u00e8re, celle qui donne \u00e9chelle, pr\u00e9sence et continuit\u00e9 \u00e0 ce voyage.<\/p>\n\n\n\n<p>Ici, tout commence par un regard : le sien.<br>Face \u00e0 la vitrine illumin\u00e9e d\u2019une boutique de marionnettes, elle semble observer sans vraiment voir.<br>C\u2019est ce flottement entre r\u00eave et r\u00e9alit\u00e9 que j\u2019ai voulu prolonger dans cette s\u00e9rie, en m\u00ealant photographie sur le vif, \u00e9dition Lightroom, et stylisation subtile par intelligence artificielle.<\/p>\n\n\n\n<h2 class=\"wp-block-heading\">Photographie stylis\u00e9e \u00e0 Oia : la lumi\u00e8re comme fil conducteur<\/h2>\n\n\n\n<h3 class=\"wp-block-heading\">OIA-Santorini-6 \u2013 Face \u00e0 la mer, en \u00e9quilibre<\/h3>\n\n\n\n<figure class=\"wp-block-image size-full\"><img decoding=\"async\" width=\"1024\" height=\"1024\" src=\"https:\/\/panomadphotographie.net\/blog\/wp-content\/uploads\/photographie-stylisee-oia-face-a-la-mer.jpg\" alt=\"photographie stylis\u00e9e Oia. Femme de dos debout sur une terrasse \u00e0 Oia, contemplant la mer \u00c9g\u00e9e sous une lumi\u00e8re dor\u00e9e \u2013 style pictural. Woman seen from behind standing on a terrace in Oia, gazing at the Aegean Sea under golden light \u2013 painterly style.\" class=\"wp-image-1667\" srcset=\"https:\/\/panomadphotographie.net\/blog\/wp-content\/uploads\/photographie-stylisee-oia-face-a-la-mer.jpg 1024w, https:\/\/panomadphotographie.net\/blog\/wp-content\/uploads\/photographie-stylisee-oia-face-a-la-mer-150x150.jpg 150w, https:\/\/panomadphotographie.net\/blog\/wp-content\/uploads\/photographie-stylisee-oia-face-a-la-mer-768x768.jpg 768w, https:\/\/panomadphotographie.net\/blog\/wp-content\/uploads\/photographie-stylisee-oia-face-a-la-mer-88x88.jpg 88w, https:\/\/panomadphotographie.net\/blog\/wp-content\/uploads\/photographie-stylisee-oia-face-a-la-mer-973x973.jpg 973w, https:\/\/panomadphotographie.net\/blog\/wp-content\/uploads\/photographie-stylisee-oia-face-a-la-mer-508x508.jpg 508w\" sizes=\"(max-width: 1024px) 100vw, 1024px\" \/><figcaption class=\"wp-element-caption\">Photograph\u00e9e \u00e0 Oia, en fin d&rsquo;apr\u00e9s-midi sur une rerrasse dominant la caldeira.<\/figcaption><\/figure>\n\n\n\n<p>Elle est seule, debout, pieds nus sur la pierre chaude.<br>Le vent souffle \u00e0 peine et la mer reste calme. Rien ne bouge.<br>Le d\u00e9cor est simple, presque nu : une rambarde, une ligne d\u2019horizon, une lumi\u00e8re franche.<br>Pourtant, quelque chose se passe \u2014 une tension int\u00e9rieure, un point d\u2019\u00e9quilibre fragile entre pr\u00e9sence et retrait.<br>Dans cette image, j\u2019ai utilis\u00e9 l\u2019intelligence artificielle n<strong>on pas pour la transformer, mais pour en r\u00e9v\u00e9ler la respiration subtile<\/strong> : la densit\u00e9 des bleus, la lumi\u00e8re rasante sur la peau, la douceur du contraste.<br>C&rsquo;est un <strong>travail de mati\u00e8re plus que d\u2019effet,<\/strong> une mani\u00e8re de renforcer ce que l\u2019\u0153il percevait d\u00e9j\u00e0, sans pouvoir le formuler.<br>Son regard ne cherche pas la mer. <br><strong>Il l&rsquo;a prolonge. Il s&rsquo;y relie.<\/strong><\/p>\n\n\n\n<h3 class=\"wp-block-heading\">Oia-Santorini-8 &#8211; Assise dans le silence dor\u00e9.<\/h3>\n\n\n\n<figure class=\"wp-block-image size-full\"><img decoding=\"async\" width=\"1080\" height=\"1080\" src=\"https:\/\/panomadphotographie.net\/blog\/wp-content\/uploads\/photographie-stylisee-oia-pause-caldera.webp\" alt=\"Photographie stylis\u00e9e Oia. Femme en robe blanche assise face \u00e0 la mer \u00c9g\u00e9e \u00e0 Oia, en fin de journ\u00e9e \u2013 lumi\u00e8re dor\u00e9e, atmosph\u00e8re picturale. Woman in a white dress sitting facing the Aegean Sea in Oia, late afternoon \u2013 golden light, painterly atmosphere.\" class=\"wp-image-1651\" srcset=\"https:\/\/panomadphotographie.net\/blog\/wp-content\/uploads\/photographie-stylisee-oia-pause-caldera.webp 1080w, https:\/\/panomadphotographie.net\/blog\/wp-content\/uploads\/photographie-stylisee-oia-pause-caldera-150x150.webp 150w, https:\/\/panomadphotographie.net\/blog\/wp-content\/uploads\/photographie-stylisee-oia-pause-caldera-768x768.webp 768w, https:\/\/panomadphotographie.net\/blog\/wp-content\/uploads\/photographie-stylisee-oia-pause-caldera-88x88.webp 88w, https:\/\/panomadphotographie.net\/blog\/wp-content\/uploads\/photographie-stylisee-oia-pause-caldera-973x973.webp 973w, https:\/\/panomadphotographie.net\/blog\/wp-content\/uploads\/photographie-stylisee-oia-pause-caldera-508x508.webp 508w\" sizes=\"(max-width: 1080px) 100vw, 1080px\" \/><figcaption class=\"wp-element-caption\">Photographi\u00e9e \u00e0 Oia, en contrebas dun escalier expos\u00e9 plein Ouest, une heure avant le coucher du soleil.<\/figcaption><\/figure>\n\n\n\n<p>Elle s\u2019est install\u00e9e l\u00e0, comme entre deux gestes.<br>La main suspendue, les jambes crois\u00e9es, les yeux derri\u00e8re les lunettes noires \u2014 elle ne cherche pas le regard. <strong>Au contraire<\/strong>, elle s\u2019en d\u00e9tache.<\/p>\n\n\n\n<p>Le soleil descend doucement, nappant la terrasse d\u2019une lumi\u00e8re douce et enveloppante.<br><strong>Autour d\u2019elle<\/strong>, le vide : pas de d\u00e9cor superflu, pas de narration visible.<br>Seulement une ligne d\u2019horizon, la mer \u00e9tale, et quelques rochers pos\u00e9s comme une ponctuation silencieuse.<\/p>\n\n\n\n<p><strong>L\u00e0 encore<\/strong>, l\u2019IA m\u2019a permis d\u2019affiner la pr\u00e9sence de la lumi\u00e8re, de renforcer la douceur des ombres et la mati\u00e8re textile de la robe blanche.<br><strong>Il ne s\u2019agissait pas d\u2019ajouter, ni de forcer<\/strong>, mais simplement de laisser durer cet instant suspendu.<\/p>\n\n\n\n<p>Elle ne pose pas.<br><strong>Elle attend. Ou peut-\u00eatre qu\u2019elle r\u00eave d\u00e9j\u00e0 d\u2019ailleurs.<\/strong><\/p>\n\n\n\n<h3 class=\"wp-block-heading\"><strong>OIA-Santorini-10 \u2013 Le blanc d\u2019Oia sous le bleu<\/strong><\/h3>\n\n\n\n<figure class=\"wp-block-image size-full\"><img decoding=\"async\" width=\"1620\" height=\"1080\" src=\"https:\/\/panomadphotographie.net\/blog\/wp-content\/uploads\/photographie-stylisee-oia-les-moulins-de-oia.webp\" alt=\"Paysage ensoleill\u00e9 avec moulins \u00e0 vent traditionnels et maisons blanchies \u00e0 la chaux \u00e0 Oia, Santorin \u2013 rendu pictural aux tons chauds. Sunny landscape with traditional windmills and whitewashed houses in Oia, Santorini \u2013 warm-toned painterly rendering.\" class=\"wp-image-1661\" srcset=\"https:\/\/panomadphotographie.net\/blog\/wp-content\/uploads\/photographie-stylisee-oia-les-moulins-de-oia.webp 1620w, https:\/\/panomadphotographie.net\/blog\/wp-content\/uploads\/photographie-stylisee-oia-les-moulins-de-oia-150x100.webp 150w, https:\/\/panomadphotographie.net\/blog\/wp-content\/uploads\/photographie-stylisee-oia-les-moulins-de-oia-768x512.webp 768w, https:\/\/panomadphotographie.net\/blog\/wp-content\/uploads\/photographie-stylisee-oia-les-moulins-de-oia-1536x1024.webp 1536w, https:\/\/panomadphotographie.net\/blog\/wp-content\/uploads\/photographie-stylisee-oia-les-moulins-de-oia-973x649.webp 973w, https:\/\/panomadphotographie.net\/blog\/wp-content\/uploads\/photographie-stylisee-oia-les-moulins-de-oia-508x339.webp 508w\" sizes=\"(max-width: 1620px) 100vw, 1620px\" \/><figcaption class=\"wp-element-caption\">Photographi\u00e9e \u00e0 Oia depuis un point de vue haut perch\u00e9, face nord-ouest, vers midi.<\/figcaption><\/figure>\n\n\n\n<p>Vue mille fois.<br><strong>Et pourtant<\/strong>, quelque chose r\u00e9siste.<\/p>\n\n\n\n<p>Dans ce paysage devenu carte postale, il restait \u00e0 capter une chose essentielle : <strong>la densit\u00e9<\/strong>.<br>Les murs, les toits, les vo\u00fbtes s\u2019empilent comme une construction fragile.<br>Chaque ligne \u00e9pouse la pente, chaque ombre raconte le relief.<br>Le village semble respirer, onduler presque, sous la lumi\u00e8re franche du jour.<\/p>\n\n\n\n<p>Ici, j\u2019ai utilis\u00e9 l\u2019intelligence artificielle pour travailler la mati\u00e8re <strong>comme une peinture en aplats<\/strong> :<br>les blancs cass\u00e9s, les beiges ti\u00e8des, le bleu dense du ciel.<br>C\u2019est une stylisation volontaire, con\u00e7ue pour transformer ce d\u00e9cor touristique en <strong>territoire narratif<\/strong>.<\/p>\n\n\n\n<p>Quant \u00e0 elle, mon mod\u00e8le, elle est l\u00e0 \u2014 minuscule, int\u00e9gr\u00e9e au bas de l\u2019image.<br><strong>T\u00e9moin discret d\u2019une sc\u00e8ne immense<\/strong>, \u00e0 la fronti\u00e8re du r\u00e9el et du souvenir.<\/p>\n\n\n\n<h3 class=\"wp-block-heading\">Oia-Santorini-9 &#8211; Table pour deux, solitude pour une ?<\/h3>\n\n\n\n<figure class=\"wp-block-image size-full\"><img decoding=\"async\" width=\"1620\" height=\"1080\" src=\"https:\/\/panomadphotographie.net\/blog\/wp-content\/uploads\/EH-Santorinii-UPSCALE-TIFF-2.webp\" alt=\"photographie stylis\u00e9e Oia. Femme vue de dos, assise en terrasse face \u00e0 la mer \u00e0 Santorin, un verre de vin \u00e0 la main au coucher du soleil \u2013 ambiance intime et picturale. Woman seen from behind, sitting on a terrace in Santorini with a glass of wine at sunset \u2013 intimate and painterly atmosphere.\" class=\"wp-image-1655\" srcset=\"https:\/\/panomadphotographie.net\/blog\/wp-content\/uploads\/EH-Santorinii-UPSCALE-TIFF-2.webp 1620w, https:\/\/panomadphotographie.net\/blog\/wp-content\/uploads\/EH-Santorinii-UPSCALE-TIFF-2-150x100.webp 150w, https:\/\/panomadphotographie.net\/blog\/wp-content\/uploads\/EH-Santorinii-UPSCALE-TIFF-2-768x512.webp 768w, https:\/\/panomadphotographie.net\/blog\/wp-content\/uploads\/EH-Santorinii-UPSCALE-TIFF-2-1536x1024.webp 1536w, https:\/\/panomadphotographie.net\/blog\/wp-content\/uploads\/EH-Santorinii-UPSCALE-TIFF-2-973x649.webp 973w, https:\/\/panomadphotographie.net\/blog\/wp-content\/uploads\/EH-Santorinii-UPSCALE-TIFF-2-508x339.webp 508w\" sizes=\"(max-width: 1620px) 100vw, 1620px\" \/><figcaption class=\"wp-element-caption\"> Photographi\u00e9e \u00e0 Oia, depuis la terrasse d\u2019une chambre troglodyte donnant directement sur la caldeira, juste avant la nuit.<\/figcaption><\/figure>\n\n\n\n<p>Elle est l\u00e0, seule.<br>Un verre \u00e0 la main, le corps tourn\u00e9 vers la mer.<br>Sur la table, deux couverts, une bouteille entam\u00e9e, du pain et du fromage.<\/p>\n\n\n\n<p>Il ne manque rien.<br><strong>Et pourtant<\/strong>, il semble qu\u2019il manque quelqu\u2019un.<\/p>\n\n\n\n<p>Ce genre de sc\u00e8ne n\u2019a rien d\u2019extraordinaire.<br><strong>C\u2019est justement ce qui la rend pr\u00e9cieuse<\/strong> : la lumi\u00e8re orang\u00e9e du soir, le calme profond de la caldeira, le d\u00e9tail d\u2019une posture rel\u00e2ch\u00e9e.<\/p>\n\n\n\n<p>L\u2019IA m\u2019a permis ici de r\u00e9v\u00e9ler ce calme latent, de l\u2019\u00e9paissir comme une peinture \u00e0 l\u2019huile, de r\u00e9chauffer les tons pour que tout semble presque trop doux, presque trop lisse \u2014 <strong>comme un r\u00eave qu\u2019on ne veut pas quitter.<\/strong><\/p>\n\n\n\n<p>Elle ne mange pas.<br>Elle ne parle pas.<br><strong>Attend-elle ?<\/strong> Ou bien savoure-t-elle simplement ce silence offert par le monde ?<\/p>\n\n\n\n<h3 class=\"wp-block-heading\">Oia-Santorini-14 &#8211; Contemplation en surplomb<\/h3>\n\n\n\n<figure class=\"wp-block-image size-full\"><img decoding=\"async\" width=\"1620\" height=\"1080\" src=\"https:\/\/panomadphotographie.net\/blog\/wp-content\/uploads\/photographie-stylisee-oia-fenetre-sur-caldera.webp\" alt=\"Vue depuis une chambre troglodyte \u00e0 Oia, fen\u00eatre ouverte sur la mer \u00c9g\u00e9e au coucher du soleil \u2013 lumi\u00e8re dor\u00e9e et ambiance silencieuse. View from a cave-style room in Oia, open window facing the Aegean Sea at sunset \u2013 golden light and peaceful atmosphere.\" class=\"wp-image-1662\" srcset=\"https:\/\/panomadphotographie.net\/blog\/wp-content\/uploads\/photographie-stylisee-oia-fenetre-sur-caldera.webp 1620w, https:\/\/panomadphotographie.net\/blog\/wp-content\/uploads\/photographie-stylisee-oia-fenetre-sur-caldera-150x100.webp 150w, https:\/\/panomadphotographie.net\/blog\/wp-content\/uploads\/photographie-stylisee-oia-fenetre-sur-caldera-768x512.webp 768w, https:\/\/panomadphotographie.net\/blog\/wp-content\/uploads\/photographie-stylisee-oia-fenetre-sur-caldera-1536x1024.webp 1536w, https:\/\/panomadphotographie.net\/blog\/wp-content\/uploads\/photographie-stylisee-oia-fenetre-sur-caldera-973x649.webp 973w, https:\/\/panomadphotographie.net\/blog\/wp-content\/uploads\/photographie-stylisee-oia-fenetre-sur-caldera-508x339.webp 508w\" sizes=\"(max-width: 1620px) 100vw, 1620px\" \/><figcaption class=\"wp-element-caption\">Photographi\u00e9e \u00e0 Oia depuis l\u2019int\u00e9rieur d\u2019une chambre troglodyte, juste apr\u00e8s le coucher du soleil.<\/figcaption><\/figure>\n\n\n\n<p>Une chambre troglodyte, taill\u00e9e dans la roche.<br>L\u2019air est ti\u00e8de, la lumi\u00e8re glisse sur le sol.<br>La fen\u00eatre est ouverte \u2014 pas de rideau, pas d\u2019\u00e9cran.<br><strong>Seulement le vide. Et la mer.<\/strong><\/p>\n\n\n\n<p>\u00c0 ce moment pr\u00e9cis, personne n\u2019est dans le cadre.<br><strong>Et pourtant<\/strong>, la pr\u00e9sence est partout.<br>L\u2019espace est habit\u00e9 par l\u2019absence.<br><strong>C\u2019est l\u2019image qui regarde<\/strong>, \u00e0 la place du corps.<\/p>\n\n\n\n<p>Ici, j\u2019ai voulu laisser l\u2019IA faire ce qu\u2019elle fait de mieux : \u00e9paissir la lumi\u00e8re, adoucir les contours, lisser les ombres\u2026<br><strong>Ainsi<\/strong>, cette ouverture devient une respiration.<br>Un silence.<br>Un souvenir d\u2019avant les mots.<\/p>\n\n\n\n<h2 class=\"wp-block-heading\">La m\u00e9moire douce d&rsquo;un voyage en suspens.<\/h2>\n\n\n\n<p>Cette s\u00e9rie de <strong>photographie stylis\u00e9e \u00e0 Oia<\/strong> s\u2019inscrit dans une recherche visuelle personnelle<br>Celle-ci ne raconte pas une aventure, ni une qu\u00eate. Elle suit un fil l\u00e9ger, presque fragile : celui d\u2019un regard pos\u00e9 sur le monde, lentement, en silence.<\/p>\n\n\n\n<p>Ce voyage en Gr\u00e8ce, entre Santorin et la Cr\u00e8te, m\u2019a laiss\u00e9 une sensation rare : celle d\u2019un temps suspendu.<br>Ni totalement r\u00e9el, ni imaginaire \u2014 juste \u00e9tir\u00e9.<\/p>\n\n\n\n<p>Les images stylis\u00e9es ici ne sont pas des reconstitutions. Elles sont des prolongements.<br>\u00c0 partir de mes photographies prises sur le vif, j\u2019ai utilis\u00e9 l\u2019IA comme un outil de respiration visuelle : pour intensifier une lumi\u00e8re, adoucir une ligne, \u00e9paissir une ombre\u2026<br>Pas pour tricher. Pour traduire.<\/p>\n\n\n\n<p>Je ne cherche pas l\u2019effet, ni l\u2019artifice.<br>Seulement ce moment fragile o\u00f9 l\u2019image ne montre plus, mais murmure.<\/p>\n\n\n\n<p>Pour toute collaboration ou acquisition de tirage : <a href=\"https:\/\/calendly.com\/pfs-panomad\/\">me contacter ici.<\/a><\/p>\n\n\n\n<p>Lire aussi: <a href=\"https:\/\/panomadphotographie.net\/blog\/voyage-interrompu-images-prolongees\/\">Photographie stylis\u00e9e en Sicile &#8211; S\u00e9rie GDC<\/a><\/p>\n\n\n\n<p><\/p>\n","protected":false},"excerpt":{"rendered":"<p>Des ruelles baign\u00e9es de soleil aux falaises blanches d\u2019Oia, des reliefs sauvages de la Cr\u00e8te aux villages silencieux : cette s\u00e9rie de photographie stylis\u00e9e \u00e0 Oia revisite mon&#8230;<\/p>\n","protected":false},"author":1,"featured_media":1659,"comment_status":"closed","ping_status":"closed","sticky":false,"template":"","format":"standard","meta":{"footnotes":""},"categories":[4],"tags":[],"class_list":["post-1665","post","type-post","status-publish","format-standard","has-post-thumbnail","hentry","category-photographe-voyage"],"yoast_head":"<!-- This site is optimized with the Yoast SEO plugin v27.2 - https:\/\/yoast.com\/product\/yoast-seo-wordpress\/ -->\n<title>Photographie stylis\u00e9e Oia \u2013 S\u00e9rie d\u2019auteur en Gr\u00e8ce<\/title>\n<meta name=\"description\" content=\"S\u00e9rie de photographie stylis\u00e9e \u00e0 Oia. Lumi\u00e8res grecques, atmosph\u00e8re picturale et retouche IA au service d\u2019un regard d\u2019auteur.\" \/>\n<meta name=\"robots\" content=\"index, follow, max-snippet:-1, max-image-preview:large, max-video-preview:-1\" \/>\n<link rel=\"canonical\" href=\"https:\/\/panomadphotographie.net\/blog\/photographie-stylisee-oia\/\" \/>\n<meta property=\"og:locale\" content=\"fr_FR\" \/>\n<meta property=\"og:type\" content=\"article\" \/>\n<meta property=\"og:title\" content=\"Photographie stylis\u00e9e Oia \u2013 S\u00e9rie d\u2019auteur en Gr\u00e8ce\" \/>\n<meta property=\"og:description\" content=\"S\u00e9rie de photographie stylis\u00e9e \u00e0 Oia. Lumi\u00e8res grecques, atmosph\u00e8re picturale et retouche IA au service d\u2019un regard d\u2019auteur.\" \/>\n<meta property=\"og:url\" content=\"https:\/\/panomadphotographie.net\/blog\/photographie-stylisee-oia\/\" \/>\n<meta property=\"og:site_name\" content=\"PANOMAD\" \/>\n<meta property=\"article:publisher\" content=\"https:\/\/www.facebook.com\/panomadphotographie\/\" \/>\n<meta property=\"article:published_time\" content=\"2025-07-21T18:16:25+00:00\" \/>\n<meta property=\"article:modified_time\" content=\"2025-08-24T17:27:44+00:00\" \/>\n<meta property=\"og:image\" content=\"https:\/\/panomadphotographie.net\/blog\/wp-content\/uploads\/photographie-stylisee-oia-premier-soir.webp\" \/>\n\t<meta property=\"og:image:width\" content=\"1620\" \/>\n\t<meta property=\"og:image:height\" content=\"1080\" \/>\n\t<meta property=\"og:image:type\" content=\"image\/webp\" \/>\n<meta name=\"author\" content=\"pfs.panomad@gmail.com\" \/>\n<meta name=\"twitter:card\" content=\"summary_large_image\" \/>\n<meta name=\"twitter:label1\" content=\"\u00c9crit par\" \/>\n\t<meta name=\"twitter:data1\" content=\"pfs.panomad@gmail.com\" \/>\n\t<meta name=\"twitter:label2\" content=\"Dur\u00e9e de lecture estim\u00e9e\" \/>\n\t<meta name=\"twitter:data2\" content=\"7 minutes\" \/>\n<script type=\"application\/ld+json\" class=\"yoast-schema-graph\">{\"@context\":\"https:\/\/schema.org\",\"@graph\":[{\"@type\":\"Article\",\"@id\":\"https:\/\/panomadphotographie.net\/blog\/photographie-stylisee-oia\/#article\",\"isPartOf\":{\"@id\":\"https:\/\/panomadphotographie.net\/blog\/photographie-stylisee-oia\/\"},\"author\":{\"name\":\"pfs.panomad@gmail.com\",\"@id\":\"https:\/\/panomadphotographie.net\/blog\/#\/schema\/person\/c09ce91d646762071cbe2c4011e3fbfa\"},\"headline\":\"Voyage stylis\u00e9 &#8211; Oia et un soup\u00e7on d&rsquo;IA\",\"datePublished\":\"2025-07-21T18:16:25+00:00\",\"dateModified\":\"2025-08-24T17:27:44+00:00\",\"mainEntityOfPage\":{\"@id\":\"https:\/\/panomadphotographie.net\/blog\/photographie-stylisee-oia\/\"},\"wordCount\":1196,\"publisher\":{\"@id\":\"https:\/\/panomadphotographie.net\/blog\/#organization\"},\"image\":{\"@id\":\"https:\/\/panomadphotographie.net\/blog\/photographie-stylisee-oia\/#primaryimage\"},\"thumbnailUrl\":\"https:\/\/panomadphotographie.net\/blog\/wp-content\/uploads\/photographie-stylisee-oia-premier-soir.webp\",\"articleSection\":[\"Voyage &amp; d\u00e9couverte\"],\"inLanguage\":\"fr-FR\"},{\"@type\":\"WebPage\",\"@id\":\"https:\/\/panomadphotographie.net\/blog\/photographie-stylisee-oia\/\",\"url\":\"https:\/\/panomadphotographie.net\/blog\/photographie-stylisee-oia\/\",\"name\":\"Photographie stylis\u00e9e Oia \u2013 S\u00e9rie d\u2019auteur en Gr\u00e8ce\",\"isPartOf\":{\"@id\":\"https:\/\/panomadphotographie.net\/blog\/#website\"},\"primaryImageOfPage\":{\"@id\":\"https:\/\/panomadphotographie.net\/blog\/photographie-stylisee-oia\/#primaryimage\"},\"image\":{\"@id\":\"https:\/\/panomadphotographie.net\/blog\/photographie-stylisee-oia\/#primaryimage\"},\"thumbnailUrl\":\"https:\/\/panomadphotographie.net\/blog\/wp-content\/uploads\/photographie-stylisee-oia-premier-soir.webp\",\"datePublished\":\"2025-07-21T18:16:25+00:00\",\"dateModified\":\"2025-08-24T17:27:44+00:00\",\"description\":\"S\u00e9rie de photographie stylis\u00e9e \u00e0 Oia. Lumi\u00e8res grecques, atmosph\u00e8re picturale et retouche IA au service d\u2019un regard d\u2019auteur.\",\"breadcrumb\":{\"@id\":\"https:\/\/panomadphotographie.net\/blog\/photographie-stylisee-oia\/#breadcrumb\"},\"inLanguage\":\"fr-FR\",\"potentialAction\":[{\"@type\":\"ReadAction\",\"target\":[\"https:\/\/panomadphotographie.net\/blog\/photographie-stylisee-oia\/\"]}]},{\"@type\":\"ImageObject\",\"inLanguage\":\"fr-FR\",\"@id\":\"https:\/\/panomadphotographie.net\/blog\/photographie-stylisee-oia\/#primaryimage\",\"url\":\"https:\/\/panomadphotographie.net\/blog\/wp-content\/uploads\/photographie-stylisee-oia-premier-soir.webp\",\"contentUrl\":\"https:\/\/panomadphotographie.net\/blog\/wp-content\/uploads\/photographie-stylisee-oia-premier-soir.webp\",\"width\":1620,\"height\":1080,\"caption\":\"Elle vient d\u2019arriver \u00e0 Oia. Le soleil se couche. Une boutique \u00e9trange l\u2019attire \u2014 marionnettes suspendues, lumi\u00e8re chaude, ambiance irr\u00e9elle. C\u2019est la premi\u00e8re image d\u2019un voyage int\u00e9rieur.\"},{\"@type\":\"BreadcrumbList\",\"@id\":\"https:\/\/panomadphotographie.net\/blog\/photographie-stylisee-oia\/#breadcrumb\",\"itemListElement\":[{\"@type\":\"ListItem\",\"position\":1,\"name\":\"Accueil\",\"item\":\"https:\/\/panomadphotographie.net\/blog\/\"},{\"@type\":\"ListItem\",\"position\":2,\"name\":\"Voyage stylis\u00e9 &#8211; Oia et un soup\u00e7on d&rsquo;IA\"}]},{\"@type\":\"WebSite\",\"@id\":\"https:\/\/panomadphotographie.net\/blog\/#website\",\"url\":\"https:\/\/panomadphotographie.net\/blog\/\",\"name\":\"panomadphotogrpahie\",\"description\":\"Phtographie\",\"publisher\":{\"@id\":\"https:\/\/panomadphotographie.net\/blog\/#organization\"},\"potentialAction\":[{\"@type\":\"SearchAction\",\"target\":{\"@type\":\"EntryPoint\",\"urlTemplate\":\"https:\/\/panomadphotographie.net\/blog\/?s={search_term_string}\"},\"query-input\":{\"@type\":\"PropertyValueSpecification\",\"valueRequired\":true,\"valueName\":\"search_term_string\"}}],\"inLanguage\":\"fr-FR\"},{\"@type\":\"Organization\",\"@id\":\"https:\/\/panomadphotographie.net\/blog\/#organization\",\"name\":\"panomad photographie\",\"url\":\"https:\/\/panomadphotographie.net\/blog\/\",\"logo\":{\"@type\":\"ImageObject\",\"inLanguage\":\"fr-FR\",\"@id\":\"https:\/\/panomadphotographie.net\/blog\/#\/schema\/logo\/image\/\",\"url\":\"https:\/\/panomadphotographie.net\/blog\/wp-content\/uploads\/cropped-ChatGPT-Image-9-dec.-2025-00_29_22.png\",\"contentUrl\":\"https:\/\/panomadphotographie.net\/blog\/wp-content\/uploads\/cropped-ChatGPT-Image-9-dec.-2025-00_29_22.png\",\"width\":1024,\"height\":768,\"caption\":\"panomad photographie\"},\"image\":{\"@id\":\"https:\/\/panomadphotographie.net\/blog\/#\/schema\/logo\/image\/\"},\"sameAs\":[\"https:\/\/www.facebook.com\/panomadphotographie\/\",\"https:\/\/www.linkedin.com\/in\/panomadphotographie\/\"]},{\"@type\":\"Person\",\"@id\":\"https:\/\/panomadphotographie.net\/blog\/#\/schema\/person\/c09ce91d646762071cbe2c4011e3fbfa\",\"name\":\"pfs.panomad@gmail.com\",\"image\":{\"@type\":\"ImageObject\",\"inLanguage\":\"fr-FR\",\"@id\":\"https:\/\/secure.gravatar.com\/avatar\/94cb0ece4106ebb1937fc341f90bceeb3abca5b76c465cad6e6971d0a394098e?s=96&d=mm&r=g\",\"url\":\"https:\/\/secure.gravatar.com\/avatar\/94cb0ece4106ebb1937fc341f90bceeb3abca5b76c465cad6e6971d0a394098e?s=96&d=mm&r=g\",\"contentUrl\":\"https:\/\/secure.gravatar.com\/avatar\/94cb0ece4106ebb1937fc341f90bceeb3abca5b76c465cad6e6971d0a394098e?s=96&d=mm&r=g\",\"caption\":\"pfs.panomad@gmail.com\"},\"sameAs\":[\"https:\/\/book.panomadphotographie.net\"]}]}<\/script>\n<!-- \/ Yoast SEO plugin. -->","yoast_head_json":{"title":"Photographie stylis\u00e9e Oia \u2013 S\u00e9rie d\u2019auteur en Gr\u00e8ce","description":"S\u00e9rie de photographie stylis\u00e9e \u00e0 Oia. Lumi\u00e8res grecques, atmosph\u00e8re picturale et retouche IA au service d\u2019un regard d\u2019auteur.","robots":{"index":"index","follow":"follow","max-snippet":"max-snippet:-1","max-image-preview":"max-image-preview:large","max-video-preview":"max-video-preview:-1"},"canonical":"https:\/\/panomadphotographie.net\/blog\/photographie-stylisee-oia\/","og_locale":"fr_FR","og_type":"article","og_title":"Photographie stylis\u00e9e Oia \u2013 S\u00e9rie d\u2019auteur en Gr\u00e8ce","og_description":"S\u00e9rie de photographie stylis\u00e9e \u00e0 Oia. Lumi\u00e8res grecques, atmosph\u00e8re picturale et retouche IA au service d\u2019un regard d\u2019auteur.","og_url":"https:\/\/panomadphotographie.net\/blog\/photographie-stylisee-oia\/","og_site_name":"PANOMAD","article_publisher":"https:\/\/www.facebook.com\/panomadphotographie\/","article_published_time":"2025-07-21T18:16:25+00:00","article_modified_time":"2025-08-24T17:27:44+00:00","og_image":[{"width":1620,"height":1080,"url":"https:\/\/panomadphotographie.net\/blog\/wp-content\/uploads\/photographie-stylisee-oia-premier-soir.webp","type":"image\/webp"}],"author":"pfs.panomad@gmail.com","twitter_card":"summary_large_image","twitter_misc":{"\u00c9crit par":"pfs.panomad@gmail.com","Dur\u00e9e de lecture estim\u00e9e":"7 minutes"},"schema":{"@context":"https:\/\/schema.org","@graph":[{"@type":"Article","@id":"https:\/\/panomadphotographie.net\/blog\/photographie-stylisee-oia\/#article","isPartOf":{"@id":"https:\/\/panomadphotographie.net\/blog\/photographie-stylisee-oia\/"},"author":{"name":"pfs.panomad@gmail.com","@id":"https:\/\/panomadphotographie.net\/blog\/#\/schema\/person\/c09ce91d646762071cbe2c4011e3fbfa"},"headline":"Voyage stylis\u00e9 &#8211; Oia et un soup\u00e7on d&rsquo;IA","datePublished":"2025-07-21T18:16:25+00:00","dateModified":"2025-08-24T17:27:44+00:00","mainEntityOfPage":{"@id":"https:\/\/panomadphotographie.net\/blog\/photographie-stylisee-oia\/"},"wordCount":1196,"publisher":{"@id":"https:\/\/panomadphotographie.net\/blog\/#organization"},"image":{"@id":"https:\/\/panomadphotographie.net\/blog\/photographie-stylisee-oia\/#primaryimage"},"thumbnailUrl":"https:\/\/panomadphotographie.net\/blog\/wp-content\/uploads\/photographie-stylisee-oia-premier-soir.webp","articleSection":["Voyage &amp; d\u00e9couverte"],"inLanguage":"fr-FR"},{"@type":"WebPage","@id":"https:\/\/panomadphotographie.net\/blog\/photographie-stylisee-oia\/","url":"https:\/\/panomadphotographie.net\/blog\/photographie-stylisee-oia\/","name":"Photographie stylis\u00e9e Oia \u2013 S\u00e9rie d\u2019auteur en Gr\u00e8ce","isPartOf":{"@id":"https:\/\/panomadphotographie.net\/blog\/#website"},"primaryImageOfPage":{"@id":"https:\/\/panomadphotographie.net\/blog\/photographie-stylisee-oia\/#primaryimage"},"image":{"@id":"https:\/\/panomadphotographie.net\/blog\/photographie-stylisee-oia\/#primaryimage"},"thumbnailUrl":"https:\/\/panomadphotographie.net\/blog\/wp-content\/uploads\/photographie-stylisee-oia-premier-soir.webp","datePublished":"2025-07-21T18:16:25+00:00","dateModified":"2025-08-24T17:27:44+00:00","description":"S\u00e9rie de photographie stylis\u00e9e \u00e0 Oia. Lumi\u00e8res grecques, atmosph\u00e8re picturale et retouche IA au service d\u2019un regard d\u2019auteur.","breadcrumb":{"@id":"https:\/\/panomadphotographie.net\/blog\/photographie-stylisee-oia\/#breadcrumb"},"inLanguage":"fr-FR","potentialAction":[{"@type":"ReadAction","target":["https:\/\/panomadphotographie.net\/blog\/photographie-stylisee-oia\/"]}]},{"@type":"ImageObject","inLanguage":"fr-FR","@id":"https:\/\/panomadphotographie.net\/blog\/photographie-stylisee-oia\/#primaryimage","url":"https:\/\/panomadphotographie.net\/blog\/wp-content\/uploads\/photographie-stylisee-oia-premier-soir.webp","contentUrl":"https:\/\/panomadphotographie.net\/blog\/wp-content\/uploads\/photographie-stylisee-oia-premier-soir.webp","width":1620,"height":1080,"caption":"Elle vient d\u2019arriver \u00e0 Oia. Le soleil se couche. Une boutique \u00e9trange l\u2019attire \u2014 marionnettes suspendues, lumi\u00e8re chaude, ambiance irr\u00e9elle. C\u2019est la premi\u00e8re image d\u2019un voyage int\u00e9rieur."},{"@type":"BreadcrumbList","@id":"https:\/\/panomadphotographie.net\/blog\/photographie-stylisee-oia\/#breadcrumb","itemListElement":[{"@type":"ListItem","position":1,"name":"Accueil","item":"https:\/\/panomadphotographie.net\/blog\/"},{"@type":"ListItem","position":2,"name":"Voyage stylis\u00e9 &#8211; Oia et un soup\u00e7on d&rsquo;IA"}]},{"@type":"WebSite","@id":"https:\/\/panomadphotographie.net\/blog\/#website","url":"https:\/\/panomadphotographie.net\/blog\/","name":"panomadphotogrpahie","description":"Phtographie","publisher":{"@id":"https:\/\/panomadphotographie.net\/blog\/#organization"},"potentialAction":[{"@type":"SearchAction","target":{"@type":"EntryPoint","urlTemplate":"https:\/\/panomadphotographie.net\/blog\/?s={search_term_string}"},"query-input":{"@type":"PropertyValueSpecification","valueRequired":true,"valueName":"search_term_string"}}],"inLanguage":"fr-FR"},{"@type":"Organization","@id":"https:\/\/panomadphotographie.net\/blog\/#organization","name":"panomad photographie","url":"https:\/\/panomadphotographie.net\/blog\/","logo":{"@type":"ImageObject","inLanguage":"fr-FR","@id":"https:\/\/panomadphotographie.net\/blog\/#\/schema\/logo\/image\/","url":"https:\/\/panomadphotographie.net\/blog\/wp-content\/uploads\/cropped-ChatGPT-Image-9-dec.-2025-00_29_22.png","contentUrl":"https:\/\/panomadphotographie.net\/blog\/wp-content\/uploads\/cropped-ChatGPT-Image-9-dec.-2025-00_29_22.png","width":1024,"height":768,"caption":"panomad photographie"},"image":{"@id":"https:\/\/panomadphotographie.net\/blog\/#\/schema\/logo\/image\/"},"sameAs":["https:\/\/www.facebook.com\/panomadphotographie\/","https:\/\/www.linkedin.com\/in\/panomadphotographie\/"]},{"@type":"Person","@id":"https:\/\/panomadphotographie.net\/blog\/#\/schema\/person\/c09ce91d646762071cbe2c4011e3fbfa","name":"pfs.panomad@gmail.com","image":{"@type":"ImageObject","inLanguage":"fr-FR","@id":"https:\/\/secure.gravatar.com\/avatar\/94cb0ece4106ebb1937fc341f90bceeb3abca5b76c465cad6e6971d0a394098e?s=96&d=mm&r=g","url":"https:\/\/secure.gravatar.com\/avatar\/94cb0ece4106ebb1937fc341f90bceeb3abca5b76c465cad6e6971d0a394098e?s=96&d=mm&r=g","contentUrl":"https:\/\/secure.gravatar.com\/avatar\/94cb0ece4106ebb1937fc341f90bceeb3abca5b76c465cad6e6971d0a394098e?s=96&d=mm&r=g","caption":"pfs.panomad@gmail.com"},"sameAs":["https:\/\/book.panomadphotographie.net"]}]}},"_links":{"self":[{"href":"https:\/\/panomadphotographie.net\/blog\/wp-json\/wp\/v2\/posts\/1665","targetHints":{"allow":["GET"]}}],"collection":[{"href":"https:\/\/panomadphotographie.net\/blog\/wp-json\/wp\/v2\/posts"}],"about":[{"href":"https:\/\/panomadphotographie.net\/blog\/wp-json\/wp\/v2\/types\/post"}],"author":[{"embeddable":true,"href":"https:\/\/panomadphotographie.net\/blog\/wp-json\/wp\/v2\/users\/1"}],"replies":[{"embeddable":true,"href":"https:\/\/panomadphotographie.net\/blog\/wp-json\/wp\/v2\/comments?post=1665"}],"version-history":[{"count":0,"href":"https:\/\/panomadphotographie.net\/blog\/wp-json\/wp\/v2\/posts\/1665\/revisions"}],"wp:featuredmedia":[{"embeddable":true,"href":"https:\/\/panomadphotographie.net\/blog\/wp-json\/wp\/v2\/media\/1659"}],"wp:attachment":[{"href":"https:\/\/panomadphotographie.net\/blog\/wp-json\/wp\/v2\/media?parent=1665"}],"wp:term":[{"taxonomy":"category","embeddable":true,"href":"https:\/\/panomadphotographie.net\/blog\/wp-json\/wp\/v2\/categories?post=1665"},{"taxonomy":"post_tag","embeddable":true,"href":"https:\/\/panomadphotographie.net\/blog\/wp-json\/wp\/v2\/tags?post=1665"}],"curies":[{"name":"wp","href":"https:\/\/api.w.org\/{rel}","templated":true}]}}