{"id":1609,"date":"2025-07-13T17:36:42","date_gmt":"2025-07-13T15:36:42","guid":{"rendered":"https:\/\/panomadphotographie.net\/blog\/?p=1609"},"modified":"2025-08-23T22:05:11","modified_gmt":"2025-08-23T20:05:11","slug":"photographies-stylisees-sicile","status":"publish","type":"post","link":"https:\/\/panomadphotographie.net\/blog\/photographies-stylisees-sicile\/","title":{"rendered":"Photographies stylis\u00e9es Sicile."},"content":{"rendered":"\n<p><strong>Photographies stylis\u00e9es Sicile<\/strong> \u2013 Entre voyage r\u00e9el et imaginaire, cette s\u00e9rie photographique rend hommage \u00e0 la beaut\u00e9 m\u00e9diterran\u00e9enne tout en s\u2019inspirant de l\u2019univers m\u00e9taphysique de <strong>Giorgio De Chirico<\/strong>.<\/p>\n\n\n\n<p>La Sicile, terre de contrastes entre volcans, mers et cit\u00e9s baroques, se pr\u00eate naturellement \u00e0 la transformation visuelle. Chaque clich\u00e9 est ici <strong>stylis\u00e9<\/strong> pour d\u00e9passer la simple repr\u00e9sentation documentaire et s\u2019inscrire dans une <strong>d\u00e9marche artistique<\/strong> : cr\u00e9er des images qui oscillent entre m\u00e9moire, r\u00eave et architecture int\u00e9rieure.<\/p>\n\n\n\n<p>En tant que photographe passionn\u00e9 par l\u2019<strong>art visuel et le voyage<\/strong>, j\u2019ai choisi d\u2019explorer une nouvelle \u00e9criture : des photographies travaill\u00e9es avec des techniques contemporaines de stylisation, qui prolongent le regard au-del\u00e0 de la sc\u00e8ne captur\u00e9e. Il ne s\u2019agit pas seulement de montrer un paysage sicilien, mais de sugg\u00e9rer une <strong>atmosph\u00e8re suspendue<\/strong>, une \u00e9motion intemporelle.<\/p>\n\n\n\n<p>Dans cette s\u00e9rie <strong>GDC-Sicile<\/strong>, vous d\u00e9couvrirez quatre compositions majeures, chacune portant un fragment de r\u00e9cit : entre ciel et mer, face au volcan, ou encore dans la solitude d\u2019une foule fig\u00e9e. Autant de variations qui r\u00e9inventent la Sicile, non pas comme destination touristique, mais comme <strong>terrain d\u2019exp\u00e9rimentation artistique<\/strong>.<\/p>\n\n\n\n<h2 class=\"wp-block-heading\">Une s\u00e9rie entre abstraction m\u00e9dit\u00e9rran\u00e9enne et solitude int\u00e9rieure.<\/h2>\n\n\n\n<p>Cette s\u00e9rie de <strong>photographies stylis\u00e9es en Sicile<\/strong> ne rel\u00e8ve pas du carnet de voyage traditionnel. Chaque image est une <strong>variation visuelle<\/strong> : un instant r\u00e9el capt\u00e9 en Sicile, retravaill\u00e9 et stylis\u00e9 \u00e0 l\u2019aide de techniques num\u00e9riques et d\u2019IA, pour lui donner une dimension m\u00e9taphysique.<\/p>\n\n\n\n<h3 class=\"wp-block-heading\">GDC-Sicile-1 &#8211; Entre ciel et mer.<\/h3>\n\n\n\n<figure class=\"wp-block-image size-full\"><img decoding=\"async\" width=\"1320\" height=\"1080\" src=\"https:\/\/panomadphotographie.net\/blog\/wp-content\/uploads\/002-GDC-Sicile-Stylise-Entre-ciel-et-mer.jpg\" alt=\"Photographie stylis\u00e9e Sicile \u2013 Entre ciel et mer\" class=\"wp-image-1615\" srcset=\"https:\/\/panomadphotographie.net\/blog\/wp-content\/uploads\/002-GDC-Sicile-Stylise-Entre-ciel-et-mer.jpg 1320w, https:\/\/panomadphotographie.net\/blog\/wp-content\/uploads\/002-GDC-Sicile-Stylise-Entre-ciel-et-mer-150x123.jpg 150w, https:\/\/panomadphotographie.net\/blog\/wp-content\/uploads\/002-GDC-Sicile-Stylise-Entre-ciel-et-mer-768x628.jpg 768w, https:\/\/panomadphotographie.net\/blog\/wp-content\/uploads\/002-GDC-Sicile-Stylise-Entre-ciel-et-mer-973x796.jpg 973w, https:\/\/panomadphotographie.net\/blog\/wp-content\/uploads\/002-GDC-Sicile-Stylise-Entre-ciel-et-mer-508x416.jpg 508w\" sizes=\"(max-width: 1320px) 100vw, 1320px\" \/><\/figure>\n\n\n\n<p><em>Elle n\u2019est pas encore arriv\u00e9e, mais d\u00e9j\u00e0 ailleurs. Le regard baiss\u00e9, absorb\u00e9e par un jeu de lettres, elle laisse filer le paysage par le hublot. La lumi\u00e8re teinte la cabine d\u2019une chaleur feutr\u00e9e.<\/em><\/p>\n\n\n\n<p>Dans cette sc\u00e8ne, tout para\u00eet immobile. Le silence int\u00e9rieur du vol s\u2019\u00e9tire, transformant le trajet en une <strong>exp\u00e9rience m\u00e9ditative<\/strong>. C\u2019est l\u2019image d\u2019un seuil : le dernier moment avant l\u2019arriv\u00e9e, avant que le voyage ne prenne corps.<\/p>\n\n\n\n<h3 class=\"wp-block-heading\">GDC-Sicile-2 &#8211; Photographie stylis\u00e9e Sicile &#8211; La t\u00eate de Maure<\/h3>\n\n\n\n<figure class=\"wp-block-image size-full\"><img decoding=\"async\" width=\"2560\" height=\"1920\" src=\"https:\/\/panomadphotographie.net\/blog\/wp-content\/uploads\/GDC-Sicile-2-scaled.webp\" alt=\"Testa di Moro stylis\u00e9e au coucher du soleil \u00e0 Taorminefacing the sea at sunset.\" class=\"wp-image-1626\" srcset=\"https:\/\/panomadphotographie.net\/blog\/wp-content\/uploads\/GDC-Sicile-2-scaled.webp 2560w, https:\/\/panomadphotographie.net\/blog\/wp-content\/uploads\/GDC-Sicile-2-150x113.webp 150w, https:\/\/panomadphotographie.net\/blog\/wp-content\/uploads\/GDC-Sicile-2-768x576.webp 768w, https:\/\/panomadphotographie.net\/blog\/wp-content\/uploads\/GDC-Sicile-2-1536x1152.webp 1536w, https:\/\/panomadphotographie.net\/blog\/wp-content\/uploads\/GDC-Sicile-2-2048x1536.webp 2048w, https:\/\/panomadphotographie.net\/blog\/wp-content\/uploads\/GDC-Sicile-2-973x730.webp 973w, https:\/\/panomadphotographie.net\/blog\/wp-content\/uploads\/GDC-Sicile-2-508x381.webp 508w\" sizes=\"(max-width: 2560px) 100vw, 2560px\" \/><figcaption class=\"wp-element-caption\">T\u00eate de Maure, fig\u00e9e face \u00e0 la mer  &#8211; entre l\u00e9gende et lumi\u00e8re sicilienne<\/figcaption><\/figure>\n\n\n\n<p><strong>T\u00eate de Maure, fig\u00e9e face \u00e0 la mer \u2013 entre l\u00e9gende et lumi\u00e8re sicilienne.<\/strong><\/p>\n\n\n\n<p>Elle tr\u00f4ne, seule, baign\u00e9e d\u2019or et de silence. Cette <em>Testa di Moro<\/em>, typique de la tradition sicilienne, se transforme ici en <strong>portrait m\u00e9diterran\u00e9en stylis\u00e9<\/strong>, presque mystique.<\/p>\n\n\n\n<p>La sc\u00e8ne, capt\u00e9e sur une terrasse de <strong>Taormine<\/strong> au coucher du soleil, semble suspendue comme un r\u00eave ancien :<\/p>\n\n\n\n<ul class=\"wp-block-list\">\n<li>La mer en arri\u00e8re-plan forme un horizon intemporel.<\/li>\n\n\n\n<li>Les lignes pures et la lumi\u00e8re picturale rappellent une peinture sacr\u00e9e.<\/li>\n\n\n\n<li>La c\u00e9ramique devient une relique, expos\u00e9e dans un th\u00e9\u00e2tre d\u2019ombres.<\/li>\n<\/ul>\n\n\n\n<p>Gr\u00e2ce \u00e0 la <strong>stylisation IA<\/strong>, la photographie originale se mue en <strong>ic\u00f4ne m\u00e9diterran\u00e9enne<\/strong>, oscillant entre l\u00e9gende et m\u00e9moire. Le regard fixe du Maure nous interpelle : ornement, vestige, ou messager silencieux d\u2019une <strong>Sicile \u00e9ternelle<\/strong> ?<\/p>\n\n\n\n<blockquote class=\"wp-block-quote is-layout-flow wp-block-quote-is-layout-flow\">\n<p>\ud83d\udccd Cette t\u00eate en c\u00e9ramique a \u00e9t\u00e9 photographi\u00e9e sur une terrasse de Taormine, juste avant le coucher du soleil.<\/p>\n<\/blockquote>\n\n\n\n<h3 class=\"wp-block-heading\">GDC &#8211; Sicile-3 &#8211; Photographie stylis\u00e9e Sicile &#8211; Seule dans la foule \u00e0 Catane.<\/h3>\n\n\n\n<figure class=\"wp-block-image size-full\"><img decoding=\"async\" width=\"2560\" height=\"1706\" src=\"https:\/\/panomadphotographie.net\/blog\/wp-content\/uploads\/004-GDC-Sicile-3-Seule-dans-la-foule-scaled.webp\" alt=\"March\u00e9 de la Pescheria Catane \u2013 photo stylis\u00e9e\" class=\"wp-image-1620\" srcset=\"https:\/\/panomadphotographie.net\/blog\/wp-content\/uploads\/004-GDC-Sicile-3-Seule-dans-la-foule-scaled.webp 2560w, https:\/\/panomadphotographie.net\/blog\/wp-content\/uploads\/004-GDC-Sicile-3-Seule-dans-la-foule-150x100.webp 150w, https:\/\/panomadphotographie.net\/blog\/wp-content\/uploads\/004-GDC-Sicile-3-Seule-dans-la-foule-768x512.webp 768w, https:\/\/panomadphotographie.net\/blog\/wp-content\/uploads\/004-GDC-Sicile-3-Seule-dans-la-foule-1536x1024.webp 1536w, https:\/\/panomadphotographie.net\/blog\/wp-content\/uploads\/004-GDC-Sicile-3-Seule-dans-la-foule-2048x1365.webp 2048w, https:\/\/panomadphotographie.net\/blog\/wp-content\/uploads\/004-GDC-Sicile-3-Seule-dans-la-foule-973x649.webp 973w, https:\/\/panomadphotographie.net\/blog\/wp-content\/uploads\/004-GDC-Sicile-3-Seule-dans-la-foule-508x339.webp 508w\" sizes=\"(max-width: 2560px) 100vw, 2560px\" \/><figcaption class=\"wp-element-caption\">Au centre de la Pescheria de Catane, une silhouette immobile au c\u0153ur du tumulte.<\/figcaption><\/figure>\n\n\n\n<p>Le march\u00e9 bat son plein : bruits, odeurs, couleurs satur\u00e9es. Les cris des vendeurs se m\u00ealent au cliquetis des \u00e9tals. Et pourtant, au milieu de cette effervescence, <strong>elle se tient seule, immobile, \u00e9trang\u00e8re \u00e0 l\u2019agitation<\/strong>.<\/p>\n\n\n\n<p>La foule la contourne sans la voir. Elle observe\u2026 ou s\u2019abandonne peut-\u00eatre \u00e0 ce chaos sonore, en retrait, comme si elle n\u2019en faisait pas partie.<\/p>\n\n\n\n<p>Photographi\u00e9e \u00e0 la <strong>Pescheria de Catania<\/strong>, l\u2019un des march\u00e9s les plus anim\u00e9s de Sicile, l\u2019image a \u00e9t\u00e9 <strong>stylis\u00e9e avec un traitement pictural dense<\/strong> :<\/p>\n\n\n\n<ul class=\"wp-block-list\">\n<li>tons sourds et ombres \u00e9paisses,<\/li>\n\n\n\n<li>\u00e9clats dor\u00e9s \u00e9touff\u00e9s,<\/li>\n\n\n\n<li>textures granuleuses rappelant un tableau ancien.<\/li>\n<\/ul>\n\n\n\n<p>Ici, comme souvent chez <strong>De Chirico<\/strong>, l\u2019\u00e9tranget\u00e9 ne na\u00eet pas du d\u00e9cor, mais du contraste entre mouvement et immobilit\u00e9. Cette solitude au milieu de la foule devient une \u00e9nigme visuelle, un moment suspendu o\u00f9 l\u2019individu \u00e9chappe \u00e0 la collectivit\u00e9.<\/p>\n\n\n\n<h3 class=\"wp-block-heading\">GDC-Sicile-4 \u2013 Photographie stylis\u00e9e Sicile &#8211; Face au volcan.<\/h3>\n\n\n\n<figure class=\"wp-block-image size-full\"><img decoding=\"async\" width=\"2560\" height=\"1920\" src=\"https:\/\/panomadphotographie.net\/blog\/wp-content\/uploads\/005-GDC-Sicile-5-scaled.webp\" alt=\"Etna Sicile \u2013 photographie artistique stylis\u00e9e\" class=\"wp-image-1622\" srcset=\"https:\/\/panomadphotographie.net\/blog\/wp-content\/uploads\/005-GDC-Sicile-5-scaled.webp 2560w, https:\/\/panomadphotographie.net\/blog\/wp-content\/uploads\/005-GDC-Sicile-5-150x113.webp 150w, https:\/\/panomadphotographie.net\/blog\/wp-content\/uploads\/005-GDC-Sicile-5-768x576.webp 768w, https:\/\/panomadphotographie.net\/blog\/wp-content\/uploads\/005-GDC-Sicile-5-1536x1152.webp 1536w, https:\/\/panomadphotographie.net\/blog\/wp-content\/uploads\/005-GDC-Sicile-5-2048x1536.webp 2048w, https:\/\/panomadphotographie.net\/blog\/wp-content\/uploads\/005-GDC-Sicile-5-973x730.webp 973w, https:\/\/panomadphotographie.net\/blog\/wp-content\/uploads\/005-GDC-Sicile-5-508x381.webp 508w\" sizes=\"(max-width: 2560px) 100vw, 2560px\" \/><figcaption class=\"wp-element-caption\">Face \u00e0 l\u2019Etna, elle observe non pas la montagne<\/figcaption><\/figure>\n\n\n\n<p>Face \u00e0 l\u2019Etna, elle observe non pas la montagne\u2026 mais une pierre.<\/p>\n\n\n\n<p>Le volcan, immense, majestueux, presque mena\u00e7ant, occupe la moiti\u00e9 de la composition. Et pourtant, tout se joue dans ce geste minuscule : une femme, concentr\u00e9e sur un \u00e9clat min\u00e9ral ramass\u00e9 au sol.<\/p>\n\n\n\n<p>Cette <strong>photographie stylis\u00e9e Sicile<\/strong> joue sur la tension entre l\u2019infime et l\u2019immense :<\/p>\n\n\n\n<ul class=\"wp-block-list\">\n<li>l\u2019histoire intime que l\u2019on tient dans la main,<\/li>\n\n\n\n<li>la m\u00e9moire tellurique inscrite dans la roche volcanique,<\/li>\n\n\n\n<li>la fragilit\u00e9 humaine face \u00e0 l\u2019\u00e9ternit\u00e9 du paysage.<\/li>\n<\/ul>\n\n\n\n<p>Le cadrage pictural, avec ses diagonales naturelles et sa lumi\u00e8re dor\u00e9e du soir, met en sc\u00e8ne la pr\u00e9sence humaine comme une discr\u00e8te note de passage au sein d\u2019un d\u00e9cor monumental.<\/p>\n\n\n\n<h3 class=\"wp-block-heading\">GDR-Sicile-5 &#8211; Photographie stylis\u00e9e Sicile &#8211; Ombres sur Stromboli<\/h3>\n\n\n\n<figure class=\"wp-block-image size-full\"><img decoding=\"async\" width=\"1536\" height=\"1024\" src=\"https:\/\/panomadphotographie.net\/blog\/wp-content\/uploads\/GDR-Sicile-5.jpg\" alt=\"Photographie stylis\u00e9e Sicile \u2013 atmosph\u00e8re m\u00e9diterran\u00e9enne\" class=\"wp-image-1629\" srcset=\"https:\/\/panomadphotographie.net\/blog\/wp-content\/uploads\/GDR-Sicile-5.jpg 1536w, https:\/\/panomadphotographie.net\/blog\/wp-content\/uploads\/GDR-Sicile-5-150x100.jpg 150w, https:\/\/panomadphotographie.net\/blog\/wp-content\/uploads\/GDR-Sicile-5-768x512.jpg 768w, https:\/\/panomadphotographie.net\/blog\/wp-content\/uploads\/GDR-Sicile-5-973x649.jpg 973w, https:\/\/panomadphotographie.net\/blog\/wp-content\/uploads\/GDR-Sicile-5-508x339.jpg 508w\" sizes=\"(max-width: 1536px) 100vw, 1536px\" \/><figcaption class=\"wp-element-caption\">Sur une plage de Sicile, seule face au vent et \u00e0 la lumi\u00e8re tombante.<\/figcaption><\/figure>\n\n\n\n<p>Sur une plage de Sicile, seule face au vent et \u00e0 la lumi\u00e8re tombante.<\/p>\n\n\n\n<p>Le sable volcanique est noir, la lumi\u00e8re tranchante, et les ombres s\u2019\u00e9tirent comme des souvenirs. La sc\u00e8ne se d\u00e9roule sur l\u2019\u00eele de Stromboli, dans ce lieu presque irr\u00e9el o\u00f9 la pierre volcanique rencontre l\u2019horizon marin.<\/p>\n\n\n\n<p>Cette <strong>photographie stylis\u00e9e Sicile<\/strong> capte ce contraste saisissant :<\/p>\n\n\n\n<ul class=\"wp-block-list\">\n<li>l\u2019ombre port\u00e9e intense qui divise l\u2019espace,<\/li>\n\n\n\n<li>le b\u00e2timent blanc isol\u00e9 comme une apparition,<\/li>\n\n\n\n<li>les silhouettes minuscules \u00e0 l\u2019arri\u00e8re-plan qui redonnent une \u00e9chelle humaine.<\/li>\n<\/ul>\n\n\n\n<p>Tout est question de perception. Le lieu est grandiose, mais la sc\u00e8ne reste intime, presque banale \u2014 comme si l\u2019infini se laissait approcher dans un instant suspendu.<\/p>\n\n\n\n<h3 class=\"wp-block-heading\">GDC-Sicile-6 \u2013 Photographie stylis\u00e9e Sicile \u2013 M\u00e9ditation volcanique<\/h3>\n\n\n\n<figure class=\"wp-block-image size-full\"><img decoding=\"async\" width=\"1536\" height=\"1024\" src=\"https:\/\/panomadphotographie.net\/blog\/wp-content\/uploads\/GDC-Sicile-6.webp\" alt=\"photographies stylis\u00e9es  Sicile. Femme assise en tailleur sur un quai, face \u00e0 Strombolicchio au coucher du soleil, en Sicile. Woman sitting cross-legged on a pier, facing Strombolicchio at sunset in Sicily.\" class=\"wp-image-1631\" srcset=\"https:\/\/panomadphotographie.net\/blog\/wp-content\/uploads\/GDC-Sicile-6.webp 1536w, https:\/\/panomadphotographie.net\/blog\/wp-content\/uploads\/GDC-Sicile-6-150x100.webp 150w, https:\/\/panomadphotographie.net\/blog\/wp-content\/uploads\/GDC-Sicile-6-768x512.webp 768w, https:\/\/panomadphotographie.net\/blog\/wp-content\/uploads\/GDC-Sicile-6-973x649.webp 973w, https:\/\/panomadphotographie.net\/blog\/wp-content\/uploads\/GDC-Sicile-6-508x339.webp 508w\" sizes=\"(max-width: 1536px) 100vw, 1536px\" \/><figcaption class=\"wp-element-caption\">Face \u00e0 Strombolicchio, suspendue entre mer, ciel et silence.<\/figcaption><\/figure>\n\n\n\n<p>Face \u00e0 Strombolicchio, suspendue entre mer, ciel et silence.<\/p>\n\n\n\n<p>La silhouette est calme, presque fig\u00e9e dans l\u2019instant. Assise en tailleur au bout d\u2019une digue, elle fait face \u00e0 l\u2019horizon. Au loin, l\u2019\u00eele de Strombolicchio se d\u00e9coupe dans la lumi\u00e8re dor\u00e9e du soir.<\/p>\n\n\n\n<p>Dans cette <strong>photographie stylis\u00e9e Sicile<\/strong>, tout est g\u00e9om\u00e9trie et silence :<\/p>\n\n\n\n<ul class=\"wp-block-list\">\n<li>la sym\u00e9trie du quai,<\/li>\n\n\n\n<li>la ligne nette de l\u2019horizon,<\/li>\n\n\n\n<li>les six bittes d\u2019amarrage comme des sentinelles immobiles.<\/li>\n<\/ul>\n\n\n\n<p>Le personnage, de dos, m\u00e9dite ou attend. Son immobilit\u00e9 devient une r\u00e9ponse \u00e0 l\u2019immensit\u00e9.<\/p>\n\n\n\n<p>Cette image cl\u00f4t la s\u00e9rie sur une note suspendue : ni d\u00e9part, ni arriv\u00e9e. Juste un point fixe dans le flux. Une respiration. Un adieu peut-\u00eatre. Ou l\u2019inverse.<\/p>\n\n\n\n<h2 class=\"wp-block-heading\"><strong>Conclusion : GDC \u2013 Photographies stylis\u00e9es Sicile &#8211; G\u00e9ographie d\u2019un d\u00e9placement contrari\u00e9<\/strong><\/h2>\n\n\n\n<p>Cette s\u00e9rie de <strong>photographies stylis\u00e9es Sicile<\/strong> n\u2019est pas un simple carnet de voyage : elle explore l\u2019espace entre m\u00e9moire et imaginaire, entre instant r\u00e9el et transformation artistique. Inspir\u00e9es par l\u2019univers m\u00e9taphysique de Giorgio De Chirico, ces images invitent \u00e0 regarder la Sicile autrement \u2013 non pas seulement comme une destination, mais comme un terrain d\u2019exp\u00e9rimentation visuelle et po\u00e9tique.<\/p>\n\n\n\n<p>Qu\u2019il s\u2019agisse de la solitude int\u00e9rieure d\u2019un vol, de la T\u00eate de Maure face \u00e0 la mer, d\u2019une silhouette immobile dans la foule de Catane ou d\u2019un fragment de pierre sur les flancs de l\u2019Etna, chaque photographie stylis\u00e9e raconte une histoire suspendue.<\/p>\n\n\n\n<p>Ces <strong>photographies stylis\u00e9es en Sicile<\/strong> ouvrent un dialogue entre art, voyage et m\u00e9moire. Elles rappellent que la puissance d\u2019une image ne r\u00e9side pas seulement dans ce qu\u2019elle montre, mais aussi dans ce qu\u2019elle sugg\u00e8re.<\/p>\n\n\n\n<p>\ud83c\udfa8 Cette s\u00e9rie fait partie de ma d\u00e9marche artistique personnelle. Vous pouvez d\u00e9couvrir d\u2019autres projets visuels, comme les <a>Photographies stylis\u00e9es \u00e0 Oia<\/a>, pour prolonger ce voyage m\u00e9taphysique en M\u00e9diterran\u00e9e.<\/p>\n\n\n\n<p>\ud83d\udce9 Pour toute collaboration ou acquisition de tirage, <a>me contacter directement ici<\/a>.<\/p>\n\n\n\n<p><\/p>\n\n\n\n<p><\/p>\n\n\n\n<p><\/p>\n","protected":false},"excerpt":{"rendered":"<p>Photographies stylis\u00e9es Sicile \u2013 Entre voyage r\u00e9el et imaginaire, cette s\u00e9rie photographique rend hommage \u00e0 la beaut\u00e9 m\u00e9diterran\u00e9enne tout en s\u2019inspirant de l\u2019univers m\u00e9taphysique de Giorgio De Chirico&#8230;.<\/p>\n","protected":false},"author":1,"featured_media":1611,"comment_status":"closed","ping_status":"closed","sticky":false,"template":"","format":"standard","meta":{"footnotes":""},"categories":[4],"tags":[],"class_list":["post-1609","post","type-post","status-publish","format-standard","has-post-thumbnail","hentry","category-photographe-voyage"],"yoast_head":"<!-- This site is optimized with the Yoast SEO plugin v27.2 - https:\/\/yoast.com\/product\/yoast-seo-wordpress\/ -->\n<title>photographies stylis\u00e9es Sicile<\/title>\n<meta name=\"description\" content=\"Photographies stylis\u00e9es Sicile, issues d\u2019un voyage en Sicile. Entre peinture, r\u00eave et intelligence artificielle.\" \/>\n<meta name=\"robots\" content=\"index, follow, max-snippet:-1, max-image-preview:large, max-video-preview:-1\" \/>\n<link rel=\"canonical\" href=\"https:\/\/panomadphotographie.net\/blog\/photographies-stylisees-sicile\/\" \/>\n<meta property=\"og:locale\" content=\"fr_FR\" \/>\n<meta property=\"og:type\" content=\"article\" \/>\n<meta property=\"og:title\" content=\"photographies stylis\u00e9es Sicile\" \/>\n<meta property=\"og:description\" content=\"Photographies stylis\u00e9es Sicile, issues d\u2019un voyage en Sicile. Entre peinture, r\u00eave et intelligence artificielle.\" \/>\n<meta property=\"og:url\" content=\"https:\/\/panomadphotographie.net\/blog\/photographies-stylisees-sicile\/\" \/>\n<meta property=\"og:site_name\" content=\"PANOMAD\" \/>\n<meta property=\"article:publisher\" content=\"https:\/\/www.facebook.com\/panomadphotographie\/\" \/>\n<meta property=\"article:published_time\" content=\"2025-07-13T15:36:42+00:00\" \/>\n<meta property=\"article:modified_time\" content=\"2025-08-23T20:05:11+00:00\" \/>\n<meta property=\"og:image\" content=\"https:\/\/panomadphotographie.net\/blog\/wp-content\/uploads\/001-GDC-Sicile-Stylise-Hero.webp\" \/>\n\t<meta property=\"og:image:width\" content=\"1620\" \/>\n\t<meta property=\"og:image:height\" content=\"1080\" \/>\n\t<meta property=\"og:image:type\" content=\"image\/webp\" \/>\n<meta name=\"author\" content=\"pfs.panomad@gmail.com\" \/>\n<meta name=\"twitter:card\" content=\"summary_large_image\" \/>\n<meta name=\"twitter:label1\" content=\"\u00c9crit par\" \/>\n\t<meta name=\"twitter:data1\" content=\"pfs.panomad@gmail.com\" \/>\n\t<meta name=\"twitter:label2\" content=\"Dur\u00e9e de lecture estim\u00e9e\" \/>\n\t<meta name=\"twitter:data2\" content=\"8 minutes\" \/>\n<script type=\"application\/ld+json\" class=\"yoast-schema-graph\">{\"@context\":\"https:\/\/schema.org\",\"@graph\":[{\"@type\":\"Article\",\"@id\":\"https:\/\/panomadphotographie.net\/blog\/photographies-stylisees-sicile\/#article\",\"isPartOf\":{\"@id\":\"https:\/\/panomadphotographie.net\/blog\/photographies-stylisees-sicile\/\"},\"author\":{\"name\":\"pfs.panomad@gmail.com\",\"@id\":\"https:\/\/panomadphotographie.net\/blog\/#\/schema\/person\/c09ce91d646762071cbe2c4011e3fbfa\"},\"headline\":\"Photographies stylis\u00e9es Sicile.\",\"datePublished\":\"2025-07-13T15:36:42+00:00\",\"dateModified\":\"2025-08-23T20:05:11+00:00\",\"mainEntityOfPage\":{\"@id\":\"https:\/\/panomadphotographie.net\/blog\/photographies-stylisees-sicile\/\"},\"wordCount\":1390,\"publisher\":{\"@id\":\"https:\/\/panomadphotographie.net\/blog\/#organization\"},\"image\":{\"@id\":\"https:\/\/panomadphotographie.net\/blog\/photographies-stylisees-sicile\/#primaryimage\"},\"thumbnailUrl\":\"https:\/\/panomadphotographie.net\/blog\/wp-content\/uploads\/001-GDC-Sicile-Stylise-Hero.webp\",\"articleSection\":[\"Voyage &amp; d\u00e9couverte\"],\"inLanguage\":\"fr-FR\"},{\"@type\":\"WebPage\",\"@id\":\"https:\/\/panomadphotographie.net\/blog\/photographies-stylisees-sicile\/\",\"url\":\"https:\/\/panomadphotographie.net\/blog\/photographies-stylisees-sicile\/\",\"name\":\"photographies stylis\u00e9es Sicile\",\"isPartOf\":{\"@id\":\"https:\/\/panomadphotographie.net\/blog\/#website\"},\"primaryImageOfPage\":{\"@id\":\"https:\/\/panomadphotographie.net\/blog\/photographies-stylisees-sicile\/#primaryimage\"},\"image\":{\"@id\":\"https:\/\/panomadphotographie.net\/blog\/photographies-stylisees-sicile\/#primaryimage\"},\"thumbnailUrl\":\"https:\/\/panomadphotographie.net\/blog\/wp-content\/uploads\/001-GDC-Sicile-Stylise-Hero.webp\",\"datePublished\":\"2025-07-13T15:36:42+00:00\",\"dateModified\":\"2025-08-23T20:05:11+00:00\",\"description\":\"Photographies stylis\u00e9es Sicile, issues d\u2019un voyage en Sicile. Entre peinture, r\u00eave et intelligence artificielle.\",\"breadcrumb\":{\"@id\":\"https:\/\/panomadphotographie.net\/blog\/photographies-stylisees-sicile\/#breadcrumb\"},\"inLanguage\":\"fr-FR\",\"potentialAction\":[{\"@type\":\"ReadAction\",\"target\":[\"https:\/\/panomadphotographie.net\/blog\/photographies-stylisees-sicile\/\"]}]},{\"@type\":\"ImageObject\",\"inLanguage\":\"fr-FR\",\"@id\":\"https:\/\/panomadphotographie.net\/blog\/photographies-stylisees-sicile\/#primaryimage\",\"url\":\"https:\/\/panomadphotographie.net\/blog\/wp-content\/uploads\/001-GDC-Sicile-Stylise-Hero.webp\",\"contentUrl\":\"https:\/\/panomadphotographie.net\/blog\/wp-content\/uploads\/001-GDC-Sicile-Stylise-Hero.webp\",\"width\":1620,\"height\":1080,\"caption\":\"Un chat immobile dans l\u2019ombre, encadr\u00e9 par une arche orientale, observe une sc\u00e8ne baign\u00e9e de lumi\u00e8re. Cette composition recr\u00e9e un espace suspendu entre deux mondes \u2014 int\u00e9rieur silencieux, ext\u00e9rieur \u00e9nigmatique \u2014 o\u00f9 l\u2019architecture devient d\u00e9cor mental. A motionless cat in the shadows, framed by an arched window, gazes at a sunlit scene. This composition evokes a suspended space between two worlds \u2014 a quiet interior, a mysterious exterior \u2014 where architecture becomes a stage for introspection.\"},{\"@type\":\"BreadcrumbList\",\"@id\":\"https:\/\/panomadphotographie.net\/blog\/photographies-stylisees-sicile\/#breadcrumb\",\"itemListElement\":[{\"@type\":\"ListItem\",\"position\":1,\"name\":\"Accueil\",\"item\":\"https:\/\/panomadphotographie.net\/blog\/\"},{\"@type\":\"ListItem\",\"position\":2,\"name\":\"Photographies stylis\u00e9es Sicile.\"}]},{\"@type\":\"WebSite\",\"@id\":\"https:\/\/panomadphotographie.net\/blog\/#website\",\"url\":\"https:\/\/panomadphotographie.net\/blog\/\",\"name\":\"panomadphotogrpahie\",\"description\":\"Phtographie\",\"publisher\":{\"@id\":\"https:\/\/panomadphotographie.net\/blog\/#organization\"},\"potentialAction\":[{\"@type\":\"SearchAction\",\"target\":{\"@type\":\"EntryPoint\",\"urlTemplate\":\"https:\/\/panomadphotographie.net\/blog\/?s={search_term_string}\"},\"query-input\":{\"@type\":\"PropertyValueSpecification\",\"valueRequired\":true,\"valueName\":\"search_term_string\"}}],\"inLanguage\":\"fr-FR\"},{\"@type\":\"Organization\",\"@id\":\"https:\/\/panomadphotographie.net\/blog\/#organization\",\"name\":\"panomad photographie\",\"url\":\"https:\/\/panomadphotographie.net\/blog\/\",\"logo\":{\"@type\":\"ImageObject\",\"inLanguage\":\"fr-FR\",\"@id\":\"https:\/\/panomadphotographie.net\/blog\/#\/schema\/logo\/image\/\",\"url\":\"https:\/\/panomadphotographie.net\/blog\/wp-content\/uploads\/cropped-ChatGPT-Image-9-dec.-2025-00_29_22.png\",\"contentUrl\":\"https:\/\/panomadphotographie.net\/blog\/wp-content\/uploads\/cropped-ChatGPT-Image-9-dec.-2025-00_29_22.png\",\"width\":1024,\"height\":768,\"caption\":\"panomad photographie\"},\"image\":{\"@id\":\"https:\/\/panomadphotographie.net\/blog\/#\/schema\/logo\/image\/\"},\"sameAs\":[\"https:\/\/www.facebook.com\/panomadphotographie\/\",\"https:\/\/www.linkedin.com\/in\/panomadphotographie\/\"]},{\"@type\":\"Person\",\"@id\":\"https:\/\/panomadphotographie.net\/blog\/#\/schema\/person\/c09ce91d646762071cbe2c4011e3fbfa\",\"name\":\"pfs.panomad@gmail.com\",\"image\":{\"@type\":\"ImageObject\",\"inLanguage\":\"fr-FR\",\"@id\":\"https:\/\/secure.gravatar.com\/avatar\/94cb0ece4106ebb1937fc341f90bceeb3abca5b76c465cad6e6971d0a394098e?s=96&d=mm&r=g\",\"url\":\"https:\/\/secure.gravatar.com\/avatar\/94cb0ece4106ebb1937fc341f90bceeb3abca5b76c465cad6e6971d0a394098e?s=96&d=mm&r=g\",\"contentUrl\":\"https:\/\/secure.gravatar.com\/avatar\/94cb0ece4106ebb1937fc341f90bceeb3abca5b76c465cad6e6971d0a394098e?s=96&d=mm&r=g\",\"caption\":\"pfs.panomad@gmail.com\"},\"sameAs\":[\"https:\/\/book.panomadphotographie.net\"]}]}<\/script>\n<!-- \/ Yoast SEO plugin. -->","yoast_head_json":{"title":"photographies stylis\u00e9es Sicile","description":"Photographies stylis\u00e9es Sicile, issues d\u2019un voyage en Sicile. Entre peinture, r\u00eave et intelligence artificielle.","robots":{"index":"index","follow":"follow","max-snippet":"max-snippet:-1","max-image-preview":"max-image-preview:large","max-video-preview":"max-video-preview:-1"},"canonical":"https:\/\/panomadphotographie.net\/blog\/photographies-stylisees-sicile\/","og_locale":"fr_FR","og_type":"article","og_title":"photographies stylis\u00e9es Sicile","og_description":"Photographies stylis\u00e9es Sicile, issues d\u2019un voyage en Sicile. Entre peinture, r\u00eave et intelligence artificielle.","og_url":"https:\/\/panomadphotographie.net\/blog\/photographies-stylisees-sicile\/","og_site_name":"PANOMAD","article_publisher":"https:\/\/www.facebook.com\/panomadphotographie\/","article_published_time":"2025-07-13T15:36:42+00:00","article_modified_time":"2025-08-23T20:05:11+00:00","og_image":[{"width":1620,"height":1080,"url":"https:\/\/panomadphotographie.net\/blog\/wp-content\/uploads\/001-GDC-Sicile-Stylise-Hero.webp","type":"image\/webp"}],"author":"pfs.panomad@gmail.com","twitter_card":"summary_large_image","twitter_misc":{"\u00c9crit par":"pfs.panomad@gmail.com","Dur\u00e9e de lecture estim\u00e9e":"8 minutes"},"schema":{"@context":"https:\/\/schema.org","@graph":[{"@type":"Article","@id":"https:\/\/panomadphotographie.net\/blog\/photographies-stylisees-sicile\/#article","isPartOf":{"@id":"https:\/\/panomadphotographie.net\/blog\/photographies-stylisees-sicile\/"},"author":{"name":"pfs.panomad@gmail.com","@id":"https:\/\/panomadphotographie.net\/blog\/#\/schema\/person\/c09ce91d646762071cbe2c4011e3fbfa"},"headline":"Photographies stylis\u00e9es Sicile.","datePublished":"2025-07-13T15:36:42+00:00","dateModified":"2025-08-23T20:05:11+00:00","mainEntityOfPage":{"@id":"https:\/\/panomadphotographie.net\/blog\/photographies-stylisees-sicile\/"},"wordCount":1390,"publisher":{"@id":"https:\/\/panomadphotographie.net\/blog\/#organization"},"image":{"@id":"https:\/\/panomadphotographie.net\/blog\/photographies-stylisees-sicile\/#primaryimage"},"thumbnailUrl":"https:\/\/panomadphotographie.net\/blog\/wp-content\/uploads\/001-GDC-Sicile-Stylise-Hero.webp","articleSection":["Voyage &amp; d\u00e9couverte"],"inLanguage":"fr-FR"},{"@type":"WebPage","@id":"https:\/\/panomadphotographie.net\/blog\/photographies-stylisees-sicile\/","url":"https:\/\/panomadphotographie.net\/blog\/photographies-stylisees-sicile\/","name":"photographies stylis\u00e9es Sicile","isPartOf":{"@id":"https:\/\/panomadphotographie.net\/blog\/#website"},"primaryImageOfPage":{"@id":"https:\/\/panomadphotographie.net\/blog\/photographies-stylisees-sicile\/#primaryimage"},"image":{"@id":"https:\/\/panomadphotographie.net\/blog\/photographies-stylisees-sicile\/#primaryimage"},"thumbnailUrl":"https:\/\/panomadphotographie.net\/blog\/wp-content\/uploads\/001-GDC-Sicile-Stylise-Hero.webp","datePublished":"2025-07-13T15:36:42+00:00","dateModified":"2025-08-23T20:05:11+00:00","description":"Photographies stylis\u00e9es Sicile, issues d\u2019un voyage en Sicile. Entre peinture, r\u00eave et intelligence artificielle.","breadcrumb":{"@id":"https:\/\/panomadphotographie.net\/blog\/photographies-stylisees-sicile\/#breadcrumb"},"inLanguage":"fr-FR","potentialAction":[{"@type":"ReadAction","target":["https:\/\/panomadphotographie.net\/blog\/photographies-stylisees-sicile\/"]}]},{"@type":"ImageObject","inLanguage":"fr-FR","@id":"https:\/\/panomadphotographie.net\/blog\/photographies-stylisees-sicile\/#primaryimage","url":"https:\/\/panomadphotographie.net\/blog\/wp-content\/uploads\/001-GDC-Sicile-Stylise-Hero.webp","contentUrl":"https:\/\/panomadphotographie.net\/blog\/wp-content\/uploads\/001-GDC-Sicile-Stylise-Hero.webp","width":1620,"height":1080,"caption":"Un chat immobile dans l\u2019ombre, encadr\u00e9 par une arche orientale, observe une sc\u00e8ne baign\u00e9e de lumi\u00e8re. Cette composition recr\u00e9e un espace suspendu entre deux mondes \u2014 int\u00e9rieur silencieux, ext\u00e9rieur \u00e9nigmatique \u2014 o\u00f9 l\u2019architecture devient d\u00e9cor mental. A motionless cat in the shadows, framed by an arched window, gazes at a sunlit scene. This composition evokes a suspended space between two worlds \u2014 a quiet interior, a mysterious exterior \u2014 where architecture becomes a stage for introspection."},{"@type":"BreadcrumbList","@id":"https:\/\/panomadphotographie.net\/blog\/photographies-stylisees-sicile\/#breadcrumb","itemListElement":[{"@type":"ListItem","position":1,"name":"Accueil","item":"https:\/\/panomadphotographie.net\/blog\/"},{"@type":"ListItem","position":2,"name":"Photographies stylis\u00e9es Sicile."}]},{"@type":"WebSite","@id":"https:\/\/panomadphotographie.net\/blog\/#website","url":"https:\/\/panomadphotographie.net\/blog\/","name":"panomadphotogrpahie","description":"Phtographie","publisher":{"@id":"https:\/\/panomadphotographie.net\/blog\/#organization"},"potentialAction":[{"@type":"SearchAction","target":{"@type":"EntryPoint","urlTemplate":"https:\/\/panomadphotographie.net\/blog\/?s={search_term_string}"},"query-input":{"@type":"PropertyValueSpecification","valueRequired":true,"valueName":"search_term_string"}}],"inLanguage":"fr-FR"},{"@type":"Organization","@id":"https:\/\/panomadphotographie.net\/blog\/#organization","name":"panomad photographie","url":"https:\/\/panomadphotographie.net\/blog\/","logo":{"@type":"ImageObject","inLanguage":"fr-FR","@id":"https:\/\/panomadphotographie.net\/blog\/#\/schema\/logo\/image\/","url":"https:\/\/panomadphotographie.net\/blog\/wp-content\/uploads\/cropped-ChatGPT-Image-9-dec.-2025-00_29_22.png","contentUrl":"https:\/\/panomadphotographie.net\/blog\/wp-content\/uploads\/cropped-ChatGPT-Image-9-dec.-2025-00_29_22.png","width":1024,"height":768,"caption":"panomad photographie"},"image":{"@id":"https:\/\/panomadphotographie.net\/blog\/#\/schema\/logo\/image\/"},"sameAs":["https:\/\/www.facebook.com\/panomadphotographie\/","https:\/\/www.linkedin.com\/in\/panomadphotographie\/"]},{"@type":"Person","@id":"https:\/\/panomadphotographie.net\/blog\/#\/schema\/person\/c09ce91d646762071cbe2c4011e3fbfa","name":"pfs.panomad@gmail.com","image":{"@type":"ImageObject","inLanguage":"fr-FR","@id":"https:\/\/secure.gravatar.com\/avatar\/94cb0ece4106ebb1937fc341f90bceeb3abca5b76c465cad6e6971d0a394098e?s=96&d=mm&r=g","url":"https:\/\/secure.gravatar.com\/avatar\/94cb0ece4106ebb1937fc341f90bceeb3abca5b76c465cad6e6971d0a394098e?s=96&d=mm&r=g","contentUrl":"https:\/\/secure.gravatar.com\/avatar\/94cb0ece4106ebb1937fc341f90bceeb3abca5b76c465cad6e6971d0a394098e?s=96&d=mm&r=g","caption":"pfs.panomad@gmail.com"},"sameAs":["https:\/\/book.panomadphotographie.net"]}]}},"_links":{"self":[{"href":"https:\/\/panomadphotographie.net\/blog\/wp-json\/wp\/v2\/posts\/1609","targetHints":{"allow":["GET"]}}],"collection":[{"href":"https:\/\/panomadphotographie.net\/blog\/wp-json\/wp\/v2\/posts"}],"about":[{"href":"https:\/\/panomadphotographie.net\/blog\/wp-json\/wp\/v2\/types\/post"}],"author":[{"embeddable":true,"href":"https:\/\/panomadphotographie.net\/blog\/wp-json\/wp\/v2\/users\/1"}],"replies":[{"embeddable":true,"href":"https:\/\/panomadphotographie.net\/blog\/wp-json\/wp\/v2\/comments?post=1609"}],"version-history":[{"count":0,"href":"https:\/\/panomadphotographie.net\/blog\/wp-json\/wp\/v2\/posts\/1609\/revisions"}],"wp:featuredmedia":[{"embeddable":true,"href":"https:\/\/panomadphotographie.net\/blog\/wp-json\/wp\/v2\/media\/1611"}],"wp:attachment":[{"href":"https:\/\/panomadphotographie.net\/blog\/wp-json\/wp\/v2\/media?parent=1609"}],"wp:term":[{"taxonomy":"category","embeddable":true,"href":"https:\/\/panomadphotographie.net\/blog\/wp-json\/wp\/v2\/categories?post=1609"},{"taxonomy":"post_tag","embeddable":true,"href":"https:\/\/panomadphotographie.net\/blog\/wp-json\/wp\/v2\/tags?post=1609"}],"curies":[{"name":"wp","href":"https:\/\/api.w.org\/{rel}","templated":true}]}}