{"id":1440,"date":"2025-06-07T20:52:56","date_gmt":"2025-06-07T18:52:56","guid":{"rendered":"https:\/\/panomadphotographie.net\/blog\/?p=1440"},"modified":"2025-07-21T20:23:37","modified_gmt":"2025-07-21T18:23:37","slug":"balade-nature-marseille-saint-pons","status":"publish","type":"post","link":"https:\/\/panomadphotographie.net\/blog\/balade-nature-marseille-saint-pons\/","title":{"rendered":"Balade nature pr\u00e8s de Marseille &#8211; la vall\u00e9e saint-pons"},"content":{"rendered":"\n<h2 class=\"wp-block-heading\">Envie de fra\u00eecheur, de verdure et de calme \u00e0 deux pas de Marseille ? \ud83d\udeeb\ufe0f\ud83c\udf33<\/h2>\n\n\n\n<p>Cette balade nature pr\u00e8s de Marseille est parfaite pour s\u2019\u00e9vader quelques heures.<\/p>\n\n\n\n<p>Pose ton sac, respire un coup : la vall\u00e9e de Saint-Pons, \u00e0 G\u00e9menos, t\u2019attend pour une vraie pause nature sans quitter la Provence. Connue des locaux, souvent oubli\u00e9e par les voyageurs, cette balade te plonge dans une ambiance paisible entre for\u00eat, cascades, ruines et sons d\u2019eau. Une parenth\u00e8se id\u00e9ale pour ceux qui veulent d\u00e9connecter sans partir loin.<\/p>\n\n\n\n<p>Que tu sois en mode slow tourisme, balade solo, parent en gal\u00e8re d\u2019id\u00e9e ou juste photographe de l\u2019instant\u2026 cette vall\u00e9e a de quoi te rebooster le karma.<\/p>\n\n\n\n<h2 class=\"wp-block-heading\">Pourquoi visiter la vall\u00e9e de Saint-Pons ?<\/h2>\n\n\n\n<figure class=\"wp-block-image size-large\"><img width=\"1024\" height=\"683\" src=\"https:\/\/panomadphotographie.net\/blog\/wp-content\/uploads\/2025\/06\/pont-vallee-saint-pons-1024x683.webp\" alt=\"\" class=\"wp-image-1461\" fetchpriority=\"high\" decoding=\"async\" srcset=\"https:\/\/panomadphotographie.net\/blog\/wp-content\/uploads\/2025\/06\/pont-vallee-saint-pons-1024x683.webp 1024w, https:\/\/panomadphotographie.net\/blog\/wp-content\/uploads\/2025\/06\/pont-vallee-saint-pons-300x200.webp 300w, https:\/\/panomadphotographie.net\/blog\/wp-content\/uploads\/2025\/06\/pont-vallee-saint-pons-768x512.webp 768w, https:\/\/panomadphotographie.net\/blog\/wp-content\/uploads\/2025\/06\/pont-vallee-saint-pons-973x649.webp 973w, https:\/\/panomadphotographie.net\/blog\/wp-content\/uploads\/2025\/06\/pont-vallee-saint-pons-508x339.webp 508w, https:\/\/panomadphotographie.net\/blog\/wp-content\/uploads\/2025\/06\/pont-vallee-saint-pons.webp 1080w\" sizes=\"(max-width: 1024px) 100vw, 1024px\" \/><figcaption class=\"wp-element-caption\">Pont en bois dans la for\u00eat de Saint-Pons \u00e0 G\u00e9menos\nWooden bridge in Saint-Pons Forest, G\u00e9menos<\/figcaption><\/figure>\n\n\n\n<p>La <strong>balade nature pr\u00e8s de Marseille<\/strong> la plus accessible et rafra\u00eechissante, c\u2019est peut-\u00eatre celle-ci, \u00e0 G\u00e9menos<\/p>\n\n\n\n<p>\ud83d\udcc1 Facile d\u2019acc\u00e8s (25 min de Marseille) \u2014 bien qu\u2019un moyen de locomotion soit pr\u00e9f\u00e9rable. Pour les t\u00e9m\u00e9raires \u00e0 pied, une petite marche s\u2019impose, ou un pouce lev\u00e9 fa\u00e7on autostoppeur pour se faire d\u00e9poser au parking de la vall\u00e9e (RD2).<\/p>\n\n\n\n<ul class=\"wp-block-list\">\n<li>\ud83c\udf3a Sentiers ombrag\u00e9s (parfaits pour l\u2019\u00e9t\u00e9)<\/li>\n\n\n\n<li>\ud83d\udca7 Ruisseaux, cascades, ambiance ASMR naturelle<\/li>\n\n\n\n<li>\ud83c\udfeb Chapelle Saint-Martin, Cascade du Moulin, Abbaye de Saint-Pons,  pour le petit twist culture<\/li>\n<\/ul>\n\n\n\n<p>\ud83d\udc49 En savoir plus sur l\u2019histoire du site  <a href=\"https:\/\/www.departement13.fr\/vivre-en-provence\/espaces-naturels\/parcs-et-domaines\/les-parcs\/saint-pons\" target=\"_blank\" rel=\"noreferrer noopener\">ici <\/a><\/p>\n\n\n\n<p>\ud83c\udf3f Slow tourisme pur : pas de chrono, pas de comp\u00e9tition. Enfin, tout d\u00e9pend de la saison&#8230; Le grand parking peut vite se remplir les week-ends et jours f\u00e9ri\u00e9s. Donc, si tu veux vraiment le calme, viens t\u00f4t (ou en semaine).<\/p>\n\n\n\n<h2 class=\"wp-block-heading\">Quand y aller?<\/h2>\n\n\n\n<ul class=\"wp-block-list\">\n<li><strong>Printemps <\/strong>: lumi\u00e8re douce, peu de monde<\/li>\n\n\n\n<li><strong>\u00c9t\u00e9 <\/strong>: \u00e0 l\u2019ombre, avec le bruit de l\u2019eau en bonus<\/li>\n\n\n\n<li><strong>Automne <\/strong>: feuillage de carte postale<\/li>\n\n\n\n<li><strong>Hiver <\/strong>: calme absolu, un brin humide<\/li>\n<\/ul>\n\n\n\n<h2 class=\"wp-block-heading\">Comment y aller ?<\/h2>\n\n\n\n<ul class=\"wp-block-list\">\n<li>Depuis Marseille (25 min, A50+D8N)<\/li>\n\n\n\n<li>Parking gratuit \u00e0 l\u2019entr\u00e9e du parc<\/li>\n<\/ul>\n\n\n\n<h2 class=\"wp-block-heading\">\ud83e\udef2 Les 3 r\u00e8gles d\u2019or pour cette balade nature<\/h2>\n\n\n\n<figure class=\"wp-block-image size-large\"><img width=\"1024\" height=\"683\" src=\"https:\/\/panomadphotographie.net\/blog\/wp-content\/uploads\/2025\/06\/moulin-du-foulon-1-1024x683.webp\" alt=\"\" class=\"wp-image-1463\" fetchpriority=\"high\"  decoding=\"async\" srcset=\"https:\/\/panomadphotographie.net\/blog\/wp-content\/uploads\/2025\/06\/moulin-du-foulon-1-1024x683.webp 1024w, https:\/\/panomadphotographie.net\/blog\/wp-content\/uploads\/2025\/06\/moulin-du-foulon-1-300x200.webp 300w, https:\/\/panomadphotographie.net\/blog\/wp-content\/uploads\/2025\/06\/moulin-du-foulon-1-768x512.webp 768w, https:\/\/panomadphotographie.net\/blog\/wp-content\/uploads\/2025\/06\/moulin-du-foulon-1-973x649.webp 973w, https:\/\/panomadphotographie.net\/blog\/wp-content\/uploads\/2025\/06\/moulin-du-foulon-1-508x339.webp 508w, https:\/\/panomadphotographie.net\/blog\/wp-content\/uploads\/2025\/06\/moulin-du-foulon-1.webp 1080w\" sizes=\"(max-width: 1024px) 100vw, 1024px\" \/><figcaption class=\"wp-element-caption\">La porte du moulin de foulin<\/figcaption><\/figure>\n\n\n\n<ul class=\"wp-block-list\">\n<li>\ud83d\udc5f <strong>Des pompes qui tiennent la route<\/strong><br> Mets des baskets solides ou des chaussures de rando l\u00e9g\u00e8res. Tes chevilles diront merci.<\/li>\n\n\n\n<li>\ud83d\udca7 <strong>Une gourde (mais pas de panique)<\/strong><br>Ram\u00e8ne ton eau, mais sache qu\u2019une source naturelle coule pr\u00e8s du vieux moulin. <\/li>\n\n\n\n<li>\ud83d\udeab <strong>Pas de pique-nique, pas de toutou<\/strong><br>Le site est prot\u00e9g\u00e9. On respecte la nature : on \u00e9vite les miettes, les barbecues sauvages et les chiens (m\u00eame petits, m\u00eame sages). Ici, le calme et la faune sont rois.<\/li>\n<\/ul>\n\n\n\n<h2 class=\"wp-block-heading\"> Et apr\u00e8s la balade ? Id\u00e9es d\u2019activit\u00e9s \u00e0 r\u00e9server sur GetYourGuide pour prolonger ton trip<\/h2>\n\n\n\n<p>\ud83d\udc49 D\u00e9couvre toutes les activit\u00e9s top not\u00e9es sur Marseille et ses environs (rando, bateau, food, visites guid\u00e9es\u2026) directement sur GetYourGuide :<\/p>\n\n\n\n<h2 class=\"wp-block-heading\">Offre bonus : shooting photo nature<\/h2>\n\n\n\n<p>Tu veux repartir avec mieux qu\u2019un selfie flou ? Je propose un shooting photo nature dans les lieux les plus inspirants autour de Marseille. Pose naturelle, ambiance locale, souvenir professionnel. <\/p>\n\n\n\n<ul class=\"wp-block-list\">\n<li>\ud83d\udccd Marseille, G\u00e9menos, Cassis et alentours <\/li>\n\n\n\n<li>\ud83d\udd5b Horaires adapt\u00e9s \u00e0 la lumi\u00e8re et \u00e0 l\u2019ambiance <\/li>\n\n\n\n<li>\ud83d\udcf8 R\u00e9serve et paiement s\u00e9curis\u00e9: <a href=\"http:\/\/panomadphotographie.net\/trip\" target=\"_blank\" rel=\"noreferrer noopener\">panomadphotographie.net\/trip<\/a><\/li>\n<\/ul>\n\n\n\n<p>Tu peux aussi me contacter  via <strong><a href=\"https:\/\/panomadphotographie.net\" target=\"_blank\" rel=\"noreferrer noopener\">Calendly <\/a><\/strong>pour qu&rsquo;on en discute et qu&rsquo;on personnalise ton trip photo selon tes envies.<\/p>\n\n\n\n<p>Lire aussi : <a href=\"https:\/\/panomadphotographie.net\/blog\/photographie-stylisee-oia\/\">Photographie-stylis\u00e9e-Oia<\/a>.<\/p>\n\n\n\n<h2 class=\"wp-block-heading\">\ud83d\udcfa Et si tu veux voir l&rsquo;ambiance en vid\u00e9o :<\/h2>\n\n\n\n<p>Regarde la vid\u00e9o pour te faire une petite id\u00e9e de cette balade nature pr\u00e9s de Marseille (2 min ) \u2013 pas de voix off,  du son et des images. <a href=\"https:\/\/youtu.be\/KzE6V1yGUZw\" target=\"_blank\" rel=\"noreferrer noopener\">\ud83c\udfa5 <\/a><\/p>\n\n\n\n<p>Et pense \u00e0 t\u2019abonner \u00e0 la cha\u00eene <strong>Travel Urban <\/strong>pour d\u00e9couvrir d\u2019autres coins frais sans quitter la r\u00e9gion. C\u2019est gratuit, sans pollution, et bon pour le moral.<\/p>\n\n\n\n<p><\/p>\n\n\n\n<pre class=\"wp-block-code\"><code><\/code><\/pre>\n","protected":false},"excerpt":{"rendered":"<p>Envie de fra\u00eecheur, de verdure et de calme \u00e0 deux pas de Marseille ? \ud83d\udeeb\ufe0f\ud83c\udf33 Cette balade nature pr\u00e8s de Marseille est parfaite pour s\u2019\u00e9vader quelques heures. Pose&#8230;<\/p>\n","protected":false},"author":1,"featured_media":1490,"comment_status":"closed","ping_status":"closed","sticky":false,"template":"","format":"standard","meta":{"footnotes":""},"categories":[4],"tags":[],"class_list":["post-1440","post","type-post","status-publish","format-standard","has-post-thumbnail","hentry","category-photographe-voyage"],"yoast_head":"<!-- This site is optimized with the Yoast SEO plugin v27.2 - https:\/\/yoast.com\/product\/yoast-seo-wordpress\/ -->\n<title>Balade nature pr\u00e8s de Marseille : Vall\u00e9e de Saint-Pons \u00e0 G\u00e9menos<\/title>\n<meta name=\"description\" content=\"Envie d\u2019une balade nature pr\u00e8s de Marseille ? La vall\u00e9e de Saint-Pons \u00e0 G\u00e9menos est l\u2019endroit parfait pour se reconnecter.\" \/>\n<meta name=\"robots\" content=\"index, follow, max-snippet:-1, max-image-preview:large, max-video-preview:-1\" \/>\n<link rel=\"canonical\" href=\"https:\/\/panomadphotographie.net\/blog\/balade-nature-marseille-saint-pons\/\" \/>\n<meta property=\"og:locale\" content=\"fr_FR\" \/>\n<meta property=\"og:type\" content=\"article\" \/>\n<meta property=\"og:title\" content=\"Balade nature pr\u00e8s de Marseille : Vall\u00e9e de Saint-Pons \u00e0 G\u00e9menos\" \/>\n<meta property=\"og:description\" content=\"Envie d\u2019une balade nature pr\u00e8s de Marseille ? La vall\u00e9e de Saint-Pons \u00e0 G\u00e9menos est l\u2019endroit parfait pour se reconnecter.\" \/>\n<meta property=\"og:url\" content=\"https:\/\/panomadphotographie.net\/blog\/balade-nature-marseille-saint-pons\/\" \/>\n<meta property=\"og:site_name\" content=\"PANOMAD\" \/>\n<meta property=\"article:publisher\" content=\"https:\/\/www.facebook.com\/panomadphotographie\/\" \/>\n<meta property=\"article:published_time\" content=\"2025-06-07T18:52:56+00:00\" \/>\n<meta property=\"article:modified_time\" content=\"2025-07-21T18:23:37+00:00\" \/>\n<meta property=\"og:image\" content=\"https:\/\/panomadphotographie.net\/blog\/wp-content\/uploads\/2025\/06\/platanes-du-cour-deau.webp\" \/>\n\t<meta property=\"og:image:width\" content=\"1620\" \/>\n\t<meta property=\"og:image:height\" content=\"1080\" \/>\n\t<meta property=\"og:image:type\" content=\"image\/webp\" \/>\n<meta name=\"author\" content=\"pfs.panomad@gmail.com\" \/>\n<meta name=\"twitter:card\" content=\"summary_large_image\" \/>\n<meta name=\"twitter:label1\" content=\"\u00c9crit par\" \/>\n\t<meta name=\"twitter:data1\" content=\"pfs.panomad@gmail.com\" \/>\n\t<meta name=\"twitter:label2\" content=\"Dur\u00e9e de lecture estim\u00e9e\" \/>\n\t<meta name=\"twitter:data2\" content=\"4 minutes\" \/>\n<script type=\"application\/ld+json\" class=\"yoast-schema-graph\">{\"@context\":\"https:\/\/schema.org\",\"@graph\":[{\"@type\":\"Article\",\"@id\":\"https:\/\/panomadphotographie.net\/blog\/balade-nature-marseille-saint-pons\/#article\",\"isPartOf\":{\"@id\":\"https:\/\/panomadphotographie.net\/blog\/balade-nature-marseille-saint-pons\/\"},\"author\":{\"name\":\"pfs.panomad@gmail.com\",\"@id\":\"https:\/\/panomadphotographie.net\/blog\/#\/schema\/person\/c09ce91d646762071cbe2c4011e3fbfa\"},\"headline\":\"Balade nature pr\u00e8s de Marseille &#8211; la vall\u00e9e saint-pons\",\"datePublished\":\"2025-06-07T18:52:56+00:00\",\"dateModified\":\"2025-07-21T18:23:37+00:00\",\"mainEntityOfPage\":{\"@id\":\"https:\/\/panomadphotographie.net\/blog\/balade-nature-marseille-saint-pons\/\"},\"wordCount\":646,\"publisher\":{\"@id\":\"https:\/\/panomadphotographie.net\/blog\/#organization\"},\"image\":{\"@id\":\"https:\/\/panomadphotographie.net\/blog\/balade-nature-marseille-saint-pons\/#primaryimage\"},\"thumbnailUrl\":\"https:\/\/panomadphotographie.net\/blog\/wp-content\/uploads\/2025\/06\/platanes-du-cour-deau.webp\",\"articleSection\":[\"Voyage &amp; d\u00e9couverte\"],\"inLanguage\":\"fr-FR\"},{\"@type\":\"WebPage\",\"@id\":\"https:\/\/panomadphotographie.net\/blog\/balade-nature-marseille-saint-pons\/\",\"url\":\"https:\/\/panomadphotographie.net\/blog\/balade-nature-marseille-saint-pons\/\",\"name\":\"Balade nature pr\u00e8s de Marseille : Vall\u00e9e de Saint-Pons \u00e0 G\u00e9menos\",\"isPartOf\":{\"@id\":\"https:\/\/panomadphotographie.net\/blog\/#website\"},\"primaryImageOfPage\":{\"@id\":\"https:\/\/panomadphotographie.net\/blog\/balade-nature-marseille-saint-pons\/#primaryimage\"},\"image\":{\"@id\":\"https:\/\/panomadphotographie.net\/blog\/balade-nature-marseille-saint-pons\/#primaryimage\"},\"thumbnailUrl\":\"https:\/\/panomadphotographie.net\/blog\/wp-content\/uploads\/2025\/06\/platanes-du-cour-deau.webp\",\"datePublished\":\"2025-06-07T18:52:56+00:00\",\"dateModified\":\"2025-07-21T18:23:37+00:00\",\"description\":\"Envie d\u2019une balade nature pr\u00e8s de Marseille ? La vall\u00e9e de Saint-Pons \u00e0 G\u00e9menos est l\u2019endroit parfait pour se reconnecter.\",\"breadcrumb\":{\"@id\":\"https:\/\/panomadphotographie.net\/blog\/balade-nature-marseille-saint-pons\/#breadcrumb\"},\"inLanguage\":\"fr-FR\",\"potentialAction\":[{\"@type\":\"ReadAction\",\"target\":[\"https:\/\/panomadphotographie.net\/blog\/balade-nature-marseille-saint-pons\/\"]}]},{\"@type\":\"ImageObject\",\"inLanguage\":\"fr-FR\",\"@id\":\"https:\/\/panomadphotographie.net\/blog\/balade-nature-marseille-saint-pons\/#primaryimage\",\"url\":\"https:\/\/panomadphotographie.net\/blog\/wp-content\/uploads\/2025\/06\/platanes-du-cour-deau.webp\",\"contentUrl\":\"https:\/\/panomadphotographie.net\/blog\/wp-content\/uploads\/2025\/06\/platanes-du-cour-deau.webp\",\"width\":1620,\"height\":1080},{\"@type\":\"BreadcrumbList\",\"@id\":\"https:\/\/panomadphotographie.net\/blog\/balade-nature-marseille-saint-pons\/#breadcrumb\",\"itemListElement\":[{\"@type\":\"ListItem\",\"position\":1,\"name\":\"Accueil\",\"item\":\"https:\/\/panomadphotographie.net\/blog\/\"},{\"@type\":\"ListItem\",\"position\":2,\"name\":\"Balade nature pr\u00e8s de Marseille &#8211; la vall\u00e9e saint-pons\"}]},{\"@type\":\"WebSite\",\"@id\":\"https:\/\/panomadphotographie.net\/blog\/#website\",\"url\":\"https:\/\/panomadphotographie.net\/blog\/\",\"name\":\"panomadphotogrpahie\",\"description\":\"Phtographie\",\"publisher\":{\"@id\":\"https:\/\/panomadphotographie.net\/blog\/#organization\"},\"potentialAction\":[{\"@type\":\"SearchAction\",\"target\":{\"@type\":\"EntryPoint\",\"urlTemplate\":\"https:\/\/panomadphotographie.net\/blog\/?s={search_term_string}\"},\"query-input\":{\"@type\":\"PropertyValueSpecification\",\"valueRequired\":true,\"valueName\":\"search_term_string\"}}],\"inLanguage\":\"fr-FR\"},{\"@type\":\"Organization\",\"@id\":\"https:\/\/panomadphotographie.net\/blog\/#organization\",\"name\":\"panomad photographie\",\"url\":\"https:\/\/panomadphotographie.net\/blog\/\",\"logo\":{\"@type\":\"ImageObject\",\"inLanguage\":\"fr-FR\",\"@id\":\"https:\/\/panomadphotographie.net\/blog\/#\/schema\/logo\/image\/\",\"url\":\"https:\/\/panomadphotographie.net\/blog\/wp-content\/uploads\/cropped-ChatGPT-Image-9-dec.-2025-00_29_22.png\",\"contentUrl\":\"https:\/\/panomadphotographie.net\/blog\/wp-content\/uploads\/cropped-ChatGPT-Image-9-dec.-2025-00_29_22.png\",\"width\":1024,\"height\":768,\"caption\":\"panomad photographie\"},\"image\":{\"@id\":\"https:\/\/panomadphotographie.net\/blog\/#\/schema\/logo\/image\/\"},\"sameAs\":[\"https:\/\/www.facebook.com\/panomadphotographie\/\",\"https:\/\/www.linkedin.com\/in\/panomadphotographie\/\"]},{\"@type\":\"Person\",\"@id\":\"https:\/\/panomadphotographie.net\/blog\/#\/schema\/person\/c09ce91d646762071cbe2c4011e3fbfa\",\"name\":\"pfs.panomad@gmail.com\",\"image\":{\"@type\":\"ImageObject\",\"inLanguage\":\"fr-FR\",\"@id\":\"https:\/\/secure.gravatar.com\/avatar\/94cb0ece4106ebb1937fc341f90bceeb3abca5b76c465cad6e6971d0a394098e?s=96&d=mm&r=g\",\"url\":\"https:\/\/secure.gravatar.com\/avatar\/94cb0ece4106ebb1937fc341f90bceeb3abca5b76c465cad6e6971d0a394098e?s=96&d=mm&r=g\",\"contentUrl\":\"https:\/\/secure.gravatar.com\/avatar\/94cb0ece4106ebb1937fc341f90bceeb3abca5b76c465cad6e6971d0a394098e?s=96&d=mm&r=g\",\"caption\":\"pfs.panomad@gmail.com\"},\"sameAs\":[\"https:\/\/book.panomadphotographie.net\"]}]}<\/script>\n<!-- \/ Yoast SEO plugin. -->","yoast_head_json":{"title":"Balade nature pr\u00e8s de Marseille : Vall\u00e9e de Saint-Pons \u00e0 G\u00e9menos","description":"Envie d\u2019une balade nature pr\u00e8s de Marseille ? La vall\u00e9e de Saint-Pons \u00e0 G\u00e9menos est l\u2019endroit parfait pour se reconnecter.","robots":{"index":"index","follow":"follow","max-snippet":"max-snippet:-1","max-image-preview":"max-image-preview:large","max-video-preview":"max-video-preview:-1"},"canonical":"https:\/\/panomadphotographie.net\/blog\/balade-nature-marseille-saint-pons\/","og_locale":"fr_FR","og_type":"article","og_title":"Balade nature pr\u00e8s de Marseille : Vall\u00e9e de Saint-Pons \u00e0 G\u00e9menos","og_description":"Envie d\u2019une balade nature pr\u00e8s de Marseille ? La vall\u00e9e de Saint-Pons \u00e0 G\u00e9menos est l\u2019endroit parfait pour se reconnecter.","og_url":"https:\/\/panomadphotographie.net\/blog\/balade-nature-marseille-saint-pons\/","og_site_name":"PANOMAD","article_publisher":"https:\/\/www.facebook.com\/panomadphotographie\/","article_published_time":"2025-06-07T18:52:56+00:00","article_modified_time":"2025-07-21T18:23:37+00:00","og_image":[{"width":1620,"height":1080,"url":"https:\/\/panomadphotographie.net\/blog\/wp-content\/uploads\/2025\/06\/platanes-du-cour-deau.webp","type":"image\/webp"}],"author":"pfs.panomad@gmail.com","twitter_card":"summary_large_image","twitter_misc":{"\u00c9crit par":"pfs.panomad@gmail.com","Dur\u00e9e de lecture estim\u00e9e":"4 minutes"},"schema":{"@context":"https:\/\/schema.org","@graph":[{"@type":"Article","@id":"https:\/\/panomadphotographie.net\/blog\/balade-nature-marseille-saint-pons\/#article","isPartOf":{"@id":"https:\/\/panomadphotographie.net\/blog\/balade-nature-marseille-saint-pons\/"},"author":{"name":"pfs.panomad@gmail.com","@id":"https:\/\/panomadphotographie.net\/blog\/#\/schema\/person\/c09ce91d646762071cbe2c4011e3fbfa"},"headline":"Balade nature pr\u00e8s de Marseille &#8211; la vall\u00e9e saint-pons","datePublished":"2025-06-07T18:52:56+00:00","dateModified":"2025-07-21T18:23:37+00:00","mainEntityOfPage":{"@id":"https:\/\/panomadphotographie.net\/blog\/balade-nature-marseille-saint-pons\/"},"wordCount":646,"publisher":{"@id":"https:\/\/panomadphotographie.net\/blog\/#organization"},"image":{"@id":"https:\/\/panomadphotographie.net\/blog\/balade-nature-marseille-saint-pons\/#primaryimage"},"thumbnailUrl":"https:\/\/panomadphotographie.net\/blog\/wp-content\/uploads\/2025\/06\/platanes-du-cour-deau.webp","articleSection":["Voyage &amp; d\u00e9couverte"],"inLanguage":"fr-FR"},{"@type":"WebPage","@id":"https:\/\/panomadphotographie.net\/blog\/balade-nature-marseille-saint-pons\/","url":"https:\/\/panomadphotographie.net\/blog\/balade-nature-marseille-saint-pons\/","name":"Balade nature pr\u00e8s de Marseille : Vall\u00e9e de Saint-Pons \u00e0 G\u00e9menos","isPartOf":{"@id":"https:\/\/panomadphotographie.net\/blog\/#website"},"primaryImageOfPage":{"@id":"https:\/\/panomadphotographie.net\/blog\/balade-nature-marseille-saint-pons\/#primaryimage"},"image":{"@id":"https:\/\/panomadphotographie.net\/blog\/balade-nature-marseille-saint-pons\/#primaryimage"},"thumbnailUrl":"https:\/\/panomadphotographie.net\/blog\/wp-content\/uploads\/2025\/06\/platanes-du-cour-deau.webp","datePublished":"2025-06-07T18:52:56+00:00","dateModified":"2025-07-21T18:23:37+00:00","description":"Envie d\u2019une balade nature pr\u00e8s de Marseille ? La vall\u00e9e de Saint-Pons \u00e0 G\u00e9menos est l\u2019endroit parfait pour se reconnecter.","breadcrumb":{"@id":"https:\/\/panomadphotographie.net\/blog\/balade-nature-marseille-saint-pons\/#breadcrumb"},"inLanguage":"fr-FR","potentialAction":[{"@type":"ReadAction","target":["https:\/\/panomadphotographie.net\/blog\/balade-nature-marseille-saint-pons\/"]}]},{"@type":"ImageObject","inLanguage":"fr-FR","@id":"https:\/\/panomadphotographie.net\/blog\/balade-nature-marseille-saint-pons\/#primaryimage","url":"https:\/\/panomadphotographie.net\/blog\/wp-content\/uploads\/2025\/06\/platanes-du-cour-deau.webp","contentUrl":"https:\/\/panomadphotographie.net\/blog\/wp-content\/uploads\/2025\/06\/platanes-du-cour-deau.webp","width":1620,"height":1080},{"@type":"BreadcrumbList","@id":"https:\/\/panomadphotographie.net\/blog\/balade-nature-marseille-saint-pons\/#breadcrumb","itemListElement":[{"@type":"ListItem","position":1,"name":"Accueil","item":"https:\/\/panomadphotographie.net\/blog\/"},{"@type":"ListItem","position":2,"name":"Balade nature pr\u00e8s de Marseille &#8211; la vall\u00e9e saint-pons"}]},{"@type":"WebSite","@id":"https:\/\/panomadphotographie.net\/blog\/#website","url":"https:\/\/panomadphotographie.net\/blog\/","name":"panomadphotogrpahie","description":"Phtographie","publisher":{"@id":"https:\/\/panomadphotographie.net\/blog\/#organization"},"potentialAction":[{"@type":"SearchAction","target":{"@type":"EntryPoint","urlTemplate":"https:\/\/panomadphotographie.net\/blog\/?s={search_term_string}"},"query-input":{"@type":"PropertyValueSpecification","valueRequired":true,"valueName":"search_term_string"}}],"inLanguage":"fr-FR"},{"@type":"Organization","@id":"https:\/\/panomadphotographie.net\/blog\/#organization","name":"panomad photographie","url":"https:\/\/panomadphotographie.net\/blog\/","logo":{"@type":"ImageObject","inLanguage":"fr-FR","@id":"https:\/\/panomadphotographie.net\/blog\/#\/schema\/logo\/image\/","url":"https:\/\/panomadphotographie.net\/blog\/wp-content\/uploads\/cropped-ChatGPT-Image-9-dec.-2025-00_29_22.png","contentUrl":"https:\/\/panomadphotographie.net\/blog\/wp-content\/uploads\/cropped-ChatGPT-Image-9-dec.-2025-00_29_22.png","width":1024,"height":768,"caption":"panomad photographie"},"image":{"@id":"https:\/\/panomadphotographie.net\/blog\/#\/schema\/logo\/image\/"},"sameAs":["https:\/\/www.facebook.com\/panomadphotographie\/","https:\/\/www.linkedin.com\/in\/panomadphotographie\/"]},{"@type":"Person","@id":"https:\/\/panomadphotographie.net\/blog\/#\/schema\/person\/c09ce91d646762071cbe2c4011e3fbfa","name":"pfs.panomad@gmail.com","image":{"@type":"ImageObject","inLanguage":"fr-FR","@id":"https:\/\/secure.gravatar.com\/avatar\/94cb0ece4106ebb1937fc341f90bceeb3abca5b76c465cad6e6971d0a394098e?s=96&d=mm&r=g","url":"https:\/\/secure.gravatar.com\/avatar\/94cb0ece4106ebb1937fc341f90bceeb3abca5b76c465cad6e6971d0a394098e?s=96&d=mm&r=g","contentUrl":"https:\/\/secure.gravatar.com\/avatar\/94cb0ece4106ebb1937fc341f90bceeb3abca5b76c465cad6e6971d0a394098e?s=96&d=mm&r=g","caption":"pfs.panomad@gmail.com"},"sameAs":["https:\/\/book.panomadphotographie.net"]}]}},"_links":{"self":[{"href":"https:\/\/panomadphotographie.net\/blog\/wp-json\/wp\/v2\/posts\/1440","targetHints":{"allow":["GET"]}}],"collection":[{"href":"https:\/\/panomadphotographie.net\/blog\/wp-json\/wp\/v2\/posts"}],"about":[{"href":"https:\/\/panomadphotographie.net\/blog\/wp-json\/wp\/v2\/types\/post"}],"author":[{"embeddable":true,"href":"https:\/\/panomadphotographie.net\/blog\/wp-json\/wp\/v2\/users\/1"}],"replies":[{"embeddable":true,"href":"https:\/\/panomadphotographie.net\/blog\/wp-json\/wp\/v2\/comments?post=1440"}],"version-history":[{"count":0,"href":"https:\/\/panomadphotographie.net\/blog\/wp-json\/wp\/v2\/posts\/1440\/revisions"}],"wp:featuredmedia":[{"embeddable":true,"href":"https:\/\/panomadphotographie.net\/blog\/wp-json\/wp\/v2\/media\/1490"}],"wp:attachment":[{"href":"https:\/\/panomadphotographie.net\/blog\/wp-json\/wp\/v2\/media?parent=1440"}],"wp:term":[{"taxonomy":"category","embeddable":true,"href":"https:\/\/panomadphotographie.net\/blog\/wp-json\/wp\/v2\/categories?post=1440"},{"taxonomy":"post_tag","embeddable":true,"href":"https:\/\/panomadphotographie.net\/blog\/wp-json\/wp\/v2\/tags?post=1440"}],"curies":[{"name":"wp","href":"https:\/\/api.w.org\/{rel}","templated":true}]}}