{"id":1283,"date":"2025-03-16T18:47:45","date_gmt":"2025-03-16T17:47:45","guid":{"rendered":"https:\/\/panomadphotographie.net\/blog\/?p=1283"},"modified":"2025-06-22T13:47:31","modified_gmt":"2025-06-22T11:47:31","slug":"photographe-portrait-exterieur","status":"publish","type":"post","link":"https:\/\/panomadphotographie.net\/blog\/photographe-portrait-exterieur\/","title":{"rendered":"Photographe portrait professionnel : des portraits naturels et authentiques"},"content":{"rendered":"\n<p>Plut\u00f4t qu\u2019un shooting en studio, vous recherchez un <strong>photographe portrait ext\u00e9rieur<\/strong> capable de capturer des expressions spontan\u00e9es et authentiques ? C\u2019est exactement ce qu\u2019a choisi Agn\u00e8s.<\/p>\n\n\n\n<p>Com\u00e9dienne, elle m\u2019a contact\u00e9 le week-end dernier pour un shooting en ext\u00e9rieur. Elle avait besoin de nouvelles photos rapidement, car elle commence prochainement une formation de charg\u00e9e de casting. Dans ce milieu, les portraits pris sur le vif en ext\u00e9rieur sont souvent appr\u00e9ci\u00e9s, et parfois font toute la diff\u00e9rence en apportant un vrai plus \u00e0 votre profil.<\/p>\n\n\n\n<p>Gr\u00e2ce \u00e0 la lumi\u00e8re naturelle, un <strong>photographe portrait ext\u00e9rieur<\/strong> sublime votre expression. Le rendu est plus authentique, id\u00e9al pour les com\u00e9diens et entrepreneurs souhaitant une image plus naturelle.<\/p>\n\n\n\n<figure class=\"wp-block-image size-large\"><img decoding=\"async\" width=\"768\" height=\"1024\" src=\"https:\/\/panomadphotographie.net\/blog\/wp-content\/uploads\/2025\/03\/agnesr-10-sur-10-768x1024.jpg\" alt=\"\" class=\"wp-image-1286\" srcset=\"https:\/\/panomadphotographie.net\/blog\/wp-content\/uploads\/2025\/03\/agnesr-10-sur-10-768x1024.jpg 768w, https:\/\/panomadphotographie.net\/blog\/wp-content\/uploads\/2025\/03\/agnesr-10-sur-10-225x300.jpg 225w, https:\/\/panomadphotographie.net\/blog\/wp-content\/uploads\/2025\/03\/agnesr-10-sur-10-508x677.jpg 508w, https:\/\/panomadphotographie.net\/blog\/wp-content\/uploads\/2025\/03\/agnesr-10-sur-10.jpg 810w\" sizes=\"(max-width: 768px) 100vw, 768px\" \/><\/figure>\n\n\n\n<h2 class=\"wp-block-heading\">\ud83d\udcf8 <strong>Une s\u00e9ance sur mesure adapt\u00e9e \u00e0 chaque besoin<\/strong><\/h2>\n\n\n\n<p><br>En tant que <strong>photographe portrait ext\u00e9rieur<\/strong>, j\u2019accompagne les com\u00e9diens, artistes et entrepreneurs pour r\u00e9aliser des portraits naturels et impactants<\/p>\n\n\n\n<p>Pour Agn\u00e8s, nous avons pr\u00e9par\u00e9 une s\u00e9ance sur-mesure, avec plusieurs tenues et d\u00e9cors adapt\u00e9s \u00e0 son univers artistique. R\u00e9sultat ? Une trentaine de clich\u00e9s, parmi lesquels nous avons retenu 5 photos cl\u00e9s :<br>-\ufe0f  Un plan en pied, souvent demand\u00e9 pour des r\u00f4les de silhouettes.<br>&#8211;  Trois photos avec diff\u00e9rentes tenues pour varier les registres.<br>&#8211;  Un portrait rapproch\u00e9, essentiel pour capter l&rsquo;expression naturelle et la personnalit\u00e9 de la personne.<\/p>\n\n\n\n<h2 class=\"wp-block-heading\">\ud83d\udca1 <strong>Une collaboration enrichissante<\/strong><\/h2>\n\n\n\n<figure class=\"wp-block-image size-large\"><img decoding=\"async\" width=\"768\" height=\"1024\" src=\"https:\/\/panomadphotographie.net\/blog\/wp-content\/uploads\/2025\/03\/agnesr-1-sur-10-768x1024.jpg\" alt=\"\" class=\"wp-image-1287\" srcset=\"https:\/\/panomadphotographie.net\/blog\/wp-content\/uploads\/2025\/03\/agnesr-1-sur-10-768x1024.jpg 768w, https:\/\/panomadphotographie.net\/blog\/wp-content\/uploads\/2025\/03\/agnesr-1-sur-10-225x300.jpg 225w, https:\/\/panomadphotographie.net\/blog\/wp-content\/uploads\/2025\/03\/agnesr-1-sur-10-508x677.jpg 508w, https:\/\/panomadphotographie.net\/blog\/wp-content\/uploads\/2025\/03\/agnesr-1-sur-10.jpg 810w\" sizes=\"(max-width: 768px) 100vw, 768px\" \/><\/figure>\n\n\n\n<p><br>Il arrive qu&rsquo;un client souhaite mettre en valeur un produit de son magasin ou tout simplement son espace de vente avec un r\u00f4le de visiteur myst\u00e8re. Agn\u00e8s est parfaite comme mod\u00e8le pour ce type de shooting, apportant une touche de naturel et d\u2019authenticit\u00e9.<\/p>\n\n\n\n<h2 class=\"wp-block-heading\">\ud83c\udfac <strong>Vous \u00eates com\u00e9dien, artiste ou entrepreneur ?<\/strong><\/h2>\n\n\n\n<p>Un <strong>portrait professionnel<\/strong> bien r\u00e9alis\u00e9 <strong>peut donc<\/strong> faire toute la diff\u00e9rence dans votre image en ligne. <strong>De plus<\/strong>, il capte l\u2019attention des employeurs et partenaires professionnels.<\/p>\n\n\n\n<p>Selon <a href=\"https:\/\/www.forbes.be\/fr\/4-facons-doptimiser-votre-photo-professionnelle-pour-linkedin\/\">Forbes<\/a>, une photo de qualit\u00e9 est un \u00e9l\u00e9ment essentiel pour capter l\u2019attention des employeurs et partenaires professionnels.<\/p>\n\n\n\n<p><br>Si vous avez besoin de portraits professionnels en lumi\u00e8re naturelle, en ext\u00e9rieur, vous pouvez :<\/p>\n\n\n\n<p>\ud83d\udc49 Contactez-moi pour une s\u00e9ance photo optimis\u00e9e ou pour un article sur votre activit\u00e9 locale.<br>Ou prenez rendez-vous via <a href=\"https:\/\/calendly.com\/pfs-panomad\/\" target=\"_blank\" rel=\"noreferrer noopener\">Calendly<\/a>.<br><\/p>\n\n\n\n<p><\/p>\n\n\n\n<p><\/p>\n\n\n\n<p><\/p>\n","protected":false},"excerpt":{"rendered":"<p>Plut\u00f4t qu\u2019un shooting en studio, vous recherchez un photographe portrait ext\u00e9rieur capable de capturer des expressions spontan\u00e9es et authentiques ? C\u2019est exactement ce qu\u2019a choisi Agn\u00e8s. Com\u00e9dienne, elle&#8230;<\/p>\n","protected":false},"author":1,"featured_media":1485,"comment_status":"closed","ping_status":"closed","sticky":false,"template":"","format":"standard","meta":{"footnotes":""},"categories":[2],"tags":[],"class_list":["post-1283","post","type-post","status-publish","format-standard","has-post-thumbnail","hentry","category-photographe-professionnel-marseille"],"yoast_head":"<!-- This site is optimized with the Yoast SEO plugin v27.2 - https:\/\/yoast.com\/product\/yoast-seo-wordpress\/ -->\n<title>photographe portrait ext\u00e9rieur | Panomad Photographie<\/title>\n<meta name=\"description\" content=\"Vous cherchez un photographe portrait ext\u00e9rieur ? comment une s\u00e9ance en lumi\u00e8re naturelle sublime votre image et refl\u00e8te votre personnalit\u00e9\" \/>\n<meta name=\"robots\" content=\"index, follow, max-snippet:-1, max-image-preview:large, max-video-preview:-1\" \/>\n<link rel=\"canonical\" href=\"https:\/\/panomadphotographie.net\/blog\/photographe-portrait-exterieur\/\" \/>\n<meta property=\"og:locale\" content=\"fr_FR\" \/>\n<meta property=\"og:type\" content=\"article\" \/>\n<meta property=\"og:title\" content=\"photographe portrait ext\u00e9rieur | Panomad Photographie\" \/>\n<meta property=\"og:description\" content=\"Vous cherchez un photographe portrait ext\u00e9rieur ? comment une s\u00e9ance en lumi\u00e8re naturelle sublime votre image et refl\u00e8te votre personnalit\u00e9\" \/>\n<meta property=\"og:url\" content=\"https:\/\/panomadphotographie.net\/blog\/photographe-portrait-exterieur\/\" \/>\n<meta property=\"og:site_name\" content=\"PANOMAD\" \/>\n<meta property=\"article:publisher\" content=\"https:\/\/www.facebook.com\/panomadphotographie\/\" \/>\n<meta property=\"article:published_time\" content=\"2025-03-16T17:47:45+00:00\" \/>\n<meta property=\"article:modified_time\" content=\"2025-06-22T11:47:31+00:00\" \/>\n<meta property=\"og:image\" content=\"https:\/\/panomadphotographie.net\/blog\/wp-content\/uploads\/2025\/06\/agnes.webp\" \/>\n\t<meta property=\"og:image:width\" content=\"400\" \/>\n\t<meta property=\"og:image:height\" content=\"533\" \/>\n\t<meta property=\"og:image:type\" content=\"image\/webp\" \/>\n<meta name=\"author\" content=\"pfs.panomad@gmail.com\" \/>\n<meta name=\"twitter:card\" content=\"summary_large_image\" \/>\n<meta name=\"twitter:label1\" content=\"\u00c9crit par\" \/>\n\t<meta name=\"twitter:data1\" content=\"pfs.panomad@gmail.com\" \/>\n\t<meta name=\"twitter:label2\" content=\"Dur\u00e9e de lecture estim\u00e9e\" \/>\n\t<meta name=\"twitter:data2\" content=\"3 minutes\" \/>\n<script type=\"application\/ld+json\" class=\"yoast-schema-graph\">{\"@context\":\"https:\/\/schema.org\",\"@graph\":[{\"@type\":\"Article\",\"@id\":\"https:\/\/panomadphotographie.net\/blog\/photographe-portrait-exterieur\/#article\",\"isPartOf\":{\"@id\":\"https:\/\/panomadphotographie.net\/blog\/photographe-portrait-exterieur\/\"},\"author\":{\"name\":\"pfs.panomad@gmail.com\",\"@id\":\"https:\/\/panomadphotographie.net\/blog\/#\/schema\/person\/c09ce91d646762071cbe2c4011e3fbfa\"},\"headline\":\"Photographe portrait professionnel : des portraits naturels et authentiques\",\"datePublished\":\"2025-03-16T17:47:45+00:00\",\"dateModified\":\"2025-06-22T11:47:31+00:00\",\"mainEntityOfPage\":{\"@id\":\"https:\/\/panomadphotographie.net\/blog\/photographe-portrait-exterieur\/\"},\"wordCount\":390,\"publisher\":{\"@id\":\"https:\/\/panomadphotographie.net\/blog\/#organization\"},\"image\":{\"@id\":\"https:\/\/panomadphotographie.net\/blog\/photographe-portrait-exterieur\/#primaryimage\"},\"thumbnailUrl\":\"https:\/\/panomadphotographie.net\/blog\/wp-content\/uploads\/2025\/06\/agnes.webp\",\"articleSection\":[\"Regards visuels\"],\"inLanguage\":\"fr-FR\"},{\"@type\":\"WebPage\",\"@id\":\"https:\/\/panomadphotographie.net\/blog\/photographe-portrait-exterieur\/\",\"url\":\"https:\/\/panomadphotographie.net\/blog\/photographe-portrait-exterieur\/\",\"name\":\"photographe portrait ext\u00e9rieur | Panomad Photographie\",\"isPartOf\":{\"@id\":\"https:\/\/panomadphotographie.net\/blog\/#website\"},\"primaryImageOfPage\":{\"@id\":\"https:\/\/panomadphotographie.net\/blog\/photographe-portrait-exterieur\/#primaryimage\"},\"image\":{\"@id\":\"https:\/\/panomadphotographie.net\/blog\/photographe-portrait-exterieur\/#primaryimage\"},\"thumbnailUrl\":\"https:\/\/panomadphotographie.net\/blog\/wp-content\/uploads\/2025\/06\/agnes.webp\",\"datePublished\":\"2025-03-16T17:47:45+00:00\",\"dateModified\":\"2025-06-22T11:47:31+00:00\",\"description\":\"Vous cherchez un photographe portrait ext\u00e9rieur ? comment une s\u00e9ance en lumi\u00e8re naturelle sublime votre image et refl\u00e8te votre personnalit\u00e9\",\"breadcrumb\":{\"@id\":\"https:\/\/panomadphotographie.net\/blog\/photographe-portrait-exterieur\/#breadcrumb\"},\"inLanguage\":\"fr-FR\",\"potentialAction\":[{\"@type\":\"ReadAction\",\"target\":[\"https:\/\/panomadphotographie.net\/blog\/photographe-portrait-exterieur\/\"]}]},{\"@type\":\"ImageObject\",\"inLanguage\":\"fr-FR\",\"@id\":\"https:\/\/panomadphotographie.net\/blog\/photographe-portrait-exterieur\/#primaryimage\",\"url\":\"https:\/\/panomadphotographie.net\/blog\/wp-content\/uploads\/2025\/06\/agnes.webp\",\"contentUrl\":\"https:\/\/panomadphotographie.net\/blog\/wp-content\/uploads\/2025\/06\/agnes.webp\",\"width\":400,\"height\":533},{\"@type\":\"BreadcrumbList\",\"@id\":\"https:\/\/panomadphotographie.net\/blog\/photographe-portrait-exterieur\/#breadcrumb\",\"itemListElement\":[{\"@type\":\"ListItem\",\"position\":1,\"name\":\"Accueil\",\"item\":\"https:\/\/panomadphotographie.net\/blog\/\"},{\"@type\":\"ListItem\",\"position\":2,\"name\":\"Portraits professionnels en lumi\u00e8re naturelle\"}]},{\"@type\":\"WebSite\",\"@id\":\"https:\/\/panomadphotographie.net\/blog\/#website\",\"url\":\"https:\/\/panomadphotographie.net\/blog\/\",\"name\":\"panomadphotogrpahie\",\"description\":\"Phtographie\",\"publisher\":{\"@id\":\"https:\/\/panomadphotographie.net\/blog\/#organization\"},\"potentialAction\":[{\"@type\":\"SearchAction\",\"target\":{\"@type\":\"EntryPoint\",\"urlTemplate\":\"https:\/\/panomadphotographie.net\/blog\/?s={search_term_string}\"},\"query-input\":{\"@type\":\"PropertyValueSpecification\",\"valueRequired\":true,\"valueName\":\"search_term_string\"}}],\"inLanguage\":\"fr-FR\"},{\"@type\":\"Organization\",\"@id\":\"https:\/\/panomadphotographie.net\/blog\/#organization\",\"name\":\"panomad photographie\",\"url\":\"https:\/\/panomadphotographie.net\/blog\/\",\"logo\":{\"@type\":\"ImageObject\",\"inLanguage\":\"fr-FR\",\"@id\":\"https:\/\/panomadphotographie.net\/blog\/#\/schema\/logo\/image\/\",\"url\":\"https:\/\/panomadphotographie.net\/blog\/wp-content\/uploads\/cropped-ChatGPT-Image-9-dec.-2025-00_29_22.png\",\"contentUrl\":\"https:\/\/panomadphotographie.net\/blog\/wp-content\/uploads\/cropped-ChatGPT-Image-9-dec.-2025-00_29_22.png\",\"width\":1024,\"height\":768,\"caption\":\"panomad photographie\"},\"image\":{\"@id\":\"https:\/\/panomadphotographie.net\/blog\/#\/schema\/logo\/image\/\"},\"sameAs\":[\"https:\/\/www.facebook.com\/panomadphotographie\/\",\"https:\/\/www.linkedin.com\/in\/panomadphotographie\/\"]},{\"@type\":\"Person\",\"@id\":\"https:\/\/panomadphotographie.net\/blog\/#\/schema\/person\/c09ce91d646762071cbe2c4011e3fbfa\",\"name\":\"pfs.panomad@gmail.com\",\"image\":{\"@type\":\"ImageObject\",\"inLanguage\":\"fr-FR\",\"@id\":\"https:\/\/secure.gravatar.com\/avatar\/94cb0ece4106ebb1937fc341f90bceeb3abca5b76c465cad6e6971d0a394098e?s=96&d=mm&r=g\",\"url\":\"https:\/\/secure.gravatar.com\/avatar\/94cb0ece4106ebb1937fc341f90bceeb3abca5b76c465cad6e6971d0a394098e?s=96&d=mm&r=g\",\"contentUrl\":\"https:\/\/secure.gravatar.com\/avatar\/94cb0ece4106ebb1937fc341f90bceeb3abca5b76c465cad6e6971d0a394098e?s=96&d=mm&r=g\",\"caption\":\"pfs.panomad@gmail.com\"},\"sameAs\":[\"https:\/\/book.panomadphotographie.net\"]}]}<\/script>\n<!-- \/ Yoast SEO plugin. -->","yoast_head_json":{"title":"photographe portrait ext\u00e9rieur | Panomad Photographie","description":"Vous cherchez un photographe portrait ext\u00e9rieur ? comment une s\u00e9ance en lumi\u00e8re naturelle sublime votre image et refl\u00e8te votre personnalit\u00e9","robots":{"index":"index","follow":"follow","max-snippet":"max-snippet:-1","max-image-preview":"max-image-preview:large","max-video-preview":"max-video-preview:-1"},"canonical":"https:\/\/panomadphotographie.net\/blog\/photographe-portrait-exterieur\/","og_locale":"fr_FR","og_type":"article","og_title":"photographe portrait ext\u00e9rieur | Panomad Photographie","og_description":"Vous cherchez un photographe portrait ext\u00e9rieur ? comment une s\u00e9ance en lumi\u00e8re naturelle sublime votre image et refl\u00e8te votre personnalit\u00e9","og_url":"https:\/\/panomadphotographie.net\/blog\/photographe-portrait-exterieur\/","og_site_name":"PANOMAD","article_publisher":"https:\/\/www.facebook.com\/panomadphotographie\/","article_published_time":"2025-03-16T17:47:45+00:00","article_modified_time":"2025-06-22T11:47:31+00:00","og_image":[{"width":400,"height":533,"url":"https:\/\/panomadphotographie.net\/blog\/wp-content\/uploads\/2025\/06\/agnes.webp","type":"image\/webp"}],"author":"pfs.panomad@gmail.com","twitter_card":"summary_large_image","twitter_misc":{"\u00c9crit par":"pfs.panomad@gmail.com","Dur\u00e9e de lecture estim\u00e9e":"3 minutes"},"schema":{"@context":"https:\/\/schema.org","@graph":[{"@type":"Article","@id":"https:\/\/panomadphotographie.net\/blog\/photographe-portrait-exterieur\/#article","isPartOf":{"@id":"https:\/\/panomadphotographie.net\/blog\/photographe-portrait-exterieur\/"},"author":{"name":"pfs.panomad@gmail.com","@id":"https:\/\/panomadphotographie.net\/blog\/#\/schema\/person\/c09ce91d646762071cbe2c4011e3fbfa"},"headline":"Photographe portrait professionnel : des portraits naturels et authentiques","datePublished":"2025-03-16T17:47:45+00:00","dateModified":"2025-06-22T11:47:31+00:00","mainEntityOfPage":{"@id":"https:\/\/panomadphotographie.net\/blog\/photographe-portrait-exterieur\/"},"wordCount":390,"publisher":{"@id":"https:\/\/panomadphotographie.net\/blog\/#organization"},"image":{"@id":"https:\/\/panomadphotographie.net\/blog\/photographe-portrait-exterieur\/#primaryimage"},"thumbnailUrl":"https:\/\/panomadphotographie.net\/blog\/wp-content\/uploads\/2025\/06\/agnes.webp","articleSection":["Regards visuels"],"inLanguage":"fr-FR"},{"@type":"WebPage","@id":"https:\/\/panomadphotographie.net\/blog\/photographe-portrait-exterieur\/","url":"https:\/\/panomadphotographie.net\/blog\/photographe-portrait-exterieur\/","name":"photographe portrait ext\u00e9rieur | Panomad Photographie","isPartOf":{"@id":"https:\/\/panomadphotographie.net\/blog\/#website"},"primaryImageOfPage":{"@id":"https:\/\/panomadphotographie.net\/blog\/photographe-portrait-exterieur\/#primaryimage"},"image":{"@id":"https:\/\/panomadphotographie.net\/blog\/photographe-portrait-exterieur\/#primaryimage"},"thumbnailUrl":"https:\/\/panomadphotographie.net\/blog\/wp-content\/uploads\/2025\/06\/agnes.webp","datePublished":"2025-03-16T17:47:45+00:00","dateModified":"2025-06-22T11:47:31+00:00","description":"Vous cherchez un photographe portrait ext\u00e9rieur ? comment une s\u00e9ance en lumi\u00e8re naturelle sublime votre image et refl\u00e8te votre personnalit\u00e9","breadcrumb":{"@id":"https:\/\/panomadphotographie.net\/blog\/photographe-portrait-exterieur\/#breadcrumb"},"inLanguage":"fr-FR","potentialAction":[{"@type":"ReadAction","target":["https:\/\/panomadphotographie.net\/blog\/photographe-portrait-exterieur\/"]}]},{"@type":"ImageObject","inLanguage":"fr-FR","@id":"https:\/\/panomadphotographie.net\/blog\/photographe-portrait-exterieur\/#primaryimage","url":"https:\/\/panomadphotographie.net\/blog\/wp-content\/uploads\/2025\/06\/agnes.webp","contentUrl":"https:\/\/panomadphotographie.net\/blog\/wp-content\/uploads\/2025\/06\/agnes.webp","width":400,"height":533},{"@type":"BreadcrumbList","@id":"https:\/\/panomadphotographie.net\/blog\/photographe-portrait-exterieur\/#breadcrumb","itemListElement":[{"@type":"ListItem","position":1,"name":"Accueil","item":"https:\/\/panomadphotographie.net\/blog\/"},{"@type":"ListItem","position":2,"name":"Portraits professionnels en lumi\u00e8re naturelle"}]},{"@type":"WebSite","@id":"https:\/\/panomadphotographie.net\/blog\/#website","url":"https:\/\/panomadphotographie.net\/blog\/","name":"panomadphotogrpahie","description":"Phtographie","publisher":{"@id":"https:\/\/panomadphotographie.net\/blog\/#organization"},"potentialAction":[{"@type":"SearchAction","target":{"@type":"EntryPoint","urlTemplate":"https:\/\/panomadphotographie.net\/blog\/?s={search_term_string}"},"query-input":{"@type":"PropertyValueSpecification","valueRequired":true,"valueName":"search_term_string"}}],"inLanguage":"fr-FR"},{"@type":"Organization","@id":"https:\/\/panomadphotographie.net\/blog\/#organization","name":"panomad photographie","url":"https:\/\/panomadphotographie.net\/blog\/","logo":{"@type":"ImageObject","inLanguage":"fr-FR","@id":"https:\/\/panomadphotographie.net\/blog\/#\/schema\/logo\/image\/","url":"https:\/\/panomadphotographie.net\/blog\/wp-content\/uploads\/cropped-ChatGPT-Image-9-dec.-2025-00_29_22.png","contentUrl":"https:\/\/panomadphotographie.net\/blog\/wp-content\/uploads\/cropped-ChatGPT-Image-9-dec.-2025-00_29_22.png","width":1024,"height":768,"caption":"panomad photographie"},"image":{"@id":"https:\/\/panomadphotographie.net\/blog\/#\/schema\/logo\/image\/"},"sameAs":["https:\/\/www.facebook.com\/panomadphotographie\/","https:\/\/www.linkedin.com\/in\/panomadphotographie\/"]},{"@type":"Person","@id":"https:\/\/panomadphotographie.net\/blog\/#\/schema\/person\/c09ce91d646762071cbe2c4011e3fbfa","name":"pfs.panomad@gmail.com","image":{"@type":"ImageObject","inLanguage":"fr-FR","@id":"https:\/\/secure.gravatar.com\/avatar\/94cb0ece4106ebb1937fc341f90bceeb3abca5b76c465cad6e6971d0a394098e?s=96&d=mm&r=g","url":"https:\/\/secure.gravatar.com\/avatar\/94cb0ece4106ebb1937fc341f90bceeb3abca5b76c465cad6e6971d0a394098e?s=96&d=mm&r=g","contentUrl":"https:\/\/secure.gravatar.com\/avatar\/94cb0ece4106ebb1937fc341f90bceeb3abca5b76c465cad6e6971d0a394098e?s=96&d=mm&r=g","caption":"pfs.panomad@gmail.com"},"sameAs":["https:\/\/book.panomadphotographie.net"]}]}},"_links":{"self":[{"href":"https:\/\/panomadphotographie.net\/blog\/wp-json\/wp\/v2\/posts\/1283","targetHints":{"allow":["GET"]}}],"collection":[{"href":"https:\/\/panomadphotographie.net\/blog\/wp-json\/wp\/v2\/posts"}],"about":[{"href":"https:\/\/panomadphotographie.net\/blog\/wp-json\/wp\/v2\/types\/post"}],"author":[{"embeddable":true,"href":"https:\/\/panomadphotographie.net\/blog\/wp-json\/wp\/v2\/users\/1"}],"replies":[{"embeddable":true,"href":"https:\/\/panomadphotographie.net\/blog\/wp-json\/wp\/v2\/comments?post=1283"}],"version-history":[{"count":0,"href":"https:\/\/panomadphotographie.net\/blog\/wp-json\/wp\/v2\/posts\/1283\/revisions"}],"wp:featuredmedia":[{"embeddable":true,"href":"https:\/\/panomadphotographie.net\/blog\/wp-json\/wp\/v2\/media\/1485"}],"wp:attachment":[{"href":"https:\/\/panomadphotographie.net\/blog\/wp-json\/wp\/v2\/media?parent=1283"}],"wp:term":[{"taxonomy":"category","embeddable":true,"href":"https:\/\/panomadphotographie.net\/blog\/wp-json\/wp\/v2\/categories?post=1283"},{"taxonomy":"post_tag","embeddable":true,"href":"https:\/\/panomadphotographie.net\/blog\/wp-json\/wp\/v2\/tags?post=1283"}],"curies":[{"name":"wp","href":"https:\/\/api.w.org\/{rel}","templated":true}]}}