{"id":2,"count":9,"description":"Cette rubrique rassemble des pratiques visuelles et des retours d\u2019exp\u00e9rience autour de la cr\u00e9ation de contenu photo et vid\u00e9o \u00e0 Marseille. Elle explore les usages de l\u2019image, du lieu \u00e0 l\u2019humain, entre photographie, vid\u00e9o et regard contemporain.","link":"https:\/\/panomadphotographie.net\/blog\/category\/photographe-professionnel-marseille\/","name":"Regards visuels","slug":"photographe-professionnel-marseille","taxonomy":"category","parent":0,"meta":[],"yoast_head":"<!-- This site is optimized with the Yoast SEO plugin v27.2 - https:\/\/yoast.com\/product\/yoast-seo-wordpress\/ -->\n<title>Photographe professionnel Marseille \u2013 cr\u00e9ation de contenu<\/title>\n<meta name=\"description\" content=\"Photographe professionnel \u00e0 Marseille sp\u00e9cialis\u00e9 en cr\u00e9ation de contenu photo et vid\u00e9o : lieux, immobilier, projets et usages r\u00e9els.\" \/>\n<meta name=\"robots\" content=\"index, follow, max-snippet:-1, max-image-preview:large, max-video-preview:-1\" \/>\n<link rel=\"canonical\" href=\"https:\/\/panomadphotographie.net\/blog\/category\/photographe-professionnel-marseille\/\" \/>\n<meta property=\"og:locale\" content=\"fr_FR\" \/>\n<meta property=\"og:type\" content=\"article\" \/>\n<meta property=\"og:title\" content=\"Photographe professionnel Marseille \u2013 cr\u00e9ation de contenu\" \/>\n<meta property=\"og:description\" content=\"Photographe professionnel \u00e0 Marseille sp\u00e9cialis\u00e9 en cr\u00e9ation de contenu photo et vid\u00e9o : lieux, immobilier, projets et usages r\u00e9els.\" \/>\n<meta property=\"og:url\" content=\"https:\/\/panomadphotographie.net\/blog\/category\/photographe-professionnel-marseille\/\" \/>\n<meta property=\"og:site_name\" content=\"PANOMAD\" \/>\n<meta property=\"og:image\" content=\"https:\/\/panomadphotographie.net\/blog\/wp-content\/uploads\/2025\/02\/001.sans-titre.jpg\" \/>\n\t<meta property=\"og:image:width\" content=\"716\" \/>\n\t<meta property=\"og:image:height\" content=\"720\" \/>\n\t<meta property=\"og:image:type\" content=\"image\/jpeg\" \/>\n<meta name=\"twitter:card\" content=\"summary_large_image\" \/>\n<script type=\"application\/ld+json\" class=\"yoast-schema-graph\">{\"@context\":\"https:\/\/schema.org\",\"@graph\":[{\"@type\":\"CollectionPage\",\"@id\":\"https:\/\/panomadphotographie.net\/blog\/category\/photographe-professionnel-marseille\/\",\"url\":\"https:\/\/panomadphotographie.net\/blog\/category\/photographe-professionnel-marseille\/\",\"name\":\"Photographe professionnel Marseille \u2013 cr\u00e9ation de contenu\",\"isPartOf\":{\"@id\":\"https:\/\/panomadphotographie.net\/blog\/#website\"},\"description\":\"Photographe professionnel \u00e0 Marseille sp\u00e9cialis\u00e9 en cr\u00e9ation de contenu photo et vid\u00e9o : lieux, immobilier, projets et usages r\u00e9els.\",\"breadcrumb\":{\"@id\":\"https:\/\/panomadphotographie.net\/blog\/category\/photographe-professionnel-marseille\/#breadcrumb\"},\"inLanguage\":\"fr-FR\"},{\"@type\":\"BreadcrumbList\",\"@id\":\"https:\/\/panomadphotographie.net\/blog\/category\/photographe-professionnel-marseille\/#breadcrumb\",\"itemListElement\":[{\"@type\":\"ListItem\",\"position\":1,\"name\":\"Accueil\",\"item\":\"https:\/\/panomadphotographie.net\/blog\/\"},{\"@type\":\"ListItem\",\"position\":2,\"name\":\"services photo pro\"}]},{\"@type\":\"WebSite\",\"@id\":\"https:\/\/panomadphotographie.net\/blog\/#website\",\"url\":\"https:\/\/panomadphotographie.net\/blog\/\",\"name\":\"panomadphotogrpahie\",\"description\":\"Phtographie\",\"publisher\":{\"@id\":\"https:\/\/panomadphotographie.net\/blog\/#organization\"},\"potentialAction\":[{\"@type\":\"SearchAction\",\"target\":{\"@type\":\"EntryPoint\",\"urlTemplate\":\"https:\/\/panomadphotographie.net\/blog\/?s={search_term_string}\"},\"query-input\":{\"@type\":\"PropertyValueSpecification\",\"valueRequired\":true,\"valueName\":\"search_term_string\"}}],\"inLanguage\":\"fr-FR\"},{\"@type\":\"Organization\",\"@id\":\"https:\/\/panomadphotographie.net\/blog\/#organization\",\"name\":\"panomad photographie\",\"url\":\"https:\/\/panomadphotographie.net\/blog\/\",\"logo\":{\"@type\":\"ImageObject\",\"inLanguage\":\"fr-FR\",\"@id\":\"https:\/\/panomadphotographie.net\/blog\/#\/schema\/logo\/image\/\",\"url\":\"https:\/\/panomadphotographie.net\/blog\/wp-content\/uploads\/cropped-ChatGPT-Image-9-dec.-2025-00_29_22.png\",\"contentUrl\":\"https:\/\/panomadphotographie.net\/blog\/wp-content\/uploads\/cropped-ChatGPT-Image-9-dec.-2025-00_29_22.png\",\"width\":1024,\"height\":768,\"caption\":\"panomad photographie\"},\"image\":{\"@id\":\"https:\/\/panomadphotographie.net\/blog\/#\/schema\/logo\/image\/\"},\"sameAs\":[\"https:\/\/www.facebook.com\/panomadphotographie\/\",\"https:\/\/www.linkedin.com\/in\/panomadphotographie\/\"]}]}<\/script>\n<!-- \/ Yoast SEO plugin. -->","yoast_head_json":{"title":"Photographe professionnel Marseille \u2013 cr\u00e9ation de contenu","description":"Photographe professionnel \u00e0 Marseille sp\u00e9cialis\u00e9 en cr\u00e9ation de contenu photo et vid\u00e9o : lieux, immobilier, projets et usages r\u00e9els.","robots":{"index":"index","follow":"follow","max-snippet":"max-snippet:-1","max-image-preview":"max-image-preview:large","max-video-preview":"max-video-preview:-1"},"canonical":"https:\/\/panomadphotographie.net\/blog\/category\/photographe-professionnel-marseille\/","og_locale":"fr_FR","og_type":"article","og_title":"Photographe professionnel Marseille \u2013 cr\u00e9ation de contenu","og_description":"Photographe professionnel \u00e0 Marseille sp\u00e9cialis\u00e9 en cr\u00e9ation de contenu photo et vid\u00e9o : lieux, immobilier, projets et usages r\u00e9els.","og_url":"https:\/\/panomadphotographie.net\/blog\/category\/photographe-professionnel-marseille\/","og_site_name":"PANOMAD","og_image":[{"width":716,"height":720,"url":"https:\/\/panomadphotographie.net\/blog\/wp-content\/uploads\/2025\/02\/001.sans-titre.jpg","type":"image\/jpeg"}],"twitter_card":"summary_large_image","schema":{"@context":"https:\/\/schema.org","@graph":[{"@type":"CollectionPage","@id":"https:\/\/panomadphotographie.net\/blog\/category\/photographe-professionnel-marseille\/","url":"https:\/\/panomadphotographie.net\/blog\/category\/photographe-professionnel-marseille\/","name":"Photographe professionnel Marseille \u2013 cr\u00e9ation de contenu","isPartOf":{"@id":"https:\/\/panomadphotographie.net\/blog\/#website"},"description":"Photographe professionnel \u00e0 Marseille sp\u00e9cialis\u00e9 en cr\u00e9ation de contenu photo et vid\u00e9o : lieux, immobilier, projets et usages r\u00e9els.","breadcrumb":{"@id":"https:\/\/panomadphotographie.net\/blog\/category\/photographe-professionnel-marseille\/#breadcrumb"},"inLanguage":"fr-FR"},{"@type":"BreadcrumbList","@id":"https:\/\/panomadphotographie.net\/blog\/category\/photographe-professionnel-marseille\/#breadcrumb","itemListElement":[{"@type":"ListItem","position":1,"name":"Accueil","item":"https:\/\/panomadphotographie.net\/blog\/"},{"@type":"ListItem","position":2,"name":"services photo pro"}]},{"@type":"WebSite","@id":"https:\/\/panomadphotographie.net\/blog\/#website","url":"https:\/\/panomadphotographie.net\/blog\/","name":"panomadphotogrpahie","description":"Phtographie","publisher":{"@id":"https:\/\/panomadphotographie.net\/blog\/#organization"},"potentialAction":[{"@type":"SearchAction","target":{"@type":"EntryPoint","urlTemplate":"https:\/\/panomadphotographie.net\/blog\/?s={search_term_string}"},"query-input":{"@type":"PropertyValueSpecification","valueRequired":true,"valueName":"search_term_string"}}],"inLanguage":"fr-FR"},{"@type":"Organization","@id":"https:\/\/panomadphotographie.net\/blog\/#organization","name":"panomad photographie","url":"https:\/\/panomadphotographie.net\/blog\/","logo":{"@type":"ImageObject","inLanguage":"fr-FR","@id":"https:\/\/panomadphotographie.net\/blog\/#\/schema\/logo\/image\/","url":"https:\/\/panomadphotographie.net\/blog\/wp-content\/uploads\/cropped-ChatGPT-Image-9-dec.-2025-00_29_22.png","contentUrl":"https:\/\/panomadphotographie.net\/blog\/wp-content\/uploads\/cropped-ChatGPT-Image-9-dec.-2025-00_29_22.png","width":1024,"height":768,"caption":"panomad photographie"},"image":{"@id":"https:\/\/panomadphotographie.net\/blog\/#\/schema\/logo\/image\/"},"sameAs":["https:\/\/www.facebook.com\/panomadphotographie\/","https:\/\/www.linkedin.com\/in\/panomadphotographie\/"]}]}},"_links":{"self":[{"href":"https:\/\/panomadphotographie.net\/blog\/wp-json\/wp\/v2\/categories\/2","targetHints":{"allow":["GET"]}}],"collection":[{"href":"https:\/\/panomadphotographie.net\/blog\/wp-json\/wp\/v2\/categories"}],"about":[{"href":"https:\/\/panomadphotographie.net\/blog\/wp-json\/wp\/v2\/taxonomies\/category"}],"wp:post_type":[{"href":"https:\/\/panomadphotographie.net\/blog\/wp-json\/wp\/v2\/posts?categories=2"}],"curies":[{"name":"wp","href":"https:\/\/api.w.org\/{rel}","templated":true}]}}